{"id":15629,"date":"2021-04-22T17:15:17","date_gmt":"2021-04-22T15:15:17","guid":{"rendered":"https:\/\/www.inmadelvalle.com\/?p=15629"},"modified":"2024-11-21T13:01:43","modified_gmt":"2024-11-21T12:01:43","slug":"photo-session-to-pregnant-woman-in-mallorca","status":"publish","type":"post","link":"https:\/\/www.inmadelvalle.com\/en\/photo-session-to-pregnant-woman-in-mallorca\/","title":{"rendered":"PHOTO SESSION TO PREGNANT WOMAN IN MALLORCA"},"content":{"rendered":"\n<p>Photoshoot to pregnant women in Mallorca<\/p>\n\n\n\n<p>These days we are getting a lot of calls requesting <strong><a href=\"https:\/\/www.inmadelvalle.com\/en\/model-photo-shoot-in-mallorca\/\">photo sessions<\/a><\/strong>. It&#8217;s something I love to do with both adults and <a href=\"https:\/\/www.inmadelvalle.com\/en\/yacht-in-mallorca\/\">children<\/a>. There are many who want to be <strong>models<\/strong> and need a book to present to <strong><a href=\"https:\/\/www.agenciasymodelos.com\/empresas\/inma-del-valle-fotografia\">modeling agencies. <\/a><\/strong>Others want a souvenir of this time in their lives. A fortnight ago Lourdes called me asking me for something special, she told me that she would like to have a <strong>photo session to pregnant women in Mallorca<\/strong>. I was very excited because it has been a long time since I had that opportunity and it is something different and special.<\/p>\n\n\n\n<figure class=\"wp-block-image size-large\"><img fetchpriority=\"high\" decoding=\"async\" width=\"787\" height=\"525\" src=\"https:\/\/www.inmadelvalle.com\/wp-content\/uploads\/2021\/04\/sesion-de-fotos-a-embarazada-en-mallorca-13.jpg\" alt=\"&quot;ALT&quot;sesion de fotos a embarazada en mallorca amor&quot;\" class=\"wp-image-15603\" srcset=\"https:\/\/www.inmadelvalle.com\/wp-content\/uploads\/2021\/04\/sesion-de-fotos-a-embarazada-en-mallorca-13.jpg 787w, https:\/\/www.inmadelvalle.com\/wp-content\/uploads\/2021\/04\/sesion-de-fotos-a-embarazada-en-mallorca-13-300x200.jpg 300w, https:\/\/www.inmadelvalle.com\/wp-content\/uploads\/2021\/04\/sesion-de-fotos-a-embarazada-en-mallorca-13-768x512.jpg 768w, https:\/\/www.inmadelvalle.com\/wp-content\/uploads\/2021\/04\/sesion-de-fotos-a-embarazada-en-mallorca-13-585x390.jpg 585w, https:\/\/www.inmadelvalle.com\/wp-content\/uploads\/2021\/04\/sesion-de-fotos-a-embarazada-en-mallorca-13-263x175.jpg 263w\" sizes=\"(max-width: 787px) 100vw, 787px\" \/><\/figure>\n\n\n\n<p>By phone we arranged to meet in a few days when the weather was good. She really wanted to have some <strong>different photos<\/strong> that would be a good souvenir of these days. She is eight and a half months pregnant, so she is not far away from being a mum and having an incredible experience.<\/p>\n\n\n\n<h2 class=\"has-text-align-center has-text-color wp-block-heading\" id=\"h-outdoor-photo-session\" style=\"color:#c2af67\">Outdoor photo session<\/h2>\n\n\n\n<figure class=\"wp-block-image size-large\"><img decoding=\"async\" width=\"1024\" height=\"692\" src=\"https:\/\/www.inmadelvalle.com\/wp-content\/uploads\/2021\/04\/sesion-de-fotos-a-embarazada-en-mallorca-21-1024x692.jpg\" alt=\"&quot;ALT&quot;sesion de fotos a embarazada en mallorca caricias&quot;\" class=\"wp-image-15625\" srcset=\"https:\/\/www.inmadelvalle.com\/wp-content\/uploads\/2021\/04\/sesion-de-fotos-a-embarazada-en-mallorca-21-1024x692.jpg 1024w, https:\/\/www.inmadelvalle.com\/wp-content\/uploads\/2021\/04\/sesion-de-fotos-a-embarazada-en-mallorca-21-300x203.jpg 300w, https:\/\/www.inmadelvalle.com\/wp-content\/uploads\/2021\/04\/sesion-de-fotos-a-embarazada-en-mallorca-21-768x519.jpg 768w, https:\/\/www.inmadelvalle.com\/wp-content\/uploads\/2021\/04\/sesion-de-fotos-a-embarazada-en-mallorca-21-585x395.jpg 585w, https:\/\/www.inmadelvalle.com\/wp-content\/uploads\/2021\/04\/sesion-de-fotos-a-embarazada-en-mallorca-21.jpg 1181w\" sizes=\"(max-width: 1024px) 100vw, 1024px\" \/><\/figure>\n\n\n\n<p>We met in a place that I really like in Mallorca. It&#8217;s special and I wanted this <strong>photo session to pregnant women in Mallorca<\/strong> to be there. At first Lourdes was going to come alone but then her boyfriend decided to come with her.<\/p>\n\n\n\n<figure class=\"wp-block-image size-large\"><img decoding=\"async\" width=\"1024\" height=\"683\" src=\"https:\/\/www.inmadelvalle.com\/wp-content\/uploads\/2021\/04\/sesion-de-fotos-a-embarazada-en-mallorca-02-1024x683.jpg\" alt=\"&quot;ALT&quot;sesion de fotos a embarazada en mallorca&quot;\" class=\"wp-image-15593\" srcset=\"https:\/\/www.inmadelvalle.com\/wp-content\/uploads\/2021\/04\/sesion-de-fotos-a-embarazada-en-mallorca-02-1024x683.jpg 1024w, https:\/\/www.inmadelvalle.com\/wp-content\/uploads\/2021\/04\/sesion-de-fotos-a-embarazada-en-mallorca-02-300x200.jpg 300w, https:\/\/www.inmadelvalle.com\/wp-content\/uploads\/2021\/04\/sesion-de-fotos-a-embarazada-en-mallorca-02-768x512.jpg 768w, https:\/\/www.inmadelvalle.com\/wp-content\/uploads\/2021\/04\/sesion-de-fotos-a-embarazada-en-mallorca-02-585x390.jpg 585w, https:\/\/www.inmadelvalle.com\/wp-content\/uploads\/2021\/04\/sesion-de-fotos-a-embarazada-en-mallorca-02-263x175.jpg 263w, https:\/\/www.inmadelvalle.com\/wp-content\/uploads\/2021\/04\/sesion-de-fotos-a-embarazada-en-mallorca-02.jpg 1181w\" sizes=\"(max-width: 1024px) 100vw, 1024px\" \/><\/figure>\n\n\n\n<p>When we saw each other I immediately thought they were a super cute couple. I was glad he had come because I could tell it was going to be a really <a href=\"https:\/\/www.inmadelvalle.com\/en\/couples-photo-shoot\/\">cool session<\/a> with both of them. He apparently wanted to go spearfishing so he brought all the equipment with him, even the wetsuit.<\/p>\n\n\n\n<figure class=\"wp-block-image size-large\"><img loading=\"lazy\" decoding=\"async\" width=\"682\" height=\"1024\" src=\"https:\/\/www.inmadelvalle.com\/wp-content\/uploads\/2021\/04\/sesion-de-fotos-a-embarazada-en-mallorca-17-682x1024.jpg\" alt=\"&quot;ALT&quot;sesion de fotos a embarazada en mallorca futura madre&quot;\" class=\"wp-image-15611\" srcset=\"https:\/\/www.inmadelvalle.com\/wp-content\/uploads\/2021\/04\/sesion-de-fotos-a-embarazada-en-mallorca-17-682x1024.jpg 682w, https:\/\/www.inmadelvalle.com\/wp-content\/uploads\/2021\/04\/sesion-de-fotos-a-embarazada-en-mallorca-17-200x300.jpg 200w, https:\/\/www.inmadelvalle.com\/wp-content\/uploads\/2021\/04\/sesion-de-fotos-a-embarazada-en-mallorca-17-768x1152.jpg 768w, https:\/\/www.inmadelvalle.com\/wp-content\/uploads\/2021\/04\/sesion-de-fotos-a-embarazada-en-mallorca-17-585x878.jpg 585w, https:\/\/www.inmadelvalle.com\/wp-content\/uploads\/2021\/04\/sesion-de-fotos-a-embarazada-en-mallorca-17.jpg 787w\" sizes=\"(max-width: 682px) 100vw, 682px\" \/><\/figure>\n\n\n\n<p>We went through the part of the forest where it crossed to go to where I wanted the <strong>photo session to pregnant woman in Mallorca <\/strong>to be. Suddenly in a very beautiful part the light was brutal, we left everything on the ground and I started to take pictures of the two of them.<\/p>\n\n\n\n<figure class=\"wp-block-image size-large\"><img loading=\"lazy\" decoding=\"async\" width=\"1024\" height=\"683\" src=\"https:\/\/www.inmadelvalle.com\/wp-content\/uploads\/2021\/04\/sesion-de-fotos-a-embarazada-en-mallorca-15-1024x683.jpg\" alt=\"&quot;ALT&quot;sesion de fotos a embarazada en mallorca bosque&quot;\" class=\"wp-image-15607\" srcset=\"https:\/\/www.inmadelvalle.com\/wp-content\/uploads\/2021\/04\/sesion-de-fotos-a-embarazada-en-mallorca-15-1024x683.jpg 1024w, https:\/\/www.inmadelvalle.com\/wp-content\/uploads\/2021\/04\/sesion-de-fotos-a-embarazada-en-mallorca-15-300x200.jpg 300w, https:\/\/www.inmadelvalle.com\/wp-content\/uploads\/2021\/04\/sesion-de-fotos-a-embarazada-en-mallorca-15-768x512.jpg 768w, https:\/\/www.inmadelvalle.com\/wp-content\/uploads\/2021\/04\/sesion-de-fotos-a-embarazada-en-mallorca-15-585x390.jpg 585w, https:\/\/www.inmadelvalle.com\/wp-content\/uploads\/2021\/04\/sesion-de-fotos-a-embarazada-en-mallorca-15-263x175.jpg 263w, https:\/\/www.inmadelvalle.com\/wp-content\/uploads\/2021\/04\/sesion-de-fotos-a-embarazada-en-mallorca-15.jpg 1181w\" sizes=\"(max-width: 1024px) 100vw, 1024px\" \/><\/figure>\n\n\n\n<p>While they were getting into the situation, which is never easy being in front of a camera, I asked them questions. I was curious to know how they had met and the answer was funny. They are both from Valencia and it seems that at that time Lourdes had an garden where she grew avocados and was very proud of it. When they met, he found it interesting or thought it was interesting and paid attention to it. This of course had an effect on Lourdes, things got off to a good start and here we are.<\/p>\n\n\n\n<figure class=\"wp-block-image size-large\"><img loading=\"lazy\" decoding=\"async\" width=\"682\" height=\"1024\" src=\"https:\/\/www.inmadelvalle.com\/wp-content\/uploads\/2021\/04\/sesion-de-fotos-a-embarazada-en-mallorca-12-682x1024.jpg\" alt=\"&quot;ALT&quot;sesion de fotos a embarazada en mallorca mirada tierna&quot;\" class=\"wp-image-15601\" srcset=\"https:\/\/www.inmadelvalle.com\/wp-content\/uploads\/2021\/04\/sesion-de-fotos-a-embarazada-en-mallorca-12-682x1024.jpg 682w, https:\/\/www.inmadelvalle.com\/wp-content\/uploads\/2021\/04\/sesion-de-fotos-a-embarazada-en-mallorca-12-200x300.jpg 200w, https:\/\/www.inmadelvalle.com\/wp-content\/uploads\/2021\/04\/sesion-de-fotos-a-embarazada-en-mallorca-12-768x1152.jpg 768w, https:\/\/www.inmadelvalle.com\/wp-content\/uploads\/2021\/04\/sesion-de-fotos-a-embarazada-en-mallorca-12-585x878.jpg 585w, https:\/\/www.inmadelvalle.com\/wp-content\/uploads\/2021\/04\/sesion-de-fotos-a-embarazada-en-mallorca-12.jpg 787w\" sizes=\"(max-width: 682px) 100vw, 682px\" \/><\/figure>\n\n\n\n<h2 class=\"has-text-align-center has-text-color wp-block-heading\" id=\"h-embarazada-e-investigadora\" style=\"color:#c2af67\">Embarazada e investigadora<\/h2>\n\n\n\n<figure class=\"wp-block-image size-large\"><img loading=\"lazy\" decoding=\"async\" width=\"1024\" height=\"683\" src=\"https:\/\/www.inmadelvalle.com\/wp-content\/uploads\/2021\/04\/sesion-de-fotos-a-embarazada-en-mallorca-18-1024x683.jpg\" alt=\"&quot;ALT&quot;sesion de fotos a embarazada en mallorca beso&quot;\" class=\"wp-image-15619\" srcset=\"https:\/\/www.inmadelvalle.com\/wp-content\/uploads\/2021\/04\/sesion-de-fotos-a-embarazada-en-mallorca-18-1024x683.jpg 1024w, https:\/\/www.inmadelvalle.com\/wp-content\/uploads\/2021\/04\/sesion-de-fotos-a-embarazada-en-mallorca-18-300x200.jpg 300w, https:\/\/www.inmadelvalle.com\/wp-content\/uploads\/2021\/04\/sesion-de-fotos-a-embarazada-en-mallorca-18-768x512.jpg 768w, https:\/\/www.inmadelvalle.com\/wp-content\/uploads\/2021\/04\/sesion-de-fotos-a-embarazada-en-mallorca-18-585x390.jpg 585w, https:\/\/www.inmadelvalle.com\/wp-content\/uploads\/2021\/04\/sesion-de-fotos-a-embarazada-en-mallorca-18-263x175.jpg 263w, https:\/\/www.inmadelvalle.com\/wp-content\/uploads\/2021\/04\/sesion-de-fotos-a-embarazada-en-mallorca-18.jpg 1181w\" sizes=\"(max-width: 1024px) 100vw, 1024px\" \/><\/figure>\n\n\n\n<p>Another curious thing about Lourdes is that she is a maternity nurse and she is preparing an investigation on how Covid affects pregnant women. It seems incredible to me to do this in these scary times we live in and, of course, when she is pregnant.<\/p>\n\n\n\n<figure class=\"wp-block-image size-large\"><img loading=\"lazy\" decoding=\"async\" width=\"682\" height=\"1024\" src=\"https:\/\/www.inmadelvalle.com\/wp-content\/uploads\/2021\/04\/sesion-de-fotos-a-embarazada-en-mallorca-19-682x1024.jpg\" alt=\"&quot;ALT&quot;sesion de fotos a embarazada en mallorca detalle&quot;\" class=\"wp-image-15621\" srcset=\"https:\/\/www.inmadelvalle.com\/wp-content\/uploads\/2021\/04\/sesion-de-fotos-a-embarazada-en-mallorca-19-682x1024.jpg 682w, https:\/\/www.inmadelvalle.com\/wp-content\/uploads\/2021\/04\/sesion-de-fotos-a-embarazada-en-mallorca-19-200x300.jpg 200w, https:\/\/www.inmadelvalle.com\/wp-content\/uploads\/2021\/04\/sesion-de-fotos-a-embarazada-en-mallorca-19-768x1152.jpg 768w, https:\/\/www.inmadelvalle.com\/wp-content\/uploads\/2021\/04\/sesion-de-fotos-a-embarazada-en-mallorca-19-585x878.jpg 585w, https:\/\/www.inmadelvalle.com\/wp-content\/uploads\/2021\/04\/sesion-de-fotos-a-embarazada-en-mallorca-19.jpg 787w\" sizes=\"(max-width: 682px) 100vw, 682px\" \/><\/figure>\n\n\n\n<p>This <strong>photo session to pregnant women in Mallorca<\/strong> was being very interesting. Another detail they told us was that they wanted the child to be called Benjamin because it is going to be a boy. The father&#8217;s name is Benjamin and it is a name that they both like, although it was not completely decided. They had another story on this topic and it was fun to listen to them talking to each other.<\/p>\n\n\n\n<figure class=\"wp-block-image size-large\"><img loading=\"lazy\" decoding=\"async\" width=\"682\" height=\"1024\" src=\"https:\/\/www.inmadelvalle.com\/wp-content\/uploads\/2021\/04\/sesion-de-fotos-a-embarazada-en-mallorca-14-682x1024.jpg\" alt=\"&quot;ALT&quot;sesion de fotos a embarazada en mallorca conversando&quot;\" class=\"wp-image-15605\" srcset=\"https:\/\/www.inmadelvalle.com\/wp-content\/uploads\/2021\/04\/sesion-de-fotos-a-embarazada-en-mallorca-14-682x1024.jpg 682w, https:\/\/www.inmadelvalle.com\/wp-content\/uploads\/2021\/04\/sesion-de-fotos-a-embarazada-en-mallorca-14-200x300.jpg 200w, https:\/\/www.inmadelvalle.com\/wp-content\/uploads\/2021\/04\/sesion-de-fotos-a-embarazada-en-mallorca-14-768x1152.jpg 768w, https:\/\/www.inmadelvalle.com\/wp-content\/uploads\/2021\/04\/sesion-de-fotos-a-embarazada-en-mallorca-14-585x878.jpg 585w, https:\/\/www.inmadelvalle.com\/wp-content\/uploads\/2021\/04\/sesion-de-fotos-a-embarazada-en-mallorca-14.jpg 787w\" sizes=\"(max-width: 682px) 100vw, 682px\" \/><\/figure>\n\n\n\n<p>After crossing the forest we arrived at the rocky area and the sea where I wanted to do t<a href=\"https:\/\/www.inmadelvalle.com\/en\/couples-photo-shoot\/\">he session<\/a>. I could already see him wanting to put on his wetsuit to get into the water because it is a spectacular place. I wanted to take advantage of him a little bit more and take pictures together in different places where the rocks were.<\/p>\n\n\n\n<figure class=\"wp-block-image size-large\"><img loading=\"lazy\" decoding=\"async\" width=\"682\" height=\"1024\" src=\"https:\/\/www.inmadelvalle.com\/wp-content\/uploads\/2021\/04\/sesion-de-fotos-a-embarazada-en-mallorca-20-682x1024.jpg\" alt=\"&quot;ALT&quot;sesion de fotos a embarazada en mallorca en blanco y negro&quot;\" class=\"wp-image-15623\" srcset=\"https:\/\/www.inmadelvalle.com\/wp-content\/uploads\/2021\/04\/sesion-de-fotos-a-embarazada-en-mallorca-20-682x1024.jpg 682w, https:\/\/www.inmadelvalle.com\/wp-content\/uploads\/2021\/04\/sesion-de-fotos-a-embarazada-en-mallorca-20-200x300.jpg 200w, https:\/\/www.inmadelvalle.com\/wp-content\/uploads\/2021\/04\/sesion-de-fotos-a-embarazada-en-mallorca-20-768x1152.jpg 768w, https:\/\/www.inmadelvalle.com\/wp-content\/uploads\/2021\/04\/sesion-de-fotos-a-embarazada-en-mallorca-20-585x878.jpg 585w, https:\/\/www.inmadelvalle.com\/wp-content\/uploads\/2021\/04\/sesion-de-fotos-a-embarazada-en-mallorca-20.jpg 787w\" sizes=\"(max-width: 682px) 100vw, 682px\" \/><\/figure>\n\n\n\n<p>He listened to me and I tried to be as quick as possible so that he could take advantage of the little bit of daylight he was going to have to get into the cold water. Because it&#8217;s March and well, during the day it&#8217;s sometimes hot depending on the weather, but getting into the water is something else, no matter how much neoprene there is.<\/p>\n\n\n\n<figure class=\"wp-block-image size-large\"><img loading=\"lazy\" decoding=\"async\" width=\"1024\" height=\"744\" src=\"https:\/\/www.inmadelvalle.com\/wp-content\/uploads\/2021\/04\/sesion-de-fotos-a-embarazada-en-mallorca-07-1024x744.jpg\" alt=\"&quot;ALT&quot;sesion de fotos a embarazada en mallorca blanco y negro&quot;\" class=\"wp-image-15599\" srcset=\"https:\/\/www.inmadelvalle.com\/wp-content\/uploads\/2021\/04\/sesion-de-fotos-a-embarazada-en-mallorca-07-1024x744.jpg 1024w, https:\/\/www.inmadelvalle.com\/wp-content\/uploads\/2021\/04\/sesion-de-fotos-a-embarazada-en-mallorca-07-300x218.jpg 300w, https:\/\/www.inmadelvalle.com\/wp-content\/uploads\/2021\/04\/sesion-de-fotos-a-embarazada-en-mallorca-07-768x558.jpg 768w, https:\/\/www.inmadelvalle.com\/wp-content\/uploads\/2021\/04\/sesion-de-fotos-a-embarazada-en-mallorca-07-585x425.jpg 585w, https:\/\/www.inmadelvalle.com\/wp-content\/uploads\/2021\/04\/sesion-de-fotos-a-embarazada-en-mallorca-07.jpg 1181w\" sizes=\"(max-width: 1024px) 100vw, 1024px\" \/><\/figure>\n\n\n\n<h2 class=\"has-text-align-center has-text-color wp-block-heading\" id=\"h-woman-with-personality\" style=\"color:#c2af67\">Woman with personality<\/h2>\n\n\n\n<p>After shooting them together I took Lourdes and took her to different places. She was open to all kinds of different photos. When she called me she knew that <strong>I&#8217;m not the typical photographer <\/strong>who poses like this and poses like that, that&#8217; s why she also called me of course. She wanted something different and although she had several wardrobe changes we used very little clothing. This <strong>photo session to a pregnant woman in Mallorca<\/strong> turned out to be very natural and special.<\/p>\n\n\n\n<p>Apart from being pregnant I wanted to show her as a woman and not only as a mother-to-be. She herself told me that it was curious how since she was pregnant everyone treated her differently and that this didn&#8217;t suit her. She is a strong woman with a lot of personality, so I wanted photos that showed that.<\/p>\n\n\n\n<figure class=\"wp-block-image size-large\"><img loading=\"lazy\" decoding=\"async\" width=\"1024\" height=\"683\" src=\"https:\/\/www.inmadelvalle.com\/wp-content\/uploads\/2021\/04\/sesion-de-fotos-a-embarazada-en-mallorca-05-1024x683.jpg\" alt=\"&quot;ALT&quot;sesion de fotos a embarazada en mallorca risas&quot;\" class=\"wp-image-15597\" srcset=\"https:\/\/www.inmadelvalle.com\/wp-content\/uploads\/2021\/04\/sesion-de-fotos-a-embarazada-en-mallorca-05-1024x683.jpg 1024w, https:\/\/www.inmadelvalle.com\/wp-content\/uploads\/2021\/04\/sesion-de-fotos-a-embarazada-en-mallorca-05-300x200.jpg 300w, https:\/\/www.inmadelvalle.com\/wp-content\/uploads\/2021\/04\/sesion-de-fotos-a-embarazada-en-mallorca-05-768x512.jpg 768w, https:\/\/www.inmadelvalle.com\/wp-content\/uploads\/2021\/04\/sesion-de-fotos-a-embarazada-en-mallorca-05-585x390.jpg 585w, https:\/\/www.inmadelvalle.com\/wp-content\/uploads\/2021\/04\/sesion-de-fotos-a-embarazada-en-mallorca-05-263x175.jpg 263w, https:\/\/www.inmadelvalle.com\/wp-content\/uploads\/2021\/04\/sesion-de-fotos-a-embarazada-en-mallorca-05.jpg 1181w\" sizes=\"(max-width: 1024px) 100vw, 1024px\" \/><\/figure>\n\n\n\n<p>As the sun went down the sunset was super beautiful. Benjamin could be seen with his snorkel circling and slowly approaching the shore. When he came out I tried once again to get him to join us so we could take some final photos with the two of them together. The poor guy was shivering from the cold, he was all wet and the truth is that he didn&#8217;t protest too much and let himself go. We were very lucky in this <strong>photo session for pregnant women in Mallorca <\/strong>with this couple.<\/p>\n\n\n\n<figure class=\"wp-block-image size-large\"><img loading=\"lazy\" decoding=\"async\" width=\"1024\" height=\"713\" src=\"https:\/\/www.inmadelvalle.com\/wp-content\/uploads\/2021\/04\/sesion-de-fotos-a-embarazada-en-mallorca-03-1024x713.jpg\" alt=\"&quot;ALT&quot;sesion de fotos a embarazada en mallorca pareja&quot;\" class=\"wp-image-15595\" srcset=\"https:\/\/www.inmadelvalle.com\/wp-content\/uploads\/2021\/04\/sesion-de-fotos-a-embarazada-en-mallorca-03-1024x713.jpg 1024w, https:\/\/www.inmadelvalle.com\/wp-content\/uploads\/2021\/04\/sesion-de-fotos-a-embarazada-en-mallorca-03-300x209.jpg 300w, https:\/\/www.inmadelvalle.com\/wp-content\/uploads\/2021\/04\/sesion-de-fotos-a-embarazada-en-mallorca-03-768x535.jpg 768w, https:\/\/www.inmadelvalle.com\/wp-content\/uploads\/2021\/04\/sesion-de-fotos-a-embarazada-en-mallorca-03-585x407.jpg 585w, https:\/\/www.inmadelvalle.com\/wp-content\/uploads\/2021\/04\/sesion-de-fotos-a-embarazada-en-mallorca-03.jpg 1181w\" sizes=\"(max-width: 1024px) 100vw, 1024px\" \/><\/figure>\n\n\n\n<p>We took advantage until the last moment and seeing that there was no light left we ended the session and went back to the cars. I thank them for having trusted me and I hope everything goes well, I&#8217;m sure they will be super parents. It was lovely to meet them and I&#8217;m sure we&#8217;ll see each other for a few beers in the future.<\/p>\n\n\n\n<h2 class=\"wp-block-heading\" id=\"h-photo-session-to-pregnant-woman-in-mallorca\">Photo session to pregnant woman in Mallorca<\/h2>\n\n\n<div class=\"kk-star-ratings kksr-auto kksr-align-center kksr-valign-bottom\"\n    data-payload='{&quot;align&quot;:&quot;center&quot;,&quot;id&quot;:&quot;15629&quot;,&quot;slug&quot;:&quot;default&quot;,&quot;valign&quot;:&quot;bottom&quot;,&quot;ignore&quot;:&quot;&quot;,&quot;reference&quot;:&quot;auto&quot;,&quot;class&quot;:&quot;&quot;,&quot;count&quot;:&quot;0&quot;,&quot;legendonly&quot;:&quot;&quot;,&quot;readonly&quot;:&quot;&quot;,&quot;score&quot;:&quot;0&quot;,&quot;starsonly&quot;:&quot;&quot;,&quot;best&quot;:&quot;5&quot;,&quot;gap&quot;:&quot;4&quot;,&quot;greet&quot;:&quot;Valora este art\u00edculo, gracias por tu opini\u00f3n&quot;,&quot;legend&quot;:&quot;0\\\/5 - (0 votes)&quot;,&quot;size&quot;:&quot;24&quot;,&quot;title&quot;:&quot;PHOTO SESSION TO PREGNANT WOMAN IN MALLORCA&quot;,&quot;width&quot;:&quot;0&quot;,&quot;_legend&quot;:&quot;{score}\\\/{best} - ({count} {votes})&quot;,&quot;font_factor&quot;:&quot;1.25&quot;}'>\n            \n<div class=\"kksr-stars\">\n    \n<div class=\"kksr-stars-inactive\">\n            <div class=\"kksr-star\" data-star=\"1\" style=\"padding-right: 4px\">\n            \n\n<div class=\"kksr-icon\" style=\"width: 24px; height: 24px;\"><\/div>\n        <\/div>\n            <div class=\"kksr-star\" data-star=\"2\" style=\"padding-right: 4px\">\n            \n\n<div class=\"kksr-icon\" style=\"width: 24px; height: 24px;\"><\/div>\n        <\/div>\n            <div class=\"kksr-star\" data-star=\"3\" style=\"padding-right: 4px\">\n            \n\n<div class=\"kksr-icon\" style=\"width: 24px; height: 24px;\"><\/div>\n        <\/div>\n            <div class=\"kksr-star\" data-star=\"4\" style=\"padding-right: 4px\">\n            \n\n<div class=\"kksr-icon\" style=\"width: 24px; height: 24px;\"><\/div>\n        <\/div>\n            <div class=\"kksr-star\" data-star=\"5\" style=\"padding-right: 4px\">\n            \n\n<div class=\"kksr-icon\" style=\"width: 24px; height: 24px;\"><\/div>\n        <\/div>\n    <\/div>\n    \n<div class=\"kksr-stars-active\" style=\"width: 0px;\">\n            <div class=\"kksr-star\" style=\"padding-right: 4px\">\n            \n\n<div class=\"kksr-icon\" style=\"width: 24px; height: 24px;\"><\/div>\n        <\/div>\n            <div class=\"kksr-star\" style=\"padding-right: 4px\">\n            \n\n<div class=\"kksr-icon\" style=\"width: 24px; height: 24px;\"><\/div>\n        <\/div>\n            <div class=\"kksr-star\" style=\"padding-right: 4px\">\n            \n\n<div class=\"kksr-icon\" style=\"width: 24px; height: 24px;\"><\/div>\n        <\/div>\n            <div class=\"kksr-star\" style=\"padding-right: 4px\">\n            \n\n<div class=\"kksr-icon\" style=\"width: 24px; height: 24px;\"><\/div>\n        <\/div>\n            <div class=\"kksr-star\" style=\"padding-right: 4px\">\n            \n\n<div class=\"kksr-icon\" style=\"width: 24px; height: 24px;\"><\/div>\n        <\/div>\n    <\/div>\n<\/div>\n                \n\n<div class=\"kksr-legend\" style=\"font-size: 19.2px;\">\n            <span class=\"kksr-muted\">Valora este art\u00edculo, gracias por tu opini\u00f3n<\/span>\n    <\/div>\n    <\/div>\n","protected":false},"excerpt":{"rendered":"<p>Photoshoot to pregnant women in Mallorca These days we are getting a lot of calls requesting photo sessions. It&#8217;s something&hellip;<\/p>\n","protected":false},"author":1,"featured_media":15609,"comment_status":"open","ping_status":"open","sticky":false,"template":"","format":"standard","meta":{"_acf_changed":false,"_lmt_disableupdate":"","_lmt_disable":"","footnotes":""},"categories":[5095],"tags":[4462,4464,4463],"class_list":["post-15629","post","type-post","status-publish","format-standard","has-post-thumbnail","hentry","category-pregnant-shooting-in-mallorca","tag-photo-session-to-pregnant-woman-in-mallorca","tag-photoshoot-of-pregnant-woman-in-mallorca","tag-pregnancy-photo-session-in-mallorca"],"acf":[],"yoast_head":"<!-- This site is optimized with the Yoast SEO Premium plugin v27.5 (Yoast SEO v27.5) - https:\/\/yoast.com\/product\/yoast-seo-premium-wordpress\/ -->\n<title>Photo session to pregnant woman in Mallorca by Inma del Valle.<\/title>\n<meta name=\"description\" content=\"Photo session to pregnant woman in Mallorca by Inma del Valle Photography. Beautiful session in a beach and forest in Mallorca.\" \/>\n<meta name=\"robots\" content=\"index, follow, max-snippet:-1, max-image-preview:large, max-video-preview:-1\" \/>\n<link rel=\"canonical\" href=\"https:\/\/www.inmadelvalle.com\/en\/photo-session-to-pregnant-woman-in-mallorca\/\" \/>\n<meta property=\"og:locale\" content=\"en_US\" \/>\n<meta property=\"og:type\" content=\"article\" \/>\n<meta property=\"og:title\" content=\"PHOTO SESSION TO PREGNANT WOMAN IN MALLORCA\" \/>\n<meta property=\"og:description\" content=\"Photo session to pregnant woman in Mallorca by Inma del Valle Photography. Beautiful session in a beach and forest in Mallorca.\" \/>\n<meta property=\"og:url\" content=\"https:\/\/www.inmadelvalle.com\/en\/photo-session-to-pregnant-woman-in-mallorca\/\" \/>\n<meta property=\"og:site_name\" content=\"[English] Photographers Mallorca | Inma del Valle | Wedding photographers Mallorca\" \/>\n<meta property=\"article:publisher\" content=\"https:\/\/es-la.facebook.com\/InmadelValle\" \/>\n<meta property=\"article:published_time\" content=\"2021-04-22T15:15:17+00:00\" \/>\n<meta property=\"article:modified_time\" content=\"2024-11-21T12:01:43+00:00\" \/>\n<meta property=\"og:image\" content=\"https:\/\/www.inmadelvalle.com\/wp-content\/uploads\/2021\/04\/sesion-de-fotos-a-embarazada-en-mallorca-16.jpg\" \/>\n\t<meta property=\"og:image:width\" content=\"1181\" \/>\n\t<meta property=\"og:image:height\" content=\"788\" \/>\n\t<meta property=\"og:image:type\" content=\"image\/jpeg\" \/>\n<meta name=\"twitter:card\" content=\"summary_large_image\" \/>\n<meta name=\"twitter:creator\" content=\"@Emibel1984\" \/>\n<meta name=\"twitter:site\" content=\"@Emibel1984\" \/>\n<meta name=\"twitter:label1\" content=\"Written by\" \/>\n\t<meta name=\"twitter:data1\" content=\"\" \/>\n\t<meta name=\"twitter:label2\" content=\"Est. reading time\" \/>\n\t<meta name=\"twitter:data2\" content=\"8 minutes\" \/>\n<script type=\"application\/ld+json\" class=\"yoast-schema-graph\">{\"@context\":\"https:\\\/\\\/schema.org\",\"@graph\":[{\"@type\":\"Article\",\"@id\":\"https:\\\/\\\/www.inmadelvalle.com\\\/en\\\/photo-session-to-pregnant-woman-in-mallorca\\\/#article\",\"isPartOf\":{\"@id\":\"https:\\\/\\\/www.inmadelvalle.com\\\/en\\\/photo-session-to-pregnant-woman-in-mallorca\\\/\"},\"author\":{\"name\":\"\",\"@id\":\"\"},\"headline\":\"PHOTO SESSION TO PREGNANT WOMAN IN MALLORCA\",\"datePublished\":\"2021-04-22T15:15:17+00:00\",\"dateModified\":\"2024-11-21T12:01:43+00:00\",\"mainEntityOfPage\":{\"@id\":\"https:\\\/\\\/www.inmadelvalle.com\\\/en\\\/photo-session-to-pregnant-woman-in-mallorca\\\/\"},\"wordCount\":994,\"commentCount\":0,\"publisher\":{\"@id\":\"https:\\\/\\\/www.inmadelvalle.com\\\/en\\\/#organization\"},\"image\":{\"@id\":\"https:\\\/\\\/www.inmadelvalle.com\\\/en\\\/photo-session-to-pregnant-woman-in-mallorca\\\/#primaryimage\"},\"thumbnailUrl\":\"https:\\\/\\\/www.inmadelvalle.com\\\/wp-content\\\/uploads\\\/2021\\\/04\\\/sesion-de-fotos-a-embarazada-en-mallorca-16.jpg\",\"keywords\":[\"Photo session to pregnant woman in Mallorca\",\"Photoshoot of pregnant woman in Mallorca\",\"Pregnancy photo session in Mallorca\"],\"articleSection\":[\"pregnant shooting in mallorca\"],\"inLanguage\":\"en-US\",\"potentialAction\":[{\"@type\":\"CommentAction\",\"name\":\"Comment\",\"target\":[\"https:\\\/\\\/www.inmadelvalle.com\\\/en\\\/photo-session-to-pregnant-woman-in-mallorca\\\/#respond\"]}]},{\"@type\":\"WebPage\",\"@id\":\"https:\\\/\\\/www.inmadelvalle.com\\\/en\\\/photo-session-to-pregnant-woman-in-mallorca\\\/\",\"url\":\"https:\\\/\\\/www.inmadelvalle.com\\\/en\\\/photo-session-to-pregnant-woman-in-mallorca\\\/\",\"name\":\"Photo session to pregnant woman in Mallorca by Inma del Valle.\",\"isPartOf\":{\"@id\":\"https:\\\/\\\/www.inmadelvalle.com\\\/en\\\/#website\"},\"primaryImageOfPage\":{\"@id\":\"https:\\\/\\\/www.inmadelvalle.com\\\/en\\\/photo-session-to-pregnant-woman-in-mallorca\\\/#primaryimage\"},\"image\":{\"@id\":\"https:\\\/\\\/www.inmadelvalle.com\\\/en\\\/photo-session-to-pregnant-woman-in-mallorca\\\/#primaryimage\"},\"thumbnailUrl\":\"https:\\\/\\\/www.inmadelvalle.com\\\/wp-content\\\/uploads\\\/2021\\\/04\\\/sesion-de-fotos-a-embarazada-en-mallorca-16.jpg\",\"datePublished\":\"2021-04-22T15:15:17+00:00\",\"dateModified\":\"2024-11-21T12:01:43+00:00\",\"description\":\"Photo session to pregnant woman in Mallorca by Inma del Valle Photography. Beautiful session in a beach and forest in Mallorca.\",\"breadcrumb\":{\"@id\":\"https:\\\/\\\/www.inmadelvalle.com\\\/en\\\/photo-session-to-pregnant-woman-in-mallorca\\\/#breadcrumb\"},\"inLanguage\":\"en-US\",\"potentialAction\":[{\"@type\":\"ReadAction\",\"target\":[\"https:\\\/\\\/www.inmadelvalle.com\\\/en\\\/photo-session-to-pregnant-woman-in-mallorca\\\/\"]}]},{\"@type\":\"ImageObject\",\"inLanguage\":\"en-US\",\"@id\":\"https:\\\/\\\/www.inmadelvalle.com\\\/en\\\/photo-session-to-pregnant-woman-in-mallorca\\\/#primaryimage\",\"url\":\"https:\\\/\\\/www.inmadelvalle.com\\\/wp-content\\\/uploads\\\/2021\\\/04\\\/sesion-de-fotos-a-embarazada-en-mallorca-16.jpg\",\"contentUrl\":\"https:\\\/\\\/www.inmadelvalle.com\\\/wp-content\\\/uploads\\\/2021\\\/04\\\/sesion-de-fotos-a-embarazada-en-mallorca-16.jpg\",\"width\":1181,\"height\":788,\"caption\":\"Sesi\u00f3n de fotos de embarazo en Mallorca con una pareja al atardecer sobre los acantilados\"},{\"@type\":\"BreadcrumbList\",\"@id\":\"https:\\\/\\\/www.inmadelvalle.com\\\/en\\\/photo-session-to-pregnant-woman-in-mallorca\\\/#breadcrumb\",\"itemListElement\":[{\"@type\":\"ListItem\",\"position\":1,\"name\":\"Portada\",\"item\":\"https:\\\/\\\/www.inmadelvalle.com\\\/en\\\/\"},{\"@type\":\"ListItem\",\"position\":2,\"name\":\"PHOTO SESSION TO PREGNANT WOMAN IN MALLORCA\"}]},{\"@type\":\"WebSite\",\"@id\":\"https:\\\/\\\/www.inmadelvalle.com\\\/en\\\/#website\",\"url\":\"https:\\\/\\\/www.inmadelvalle.com\\\/en\\\/\",\"name\":\"[English] Photographers Mallorca | Inma del Valle | Wedding photographers Mallorca\",\"description\":\"[English] Fot\u00f3grafo en Mallorca | Inma del Valle | Fot\u00f3grafos de bodas en Mallorca | Ten un recuerdo original y elegante del d\u00eda de tu boda. Wedding photographer.\",\"publisher\":{\"@id\":\"https:\\\/\\\/www.inmadelvalle.com\\\/en\\\/#organization\"},\"potentialAction\":[{\"@type\":\"SearchAction\",\"target\":{\"@type\":\"EntryPoint\",\"urlTemplate\":\"https:\\\/\\\/www.inmadelvalle.com\\\/en\\\/?s={search_term_string}\"},\"query-input\":{\"@type\":\"PropertyValueSpecification\",\"valueRequired\":true,\"valueName\":\"search_term_string\"}}],\"inLanguage\":\"en-US\"},{\"@type\":\"Organization\",\"@id\":\"https:\\\/\\\/www.inmadelvalle.com\\\/en\\\/#organization\",\"name\":\"Inma del Valle fotograf\u00eda\",\"url\":\"https:\\\/\\\/www.inmadelvalle.com\\\/en\\\/\",\"logo\":{\"@type\":\"ImageObject\",\"inLanguage\":\"en-US\",\"@id\":\"https:\\\/\\\/www.inmadelvalle.com\\\/en\\\/#\\\/schema\\\/logo\\\/image\\\/\",\"url\":\"https:\\\/\\\/www.inmadelvalle.com\\\/wp-content\\\/uploads\\\/2018\\\/11\\\/foto\u0301grafo-en-mallorca-logo.png\",\"contentUrl\":\"https:\\\/\\\/www.inmadelvalle.com\\\/wp-content\\\/uploads\\\/2018\\\/11\\\/foto\u0301grafo-en-mallorca-logo.png\",\"width\":486,\"height\":408,\"caption\":\"Inma del Valle fotograf\u00eda\"},\"image\":{\"@id\":\"https:\\\/\\\/www.inmadelvalle.com\\\/en\\\/#\\\/schema\\\/logo\\\/image\\\/\"},\"sameAs\":[\"https:\\\/\\\/es-la.facebook.com\\\/InmadelValle\",\"https:\\\/\\\/x.com\\\/Emibel1984\",\"https:\\\/\\\/www.instagram.com\\\/inmadelvallephotography\\\/\",\"https:\\\/\\\/www.linkedin.com\\\/in\\\/inmadelvalle\\\/\",\"https:\\\/\\\/www.pinterest.es\\\/inmadelvalle\\\/\"],\"description\":\"Destination wedding photographer based in Mallorca, specializing in luxury and intimate weddings across Mallorca, Ibiza, Italy and Mexico. Known for a natural, editorial and emotion driven approach, offering a personalized experience for couples from all over the world.\",\"email\":\"infoinmadelvalle@gmail.com\",\"telephone\":\"+34616866588\",\"legalName\":\"Inma del Valle fotograf\u00eda\"},{\"@type\":\"Person\",\"@id\":\"\"}]}<\/script>\n<!-- \/ Yoast SEO Premium plugin. -->","yoast_head_json":{"title":"Photo session to pregnant woman in Mallorca by Inma del Valle.","description":"Photo session to pregnant woman in Mallorca by Inma del Valle Photography. Beautiful session in a beach and forest in Mallorca.","robots":{"index":"index","follow":"follow","max-snippet":"max-snippet:-1","max-image-preview":"max-image-preview:large","max-video-preview":"max-video-preview:-1"},"canonical":"https:\/\/www.inmadelvalle.com\/en\/photo-session-to-pregnant-woman-in-mallorca\/","og_locale":"en_US","og_type":"article","og_title":"PHOTO SESSION TO PREGNANT WOMAN IN MALLORCA","og_description":"Photo session to pregnant woman in Mallorca by Inma del Valle Photography. Beautiful session in a beach and forest in Mallorca.","og_url":"https:\/\/www.inmadelvalle.com\/en\/photo-session-to-pregnant-woman-in-mallorca\/","og_site_name":"[English] Photographers Mallorca | Inma del Valle | Wedding photographers Mallorca","article_publisher":"https:\/\/es-la.facebook.com\/InmadelValle","article_published_time":"2021-04-22T15:15:17+00:00","article_modified_time":"2024-11-21T12:01:43+00:00","og_image":[{"width":1181,"height":788,"url":"https:\/\/www.inmadelvalle.com\/wp-content\/uploads\/2021\/04\/sesion-de-fotos-a-embarazada-en-mallorca-16.jpg","type":"image\/jpeg"}],"twitter_card":"summary_large_image","twitter_creator":"@Emibel1984","twitter_site":"@Emibel1984","twitter_misc":{"Written by":"","Est. reading time":"8 minutes"},"schema":{"@context":"https:\/\/schema.org","@graph":[{"@type":"Article","@id":"https:\/\/www.inmadelvalle.com\/en\/photo-session-to-pregnant-woman-in-mallorca\/#article","isPartOf":{"@id":"https:\/\/www.inmadelvalle.com\/en\/photo-session-to-pregnant-woman-in-mallorca\/"},"author":{"name":"","@id":""},"headline":"PHOTO SESSION TO PREGNANT WOMAN IN MALLORCA","datePublished":"2021-04-22T15:15:17+00:00","dateModified":"2024-11-21T12:01:43+00:00","mainEntityOfPage":{"@id":"https:\/\/www.inmadelvalle.com\/en\/photo-session-to-pregnant-woman-in-mallorca\/"},"wordCount":994,"commentCount":0,"publisher":{"@id":"https:\/\/www.inmadelvalle.com\/en\/#organization"},"image":{"@id":"https:\/\/www.inmadelvalle.com\/en\/photo-session-to-pregnant-woman-in-mallorca\/#primaryimage"},"thumbnailUrl":"https:\/\/www.inmadelvalle.com\/wp-content\/uploads\/2021\/04\/sesion-de-fotos-a-embarazada-en-mallorca-16.jpg","keywords":["Photo session to pregnant woman in Mallorca","Photoshoot of pregnant woman in Mallorca","Pregnancy photo session in Mallorca"],"articleSection":["pregnant shooting in mallorca"],"inLanguage":"en-US","potentialAction":[{"@type":"CommentAction","name":"Comment","target":["https:\/\/www.inmadelvalle.com\/en\/photo-session-to-pregnant-woman-in-mallorca\/#respond"]}]},{"@type":"WebPage","@id":"https:\/\/www.inmadelvalle.com\/en\/photo-session-to-pregnant-woman-in-mallorca\/","url":"https:\/\/www.inmadelvalle.com\/en\/photo-session-to-pregnant-woman-in-mallorca\/","name":"Photo session to pregnant woman in Mallorca by Inma del Valle.","isPartOf":{"@id":"https:\/\/www.inmadelvalle.com\/en\/#website"},"primaryImageOfPage":{"@id":"https:\/\/www.inmadelvalle.com\/en\/photo-session-to-pregnant-woman-in-mallorca\/#primaryimage"},"image":{"@id":"https:\/\/www.inmadelvalle.com\/en\/photo-session-to-pregnant-woman-in-mallorca\/#primaryimage"},"thumbnailUrl":"https:\/\/www.inmadelvalle.com\/wp-content\/uploads\/2021\/04\/sesion-de-fotos-a-embarazada-en-mallorca-16.jpg","datePublished":"2021-04-22T15:15:17+00:00","dateModified":"2024-11-21T12:01:43+00:00","description":"Photo session to pregnant woman in Mallorca by Inma del Valle Photography. Beautiful session in a beach and forest in Mallorca.","breadcrumb":{"@id":"https:\/\/www.inmadelvalle.com\/en\/photo-session-to-pregnant-woman-in-mallorca\/#breadcrumb"},"inLanguage":"en-US","potentialAction":[{"@type":"ReadAction","target":["https:\/\/www.inmadelvalle.com\/en\/photo-session-to-pregnant-woman-in-mallorca\/"]}]},{"@type":"ImageObject","inLanguage":"en-US","@id":"https:\/\/www.inmadelvalle.com\/en\/photo-session-to-pregnant-woman-in-mallorca\/#primaryimage","url":"https:\/\/www.inmadelvalle.com\/wp-content\/uploads\/2021\/04\/sesion-de-fotos-a-embarazada-en-mallorca-16.jpg","contentUrl":"https:\/\/www.inmadelvalle.com\/wp-content\/uploads\/2021\/04\/sesion-de-fotos-a-embarazada-en-mallorca-16.jpg","width":1181,"height":788,"caption":"Sesi\u00f3n de fotos de embarazo en Mallorca con una pareja al atardecer sobre los acantilados"},{"@type":"BreadcrumbList","@id":"https:\/\/www.inmadelvalle.com\/en\/photo-session-to-pregnant-woman-in-mallorca\/#breadcrumb","itemListElement":[{"@type":"ListItem","position":1,"name":"Portada","item":"https:\/\/www.inmadelvalle.com\/en\/"},{"@type":"ListItem","position":2,"name":"PHOTO SESSION TO PREGNANT WOMAN IN MALLORCA"}]},{"@type":"WebSite","@id":"https:\/\/www.inmadelvalle.com\/en\/#website","url":"https:\/\/www.inmadelvalle.com\/en\/","name":"[English] Photographers Mallorca | Inma del Valle | Wedding photographers Mallorca","description":"[English] Fot\u00f3grafo en Mallorca | Inma del Valle | Fot\u00f3grafos de bodas en Mallorca | Ten un recuerdo original y elegante del d\u00eda de tu boda. Wedding photographer.","publisher":{"@id":"https:\/\/www.inmadelvalle.com\/en\/#organization"},"potentialAction":[{"@type":"SearchAction","target":{"@type":"EntryPoint","urlTemplate":"https:\/\/www.inmadelvalle.com\/en\/?s={search_term_string}"},"query-input":{"@type":"PropertyValueSpecification","valueRequired":true,"valueName":"search_term_string"}}],"inLanguage":"en-US"},{"@type":"Organization","@id":"https:\/\/www.inmadelvalle.com\/en\/#organization","name":"Inma del Valle fotograf\u00eda","url":"https:\/\/www.inmadelvalle.com\/en\/","logo":{"@type":"ImageObject","inLanguage":"en-US","@id":"https:\/\/www.inmadelvalle.com\/en\/#\/schema\/logo\/image\/","url":"https:\/\/www.inmadelvalle.com\/wp-content\/uploads\/2018\/11\/foto\u0301grafo-en-mallorca-logo.png","contentUrl":"https:\/\/www.inmadelvalle.com\/wp-content\/uploads\/2018\/11\/foto\u0301grafo-en-mallorca-logo.png","width":486,"height":408,"caption":"Inma del Valle fotograf\u00eda"},"image":{"@id":"https:\/\/www.inmadelvalle.com\/en\/#\/schema\/logo\/image\/"},"sameAs":["https:\/\/es-la.facebook.com\/InmadelValle","https:\/\/x.com\/Emibel1984","https:\/\/www.instagram.com\/inmadelvallephotography\/","https:\/\/www.linkedin.com\/in\/inmadelvalle\/","https:\/\/www.pinterest.es\/inmadelvalle\/"],"description":"Destination wedding photographer based in Mallorca, specializing in luxury and intimate weddings across Mallorca, Ibiza, Italy and Mexico. Known for a natural, editorial and emotion driven approach, offering a personalized experience for couples from all over the world.","email":"infoinmadelvalle@gmail.com","telephone":"+34616866588","legalName":"Inma del Valle fotograf\u00eda"},{"@type":"Person","@id":""}]}},"_links":{"self":[{"href":"https:\/\/www.inmadelvalle.com\/en\/wp-json\/wp\/v2\/posts\/15629","targetHints":{"allow":["GET"]}}],"collection":[{"href":"https:\/\/www.inmadelvalle.com\/en\/wp-json\/wp\/v2\/posts"}],"about":[{"href":"https:\/\/www.inmadelvalle.com\/en\/wp-json\/wp\/v2\/types\/post"}],"author":[{"embeddable":true,"href":"https:\/\/www.inmadelvalle.com\/en\/wp-json\/wp\/v2\/users\/1"}],"replies":[{"embeddable":true,"href":"https:\/\/www.inmadelvalle.com\/en\/wp-json\/wp\/v2\/comments?post=15629"}],"version-history":[{"count":0,"href":"https:\/\/www.inmadelvalle.com\/en\/wp-json\/wp\/v2\/posts\/15629\/revisions"}],"wp:featuredmedia":[{"embeddable":true,"href":"https:\/\/www.inmadelvalle.com\/en\/wp-json\/wp\/v2\/media\/15609"}],"wp:attachment":[{"href":"https:\/\/www.inmadelvalle.com\/en\/wp-json\/wp\/v2\/media?parent=15629"}],"wp:term":[{"taxonomy":"category","embeddable":true,"href":"https:\/\/www.inmadelvalle.com\/en\/wp-json\/wp\/v2\/categories?post=15629"},{"taxonomy":"post_tag","embeddable":true,"href":"https:\/\/www.inmadelvalle.com\/en\/wp-json\/wp\/v2\/tags?post=15629"}],"curies":[{"name":"wp","href":"https:\/\/api.w.org\/{rel}","templated":true}]}}