{"id":60916,"date":"2026-04-30T17:36:49","date_gmt":"2026-04-30T15:36:49","guid":{"rendered":"https:\/\/www.inmadelvalle.com\/?p=60916"},"modified":"2026-04-30T17:37:10","modified_gmt":"2026-04-30T15:37:10","slug":"childrens-portfolio-photographer-in-mallorca","status":"publish","type":"post","link":"https:\/\/www.inmadelvalle.com\/en\/childrens-portfolio-photographer-in-mallorca\/","title":{"rendered":"Children&#8217;s portfolio photographer in Mallorca"},"content":{"rendered":"\t\t<div data-elementor-type=\"wp-post\" data-elementor-id=\"60916\" class=\"elementor elementor-60916 elementor-60865\">\n\t\t\t\t\t\t<section class=\"penci-section penci-disSticky penci-structure-10 elementor-section elementor-top-section elementor-element elementor-element-8ee6210 elementor-section-boxed elementor-section-height-default elementor-section-height-default\" data-id=\"8ee6210\" data-element_type=\"section\" data-e-type=\"section\">\n\t\t\t\t\t\t<div class=\"elementor-container elementor-column-gap-default\">\n\t\t\t\t\t<div class=\"penci-ercol-100 penci-ercol-order-1 penci-sticky-ct    elementor-column elementor-col-100 elementor-top-column elementor-element elementor-element-95affca\" data-id=\"95affca\" data-element_type=\"column\" data-e-type=\"column\">\n\t\t\t<div class=\"elementor-widget-wrap elementor-element-populated\">\n\t\t\t\t\t\t<div class=\"elementor-element elementor-element-400c2b6 elementor-widget elementor-widget-text-editor\" data-id=\"400c2b6\" data-element_type=\"widget\" data-e-type=\"widget\" data-widget_type=\"text-editor.default\">\n\t\t\t\t<div class=\"elementor-widget-container\">\n\t\t\t\t\t\t\t\t\t<p class=\"post-title single-post-title entry-title\">Children\u2019s portfolio photographer Mallorca.<\/p>\t\t\t\t\t\t\t\t<\/div>\n\t\t\t\t<\/div>\n\t\t\t\t\t<\/div>\n\t\t<\/div>\n\t\t\t\t\t<\/div>\n\t\t<\/section>\n\t\t\t\t<section class=\"penci-section penci-disSticky penci-structure-10 elementor-section elementor-top-section elementor-element elementor-element-e577d1e elementor-section-boxed elementor-section-height-default elementor-section-height-default\" data-id=\"e577d1e\" data-element_type=\"section\" data-e-type=\"section\">\n\t\t\t\t\t\t<div class=\"elementor-container elementor-column-gap-default\">\n\t\t\t\t\t<div class=\"penci-ercol-100 penci-ercol-order-1 penci-sticky-ct    elementor-column elementor-col-100 elementor-top-column elementor-element elementor-element-8db73e8\" data-id=\"8db73e8\" data-element_type=\"column\" data-e-type=\"column\">\n\t\t\t<div class=\"elementor-widget-wrap elementor-element-populated\">\n\t\t\t\t\t\t<div class=\"elementor-element elementor-element-835f2ed elementor-widget elementor-widget-heading\" data-id=\"835f2ed\" data-element_type=\"widget\" data-e-type=\"widget\" data-widget_type=\"heading.default\">\n\t\t\t\t<div class=\"elementor-widget-container\">\n\t\t\t\t\t<h3 class=\"elementor-heading-title elementor-size-default\">Professional kids photographer in Mallorca<\/h3>\t\t\t\t<\/div>\n\t\t\t\t<\/div>\n\t\t\t\t\t<\/div>\n\t\t<\/div>\n\t\t\t\t\t<\/div>\n\t\t<\/section>\n\t\t\t\t<section class=\"penci-section penci-disSticky penci-structure-10 elementor-section elementor-top-section elementor-element elementor-element-310fdc4 elementor-section-boxed elementor-section-height-default elementor-section-height-default\" data-id=\"310fdc4\" data-element_type=\"section\" data-e-type=\"section\">\n\t\t\t\t\t\t<div class=\"elementor-container elementor-column-gap-default\">\n\t\t\t\t\t<div class=\"penci-ercol-100 penci-ercol-order-1 penci-sticky-ct    elementor-column elementor-col-100 elementor-top-column elementor-element elementor-element-9e072a6\" data-id=\"9e072a6\" data-element_type=\"column\" data-e-type=\"column\">\n\t\t\t<div class=\"elementor-widget-wrap elementor-element-populated\">\n\t\t\t\t\t\t<div class=\"elementor-element elementor-element-8880ebc elementor-widget elementor-widget-text-editor\" data-id=\"8880ebc\" data-element_type=\"widget\" data-e-type=\"widget\" data-widget_type=\"text-editor.default\">\n\t\t\t\t<div class=\"elementor-widget-container\">\n\t\t\t\t\t\t\t\t\t<p class=\"p1\">Finding a good <strong>children&#8217;s portfolio photographer Mallorca<\/strong> is not just about taking beautiful photos. It is about making an important decision that can mark the beginning of real opportunities for your child in agencies, castings, and professional work. Because in this industry, image is everything, and not just any session will do.<\/p>\t\t\t\t\t\t\t\t<\/div>\n\t\t\t\t<\/div>\n\t\t\t\t\t<\/div>\n\t\t<\/div>\n\t\t\t\t\t<\/div>\n\t\t<\/section>\n\t\t\t\t<section class=\"penci-section penci-disSticky penci-structure-10 elementor-section elementor-top-section elementor-element elementor-element-0015fe0 elementor-section-full_width elementor-section-height-default elementor-section-height-default\" data-id=\"0015fe0\" data-element_type=\"section\" data-e-type=\"section\">\n\t\t\t\t\t\t<div class=\"elementor-container elementor-column-gap-default\">\n\t\t\t\t\t<div class=\"penci-ercol-100 penci-ercol-order-1 penci-sticky-ct    elementor-column elementor-col-100 elementor-top-column elementor-element elementor-element-f78ce5a\" data-id=\"f78ce5a\" data-element_type=\"column\" data-e-type=\"column\">\n\t\t\t<div class=\"elementor-widget-wrap elementor-element-populated\">\n\t\t\t\t\t\t<div class=\"elementor-element elementor-element-3a1ae3b elementor-widget elementor-widget-image\" data-id=\"3a1ae3b\" data-element_type=\"widget\" data-e-type=\"widget\" data-widget_type=\"image.default\">\n\t\t\t\t<div class=\"elementor-widget-container\">\n\t\t\t\t\t\t\t\t\t\t\t\t\t\t\t<img fetchpriority=\"high\" decoding=\"async\" width=\"787\" height=\"1145\" src=\"https:\/\/www.inmadelvalle.com\/wp-content\/uploads\/2026\/04\/childrens-portfolio-photographer-in-mallorca-02.webp\" class=\"attachment-full size-full wp-image-60925\" alt=\"girl posing naturally during a session with a children portfolio photographer in Mallorca\" srcset=\"https:\/\/www.inmadelvalle.com\/wp-content\/uploads\/2026\/04\/childrens-portfolio-photographer-in-mallorca-02.webp 787w, https:\/\/www.inmadelvalle.com\/wp-content\/uploads\/2026\/04\/childrens-portfolio-photographer-in-mallorca-02-206x300.webp 206w, https:\/\/www.inmadelvalle.com\/wp-content\/uploads\/2026\/04\/childrens-portfolio-photographer-in-mallorca-02-704x1024.webp 704w, https:\/\/www.inmadelvalle.com\/wp-content\/uploads\/2026\/04\/childrens-portfolio-photographer-in-mallorca-02-768x1117.webp 768w, https:\/\/www.inmadelvalle.com\/wp-content\/uploads\/2026\/04\/childrens-portfolio-photographer-in-mallorca-02-585x851.webp 585w\" sizes=\"(max-width: 787px) 100vw, 787px\" \/>\t\t\t\t\t\t\t\t\t\t\t\t\t\t\t<\/div>\n\t\t\t\t<\/div>\n\t\t\t\t\t<\/div>\n\t\t<\/div>\n\t\t\t\t\t<\/div>\n\t\t<\/section>\n\t\t\t\t<section class=\"penci-section penci-disSticky penci-structure-10 elementor-section elementor-top-section elementor-element elementor-element-f0f478f elementor-section-boxed elementor-section-height-default elementor-section-height-default\" data-id=\"f0f478f\" data-element_type=\"section\" data-e-type=\"section\">\n\t\t\t\t\t\t<div class=\"elementor-container elementor-column-gap-default\">\n\t\t\t\t\t<div class=\"penci-ercol-100 penci-ercol-order-1 penci-sticky-ct    elementor-column elementor-col-100 elementor-top-column elementor-element elementor-element-7f2e7dc\" data-id=\"7f2e7dc\" data-element_type=\"column\" data-e-type=\"column\">\n\t\t\t<div class=\"elementor-widget-wrap elementor-element-populated\">\n\t\t\t\t\t\t<div class=\"elementor-element elementor-element-8f2f410 elementor-widget elementor-widget-heading\" data-id=\"8f2f410\" data-element_type=\"widget\" data-e-type=\"widget\" data-widget_type=\"heading.default\">\n\t\t\t\t<div class=\"elementor-widget-container\">\n\t\t\t\t\t<h2 class=\"elementor-heading-title elementor-size-default\">Children's photographer in Mallorca\n<\/h2>\t\t\t\t<\/div>\n\t\t\t\t<\/div>\n\t\t\t\t\t<\/div>\n\t\t<\/div>\n\t\t\t\t\t<\/div>\n\t\t<\/section>\n\t\t\t\t<section class=\"penci-section penci-disSticky penci-structure-10 elementor-section elementor-top-section elementor-element elementor-element-3fe4778 elementor-section-boxed elementor-section-height-default elementor-section-height-default\" data-id=\"3fe4778\" data-element_type=\"section\" data-e-type=\"section\">\n\t\t\t\t\t\t<div class=\"elementor-container elementor-column-gap-default\">\n\t\t\t\t\t<div class=\"penci-ercol-100 penci-ercol-order-1 penci-sticky-ct    elementor-column elementor-col-100 elementor-top-column elementor-element elementor-element-fc8f926\" data-id=\"fc8f926\" data-element_type=\"column\" data-e-type=\"column\">\n\t\t\t<div class=\"elementor-widget-wrap elementor-element-populated\">\n\t\t\t\t\t\t<div class=\"elementor-element elementor-element-b26331b elementor-widget elementor-widget-heading\" data-id=\"b26331b\" data-element_type=\"widget\" data-e-type=\"widget\" data-widget_type=\"heading.default\">\n\t\t\t\t<div class=\"elementor-widget-container\">\n\t\t\t\t\t<h3 class=\"elementor-heading-title elementor-size-default\">You don't need a lot of photos; you need the right ones\n<\/h3>\t\t\t\t<\/div>\n\t\t\t\t<\/div>\n\t\t\t\t\t<\/div>\n\t\t<\/div>\n\t\t\t\t\t<\/div>\n\t\t<\/section>\n\t\t\t\t<section class=\"penci-section penci-disSticky penci-structure-10 elementor-section elementor-top-section elementor-element elementor-element-69fd876 elementor-section-boxed elementor-section-height-default elementor-section-height-default\" data-id=\"69fd876\" data-element_type=\"section\" data-e-type=\"section\">\n\t\t\t\t\t\t<div class=\"elementor-container elementor-column-gap-default\">\n\t\t\t\t\t<div class=\"penci-ercol-100 penci-ercol-order-1 penci-sticky-ct    elementor-column elementor-col-100 elementor-top-column elementor-element elementor-element-85670de\" data-id=\"85670de\" data-element_type=\"column\" data-e-type=\"column\">\n\t\t\t<div class=\"elementor-widget-wrap elementor-element-populated\">\n\t\t\t\t\t\t<div class=\"elementor-element elementor-element-d1529d9 elementor-widget elementor-widget-text-editor\" data-id=\"d1529d9\" data-element_type=\"widget\" data-e-type=\"widget\" data-widget_type=\"text-editor.default\">\n\t\t\t\t<div class=\"elementor-widget-container\">\n\t\t\t\t\t\t\t\t\t<p>One of the biggest mistakes I see is thinking that a <a href=\"https:\/\/www.inmadelvalle.com\/en\/photos-of-a-child-model-in-mallorca\/\"><strong>children&#8217;s portfolio Mallorca<\/strong> <\/a>is about taking lots of photos, with eye catching outfits or spectacular locations. However, the reality is different, agencies are looking for naturalness. They want to see the child as they truly are, their expression, their gaze, their personality.<\/p><p>That is why my approach as a <strong>children&#8217;s portfolio photographer in Mallorca<\/strong> is based on one very clear idea, capturing essence, not creating characters.<\/p>\t\t\t\t\t\t\t\t<\/div>\n\t\t\t\t<\/div>\n\t\t\t\t\t<\/div>\n\t\t<\/div>\n\t\t\t\t\t<\/div>\n\t\t<\/section>\n\t\t\t\t<section class=\"penci-section penci-disSticky penci-structure-10 elementor-section elementor-top-section elementor-element elementor-element-01186c3 elementor-section-full_width elementor-section-height-default elementor-section-height-default\" data-id=\"01186c3\" data-element_type=\"section\" data-e-type=\"section\">\n\t\t\t\t\t\t<div class=\"elementor-container elementor-column-gap-default\">\n\t\t\t\t\t<div class=\"penci-ercol-100 penci-ercol-order-1 penci-sticky-ct    elementor-column elementor-col-100 elementor-top-column elementor-element elementor-element-4851e79\" data-id=\"4851e79\" data-element_type=\"column\" data-e-type=\"column\">\n\t\t\t<div class=\"elementor-widget-wrap elementor-element-populated\">\n\t\t\t\t\t\t<div class=\"elementor-element elementor-element-4606d03 elementor-widget elementor-widget-image\" data-id=\"4606d03\" data-element_type=\"widget\" data-e-type=\"widget\" data-widget_type=\"image.default\">\n\t\t\t\t<div class=\"elementor-widget-container\">\n\t\t\t\t\t\t\t\t\t\t\t\t\t\t\t<img decoding=\"async\" width=\"787\" height=\"1093\" src=\"https:\/\/www.inmadelvalle.com\/wp-content\/uploads\/2026\/04\/childrens-portfolio-photographer-in-mallorca-03.webp\" class=\"attachment-full size-full wp-image-60926\" alt=\"girl sitting on a stool during a session with a children portfolio photographer in Mallorca\" srcset=\"https:\/\/www.inmadelvalle.com\/wp-content\/uploads\/2026\/04\/childrens-portfolio-photographer-in-mallorca-03.webp 787w, https:\/\/www.inmadelvalle.com\/wp-content\/uploads\/2026\/04\/childrens-portfolio-photographer-in-mallorca-03-216x300.webp 216w, https:\/\/www.inmadelvalle.com\/wp-content\/uploads\/2026\/04\/childrens-portfolio-photographer-in-mallorca-03-737x1024.webp 737w, https:\/\/www.inmadelvalle.com\/wp-content\/uploads\/2026\/04\/childrens-portfolio-photographer-in-mallorca-03-768x1067.webp 768w, https:\/\/www.inmadelvalle.com\/wp-content\/uploads\/2026\/04\/childrens-portfolio-photographer-in-mallorca-03-585x812.webp 585w\" sizes=\"(max-width: 787px) 100vw, 787px\" \/>\t\t\t\t\t\t\t\t\t\t\t\t\t\t\t<\/div>\n\t\t\t\t<\/div>\n\t\t\t\t\t<\/div>\n\t\t<\/div>\n\t\t\t\t\t<\/div>\n\t\t<\/section>\n\t\t\t\t<section class=\"penci-section penci-disSticky penci-structure-10 elementor-section elementor-top-section elementor-element elementor-element-ebe8df0 elementor-section-boxed elementor-section-height-default elementor-section-height-default\" data-id=\"ebe8df0\" data-element_type=\"section\" data-e-type=\"section\">\n\t\t\t\t\t\t<div class=\"elementor-container elementor-column-gap-default\">\n\t\t\t\t\t<div class=\"penci-ercol-100 penci-ercol-order-1 penci-sticky-ct    elementor-column elementor-col-100 elementor-top-column elementor-element elementor-element-723c4e8\" data-id=\"723c4e8\" data-element_type=\"column\" data-e-type=\"column\">\n\t\t\t<div class=\"elementor-widget-wrap elementor-element-populated\">\n\t\t\t\t\t\t<div class=\"elementor-element elementor-element-ef6098c elementor-widget elementor-widget-heading\" data-id=\"ef6098c\" data-element_type=\"widget\" data-e-type=\"widget\" data-widget_type=\"heading.default\">\n\t\t\t\t<div class=\"elementor-widget-container\">\n\t\t\t\t\t<h2 class=\"elementor-heading-title elementor-size-default\">Kids' photography in Mallorca\n<\/h2>\t\t\t\t<\/div>\n\t\t\t\t<\/div>\n\t\t\t\t\t<\/div>\n\t\t<\/div>\n\t\t\t\t\t<\/div>\n\t\t<\/section>\n\t\t\t\t<section class=\"penci-section penci-disSticky penci-structure-10 elementor-section elementor-top-section elementor-element elementor-element-63ef6dd elementor-section-boxed elementor-section-height-default elementor-section-height-default\" data-id=\"63ef6dd\" data-element_type=\"section\" data-e-type=\"section\">\n\t\t\t\t\t\t<div class=\"elementor-container elementor-column-gap-default\">\n\t\t\t\t\t<div class=\"penci-ercol-100 penci-ercol-order-1 penci-sticky-ct    elementor-column elementor-col-100 elementor-top-column elementor-element elementor-element-491c9be\" data-id=\"491c9be\" data-element_type=\"column\" data-e-type=\"column\">\n\t\t\t<div class=\"elementor-widget-wrap elementor-element-populated\">\n\t\t\t\t\t\t<div class=\"elementor-element elementor-element-24bedf6 elementor-widget elementor-widget-heading\" data-id=\"24bedf6\" data-element_type=\"widget\" data-e-type=\"widget\" data-widget_type=\"heading.default\">\n\t\t\t\t<div class=\"elementor-widget-container\">\n\t\t\t\t\t<h3 class=\"elementor-heading-title elementor-size-default\">What makes a portfolio really work\n<\/h3>\t\t\t\t<\/div>\n\t\t\t\t<\/div>\n\t\t\t\t\t<\/div>\n\t\t<\/div>\n\t\t\t\t\t<\/div>\n\t\t<\/section>\n\t\t\t\t<section class=\"penci-section penci-disSticky penci-structure-10 elementor-section elementor-top-section elementor-element elementor-element-3111e35 elementor-section-boxed elementor-section-height-default elementor-section-height-default\" data-id=\"3111e35\" data-element_type=\"section\" data-e-type=\"section\">\n\t\t\t\t\t\t<div class=\"elementor-container elementor-column-gap-default\">\n\t\t\t\t\t<div class=\"penci-ercol-100 penci-ercol-order-1 penci-sticky-ct    elementor-column elementor-col-100 elementor-top-column elementor-element elementor-element-12a14c3\" data-id=\"12a14c3\" data-element_type=\"column\" data-e-type=\"column\">\n\t\t\t<div class=\"elementor-widget-wrap elementor-element-populated\">\n\t\t\t\t\t\t<div class=\"elementor-element elementor-element-ae18fc6 elementor-widget elementor-widget-text-editor\" data-id=\"ae18fc6\" data-element_type=\"widget\" data-e-type=\"widget\" data-widget_type=\"text-editor.default\">\n\t\t\t\t<div class=\"elementor-widget-container\">\n\t\t\t\t\t\t\t\t\t<p>A well crafted<strong> children&#8217;s portfolio in Mallorca<\/strong> is built on three key elements:<\/p><p>-real naturalness<br \/>-variety of expression<br \/>-professional quality<\/p><p>It is not about posing, it is about connecting. About making someone feel something the moment they see the image.<\/p>\t\t\t\t\t\t\t\t<\/div>\n\t\t\t\t<\/div>\n\t\t\t\t\t<\/div>\n\t\t<\/div>\n\t\t\t\t\t<\/div>\n\t\t<\/section>\n\t\t\t\t<section class=\"penci-section penci-disSticky penci-structure-10 elementor-section elementor-top-section elementor-element elementor-element-3a62e31 elementor-section-boxed elementor-section-height-default elementor-section-height-default\" data-id=\"3a62e31\" data-element_type=\"section\" data-e-type=\"section\">\n\t\t\t\t\t\t<div class=\"elementor-container elementor-column-gap-default\">\n\t\t\t\t\t<div class=\"penci-ercol-100 penci-ercol-order-1 penci-sticky-ct    elementor-column elementor-col-100 elementor-top-column elementor-element elementor-element-a91d29e\" data-id=\"a91d29e\" data-element_type=\"column\" data-e-type=\"column\">\n\t\t\t<div class=\"elementor-widget-wrap elementor-element-populated\">\n\t\t\t\t\t\t<div class=\"elementor-element elementor-element-74932e9 e-transform e-transform elementor-widget elementor-widget-html\" data-id=\"74932e9\" data-element_type=\"widget\" data-e-type=\"widget\" data-settings=\"{&quot;_transform_translateX_effect&quot;:{&quot;unit&quot;:&quot;px&quot;,&quot;size&quot;:12,&quot;sizes&quot;:[]},&quot;_transform_scale_effect&quot;:{&quot;unit&quot;:&quot;px&quot;,&quot;size&quot;:1.3,&quot;sizes&quot;:[]},&quot;_transform_translateX_effect_tablet&quot;:{&quot;unit&quot;:&quot;px&quot;,&quot;size&quot;:&quot;&quot;,&quot;sizes&quot;:[]},&quot;_transform_translateX_effect_mobile&quot;:{&quot;unit&quot;:&quot;px&quot;,&quot;size&quot;:&quot;&quot;,&quot;sizes&quot;:[]},&quot;_transform_translateY_effect&quot;:{&quot;unit&quot;:&quot;px&quot;,&quot;size&quot;:&quot;&quot;,&quot;sizes&quot;:[]},&quot;_transform_translateY_effect_tablet&quot;:{&quot;unit&quot;:&quot;px&quot;,&quot;size&quot;:&quot;&quot;,&quot;sizes&quot;:[]},&quot;_transform_translateY_effect_mobile&quot;:{&quot;unit&quot;:&quot;px&quot;,&quot;size&quot;:&quot;&quot;,&quot;sizes&quot;:[]},&quot;_transform_scale_effect_tablet&quot;:{&quot;unit&quot;:&quot;px&quot;,&quot;size&quot;:&quot;&quot;,&quot;sizes&quot;:[]},&quot;_transform_scale_effect_mobile&quot;:{&quot;unit&quot;:&quot;px&quot;,&quot;size&quot;:&quot;&quot;,&quot;sizes&quot;:[]}}\" data-widget_type=\"html.default\">\n\t\t\t\t<div class=\"elementor-widget-container\">\n\t\t\t\t\t<h2 style=\"text-align: center\">\n  <a class=\"typeform-share button\" href=\"mailto:infoinmadelvalle@gmail.com\" style=\"text-decoration: none;background-color: #8F7A35;color: white;cursor: pointer;font-family: UNNA, Arial, sans-serif;font-size: 20px;line-height: 50px;text-align: center;margin: 0;height: 50px;padding: 0px 33px;border-radius: 25px;max-width: 100%;overflow: hidden;font-weight: bold\">\n    Contact\n  <\/a>\n<\/h2>\n\t\t\t\t<\/div>\n\t\t\t\t<\/div>\n\t\t\t\t\t<\/div>\n\t\t<\/div>\n\t\t\t\t\t<\/div>\n\t\t<\/section>\n\t\t\t\t<section class=\"penci-section penci-disSticky penci-structure-10 elementor-section elementor-top-section elementor-element elementor-element-044ce4f elementor-section-full_width elementor-section-height-default elementor-section-height-default\" data-id=\"044ce4f\" data-element_type=\"section\" data-e-type=\"section\">\n\t\t\t\t\t\t<div class=\"elementor-container elementor-column-gap-default\">\n\t\t\t\t\t<div class=\"penci-ercol-100 penci-ercol-order-1 penci-sticky-ct    elementor-column elementor-col-100 elementor-top-column elementor-element elementor-element-86c0116\" data-id=\"86c0116\" data-element_type=\"column\" data-e-type=\"column\">\n\t\t\t<div class=\"elementor-widget-wrap elementor-element-populated\">\n\t\t\t\t\t\t<div class=\"elementor-element elementor-element-61f8c5f elementor-widget elementor-widget-image\" data-id=\"61f8c5f\" data-element_type=\"widget\" data-e-type=\"widget\" data-widget_type=\"image.default\">\n\t\t\t\t<div class=\"elementor-widget-container\">\n\t\t\t\t\t\t\t\t\t\t\t\t\t\t\t<img decoding=\"async\" width=\"1181\" height=\"780\" src=\"https:\/\/www.inmadelvalle.com\/wp-content\/uploads\/2026\/04\/childrens-portfolio-photographer-in-mallorca-09.webp\" class=\"attachment-full size-full wp-image-60931\" alt=\"girl sitting on the floor in a relaxed pose during a children photo session\" srcset=\"https:\/\/www.inmadelvalle.com\/wp-content\/uploads\/2026\/04\/childrens-portfolio-photographer-in-mallorca-09.webp 1181w, https:\/\/www.inmadelvalle.com\/wp-content\/uploads\/2026\/04\/childrens-portfolio-photographer-in-mallorca-09-300x198.webp 300w, https:\/\/www.inmadelvalle.com\/wp-content\/uploads\/2026\/04\/childrens-portfolio-photographer-in-mallorca-09-1024x676.webp 1024w, https:\/\/www.inmadelvalle.com\/wp-content\/uploads\/2026\/04\/childrens-portfolio-photographer-in-mallorca-09-768x507.webp 768w, https:\/\/www.inmadelvalle.com\/wp-content\/uploads\/2026\/04\/childrens-portfolio-photographer-in-mallorca-09-780x516.webp 780w, https:\/\/www.inmadelvalle.com\/wp-content\/uploads\/2026\/04\/childrens-portfolio-photographer-in-mallorca-09-585x386.webp 585w, https:\/\/www.inmadelvalle.com\/wp-content\/uploads\/2026\/04\/childrens-portfolio-photographer-in-mallorca-09-263x175.webp 263w\" sizes=\"(max-width: 1181px) 100vw, 1181px\" \/>\t\t\t\t\t\t\t\t\t\t\t\t\t\t\t<\/div>\n\t\t\t\t<\/div>\n\t\t\t\t\t<\/div>\n\t\t<\/div>\n\t\t\t\t\t<\/div>\n\t\t<\/section>\n\t\t\t\t<section class=\"penci-section penci-disSticky penci-structure-10 elementor-section elementor-top-section elementor-element elementor-element-c9a37e2 elementor-section-boxed elementor-section-height-default elementor-section-height-default\" data-id=\"c9a37e2\" data-element_type=\"section\" data-e-type=\"section\">\n\t\t\t\t\t\t<div class=\"elementor-container elementor-column-gap-default\">\n\t\t\t\t\t<div class=\"penci-ercol-100 penci-ercol-order-1 penci-sticky-ct    elementor-column elementor-col-100 elementor-top-column elementor-element elementor-element-f7eb731\" data-id=\"f7eb731\" data-element_type=\"column\" data-e-type=\"column\">\n\t\t\t<div class=\"elementor-widget-wrap elementor-element-populated\">\n\t\t\t\t\t\t<div class=\"elementor-element elementor-element-67cf9b9 elementor-widget elementor-widget-heading\" data-id=\"67cf9b9\" data-element_type=\"widget\" data-e-type=\"widget\" data-widget_type=\"heading.default\">\n\t\t\t\t<div class=\"elementor-widget-container\">\n\t\t\t\t\t<h3 class=\"elementor-heading-title elementor-size-default\">How a session should be <\/h3>\t\t\t\t<\/div>\n\t\t\t\t<\/div>\n\t\t\t\t\t<\/div>\n\t\t<\/div>\n\t\t\t\t\t<\/div>\n\t\t<\/section>\n\t\t\t\t<section class=\"penci-section penci-disSticky penci-structure-10 elementor-section elementor-top-section elementor-element elementor-element-462c84b elementor-section-boxed elementor-section-height-default elementor-section-height-default\" data-id=\"462c84b\" data-element_type=\"section\" data-e-type=\"section\">\n\t\t\t\t\t\t<div class=\"elementor-container elementor-column-gap-default\">\n\t\t\t\t\t<div class=\"penci-ercol-100 penci-ercol-order-1 penci-sticky-ct    elementor-column elementor-col-100 elementor-top-column elementor-element elementor-element-9d8547c\" data-id=\"9d8547c\" data-element_type=\"column\" data-e-type=\"column\">\n\t\t\t<div class=\"elementor-widget-wrap elementor-element-populated\">\n\t\t\t\t\t\t<div class=\"elementor-element elementor-element-9d416d0 elementor-widget elementor-widget-text-editor\" data-id=\"9d416d0\" data-element_type=\"widget\" data-e-type=\"widget\" data-widget_type=\"text-editor.default\">\n\t\t\t\t<div class=\"elementor-widget-container\">\n\t\t\t\t\t\t\t\t\t<p>I approach every session with the goal of capturing:<\/p><p>authentic looks<br \/>natural smiles<br \/>unforced expressions<br \/>real moments<\/p><p>Because that is what makes a <strong>professional children portfolio Mallorca<\/strong> stand out among hundreds.<\/p>\t\t\t\t\t\t\t\t<\/div>\n\t\t\t\t<\/div>\n\t\t\t\t\t<\/div>\n\t\t<\/div>\n\t\t\t\t\t<\/div>\n\t\t<\/section>\n\t\t\t\t<section class=\"penci-section penci-disSticky penci-structure-20 elementor-section elementor-top-section elementor-element elementor-element-5ad6f24 elementor-section-full_width elementor-section-height-default elementor-section-height-default\" data-id=\"5ad6f24\" data-element_type=\"section\" data-e-type=\"section\">\n\t\t\t\t\t\t<div class=\"elementor-container elementor-column-gap-default\">\n\t\t\t\t\t<div class=\"penci-ercol-50 penci-ercol-order-1 penci-sticky-ct    elementor-column elementor-col-50 elementor-top-column elementor-element elementor-element-6d9e05e\" data-id=\"6d9e05e\" data-element_type=\"column\" data-e-type=\"column\">\n\t\t\t<div class=\"elementor-widget-wrap elementor-element-populated\">\n\t\t\t\t\t\t<div class=\"elementor-element elementor-element-a7e1a58 elementor-widget elementor-widget-image\" data-id=\"a7e1a58\" data-element_type=\"widget\" data-e-type=\"widget\" data-widget_type=\"image.default\">\n\t\t\t\t<div class=\"elementor-widget-container\">\n\t\t\t\t\t\t\t\t\t\t\t\t\t\t\t<img loading=\"lazy\" decoding=\"async\" width=\"787\" height=\"996\" src=\"https:\/\/www.inmadelvalle.com\/wp-content\/uploads\/2026\/04\/childrens-portfolio-photographer-in-mallorca-07.webp\" class=\"attachment-large size-large wp-image-60929\" alt=\"girl with a playful expression during a session with a children portfolio photographer in Mallorca\" srcset=\"https:\/\/www.inmadelvalle.com\/wp-content\/uploads\/2026\/04\/childrens-portfolio-photographer-in-mallorca-07.webp 787w, https:\/\/www.inmadelvalle.com\/wp-content\/uploads\/2026\/04\/childrens-portfolio-photographer-in-mallorca-07-237x300.webp 237w, https:\/\/www.inmadelvalle.com\/wp-content\/uploads\/2026\/04\/childrens-portfolio-photographer-in-mallorca-07-768x972.webp 768w, https:\/\/www.inmadelvalle.com\/wp-content\/uploads\/2026\/04\/childrens-portfolio-photographer-in-mallorca-07-585x740.webp 585w\" sizes=\"(max-width: 787px) 100vw, 787px\" \/>\t\t\t\t\t\t\t\t\t\t\t\t\t\t\t<\/div>\n\t\t\t\t<\/div>\n\t\t\t\t\t<\/div>\n\t\t<\/div>\n\t\t\t\t<div class=\"penci-ercol-50 penci-ercol-order-2 penci-sticky-ct    elementor-column elementor-col-50 elementor-top-column elementor-element elementor-element-ad76955\" data-id=\"ad76955\" data-element_type=\"column\" data-e-type=\"column\">\n\t\t\t<div class=\"elementor-widget-wrap elementor-element-populated\">\n\t\t\t\t\t\t<div class=\"elementor-element elementor-element-e8be938 elementor-widget elementor-widget-image\" data-id=\"e8be938\" data-element_type=\"widget\" data-e-type=\"widget\" data-widget_type=\"image.default\">\n\t\t\t\t<div class=\"elementor-widget-container\">\n\t\t\t\t\t\t\t\t\t\t\t\t\t\t\t<img loading=\"lazy\" decoding=\"async\" width=\"780\" height=\"1024\" src=\"https:\/\/www.inmadelvalle.com\/wp-content\/uploads\/2026\/04\/childrens-portfolio-photographer-in-mallorca-13-780x1024.webp\" class=\"attachment-large size-large wp-image-60935\" alt=\"girl wearing a pink skirt looking to the side during a children photo session\" srcset=\"https:\/\/www.inmadelvalle.com\/wp-content\/uploads\/2026\/04\/childrens-portfolio-photographer-in-mallorca-13-780x1024.webp 780w, https:\/\/www.inmadelvalle.com\/wp-content\/uploads\/2026\/04\/childrens-portfolio-photographer-in-mallorca-13-229x300.webp 229w, https:\/\/www.inmadelvalle.com\/wp-content\/uploads\/2026\/04\/childrens-portfolio-photographer-in-mallorca-13-768x1008.webp 768w, https:\/\/www.inmadelvalle.com\/wp-content\/uploads\/2026\/04\/childrens-portfolio-photographer-in-mallorca-13-585x768.webp 585w, https:\/\/www.inmadelvalle.com\/wp-content\/uploads\/2026\/04\/childrens-portfolio-photographer-in-mallorca-13.webp 787w\" sizes=\"(max-width: 780px) 100vw, 780px\" \/>\t\t\t\t\t\t\t\t\t\t\t\t\t\t\t<\/div>\n\t\t\t\t<\/div>\n\t\t\t\t\t<\/div>\n\t\t<\/div>\n\t\t\t\t\t<\/div>\n\t\t<\/section>\n\t\t\t\t<section class=\"penci-section penci-disSticky penci-structure-10 elementor-section elementor-top-section elementor-element elementor-element-ab2ec7a elementor-section-boxed elementor-section-height-default elementor-section-height-default\" data-id=\"ab2ec7a\" data-element_type=\"section\" data-e-type=\"section\">\n\t\t\t\t\t\t<div class=\"elementor-container elementor-column-gap-default\">\n\t\t\t\t\t<div class=\"penci-ercol-100 penci-ercol-order-1 penci-sticky-ct    elementor-column elementor-col-100 elementor-top-column elementor-element elementor-element-b91ccf5\" data-id=\"b91ccf5\" data-element_type=\"column\" data-e-type=\"column\">\n\t\t\t<div class=\"elementor-widget-wrap elementor-element-populated\">\n\t\t\t\t\t\t<div class=\"elementor-element elementor-element-1630251 elementor-widget elementor-widget-heading\" data-id=\"1630251\" data-element_type=\"widget\" data-e-type=\"widget\" data-widget_type=\"heading.default\">\n\t\t\t\t<div class=\"elementor-widget-container\">\n\t\t\t\t\t<h2 class=\"elementor-heading-title elementor-size-default\">Children's book in Mallorca\n<\/h2>\t\t\t\t<\/div>\n\t\t\t\t<\/div>\n\t\t\t\t\t<\/div>\n\t\t<\/div>\n\t\t\t\t\t<\/div>\n\t\t<\/section>\n\t\t\t\t<section class=\"penci-section penci-disSticky penci-structure-10 elementor-section elementor-top-section elementor-element elementor-element-51ed0c7 elementor-section-boxed elementor-section-height-default elementor-section-height-default\" data-id=\"51ed0c7\" data-element_type=\"section\" data-e-type=\"section\">\n\t\t\t\t\t\t<div class=\"elementor-container elementor-column-gap-default\">\n\t\t\t\t\t<div class=\"penci-ercol-100 penci-ercol-order-1 penci-sticky-ct    elementor-column elementor-col-100 elementor-top-column elementor-element elementor-element-58f3b2c\" data-id=\"58f3b2c\" data-element_type=\"column\" data-e-type=\"column\">\n\t\t\t<div class=\"elementor-widget-wrap elementor-element-populated\">\n\t\t\t\t\t\t<div class=\"elementor-element elementor-element-860afdb elementor-widget elementor-widget-heading\" data-id=\"860afdb\" data-element_type=\"widget\" data-e-type=\"widget\" data-widget_type=\"heading.default\">\n\t\t\t\t<div class=\"elementor-widget-container\">\n\t\t\t\t\t<h3 class=\"elementor-heading-title elementor-size-default\">Not all photographers know how to work with children\n<\/h3>\t\t\t\t<\/div>\n\t\t\t\t<\/div>\n\t\t\t\t\t<\/div>\n\t\t<\/div>\n\t\t\t\t\t<\/div>\n\t\t<\/section>\n\t\t\t\t<section class=\"penci-section penci-disSticky penci-structure-10 elementor-section elementor-top-section elementor-element elementor-element-d0dfde0 elementor-section-boxed elementor-section-height-default elementor-section-height-default\" data-id=\"d0dfde0\" data-element_type=\"section\" data-e-type=\"section\">\n\t\t\t\t\t\t<div class=\"elementor-container elementor-column-gap-default\">\n\t\t\t\t\t<div class=\"penci-ercol-100 penci-ercol-order-1 penci-sticky-ct    elementor-column elementor-col-100 elementor-top-column elementor-element elementor-element-5b7c701\" data-id=\"5b7c701\" data-element_type=\"column\" data-e-type=\"column\">\n\t\t\t<div class=\"elementor-widget-wrap elementor-element-populated\">\n\t\t\t\t\t\t<div class=\"elementor-element elementor-element-3ba79b8 elementor-widget elementor-widget-text-editor\" data-id=\"3ba79b8\" data-element_type=\"widget\" data-e-type=\"widget\" data-widget_type=\"text-editor.default\">\n\t\t\t\t<div class=\"elementor-widget-container\">\n\t\t\t\t\t\t\t\t\t<p class=\"p1\">And this is something many parents realize too late. <strong>Working with children is not just about clicking a camera, it is about reading the moment, building trust, and creating a relaxed and fun environment where everything flows naturally.<\/strong> In my sessions there is no pressure and no rush. The child does not have to \u201cdo it right\u201d, they simply have to be themselves, and that is where the magic happens.<\/p>\t\t\t\t\t\t\t\t<\/div>\n\t\t\t\t<\/div>\n\t\t\t\t\t<\/div>\n\t\t<\/div>\n\t\t\t\t\t<\/div>\n\t\t<\/section>\n\t\t\t\t<section class=\"penci-section penci-disSticky penci-structure-10 elementor-section elementor-top-section elementor-element elementor-element-9a88334 elementor-section-full_width elementor-section-height-default elementor-section-height-default\" data-id=\"9a88334\" data-element_type=\"section\" data-e-type=\"section\">\n\t\t\t\t\t\t<div class=\"elementor-container elementor-column-gap-default\">\n\t\t\t\t\t<div class=\"penci-ercol-100 penci-ercol-order-1 penci-sticky-ct    elementor-column elementor-col-100 elementor-top-column elementor-element elementor-element-7d87ed4\" data-id=\"7d87ed4\" data-element_type=\"column\" data-e-type=\"column\">\n\t\t\t<div class=\"elementor-widget-wrap elementor-element-populated\">\n\t\t\t\t\t\t<div class=\"elementor-element elementor-element-157cba1 elementor-widget elementor-widget-image\" data-id=\"157cba1\" data-element_type=\"widget\" data-e-type=\"widget\" data-widget_type=\"image.default\">\n\t\t\t\t<div class=\"elementor-widget-container\">\n\t\t\t\t\t\t\t\t\t\t\t\t\t\t\t<img loading=\"lazy\" decoding=\"async\" width=\"787\" height=\"1078\" src=\"https:\/\/www.inmadelvalle.com\/wp-content\/uploads\/2026\/04\/childrens-portfolio-photographer-in-mallorca-06.webp\" class=\"attachment-full size-full wp-image-60928\" alt=\"girl sitting on a stool wearing a denim jacket during a children photo session\" srcset=\"https:\/\/www.inmadelvalle.com\/wp-content\/uploads\/2026\/04\/childrens-portfolio-photographer-in-mallorca-06.webp 787w, https:\/\/www.inmadelvalle.com\/wp-content\/uploads\/2026\/04\/childrens-portfolio-photographer-in-mallorca-06-219x300.webp 219w, https:\/\/www.inmadelvalle.com\/wp-content\/uploads\/2026\/04\/childrens-portfolio-photographer-in-mallorca-06-748x1024.webp 748w, https:\/\/www.inmadelvalle.com\/wp-content\/uploads\/2026\/04\/childrens-portfolio-photographer-in-mallorca-06-768x1052.webp 768w, https:\/\/www.inmadelvalle.com\/wp-content\/uploads\/2026\/04\/childrens-portfolio-photographer-in-mallorca-06-585x801.webp 585w\" sizes=\"(max-width: 787px) 100vw, 787px\" \/>\t\t\t\t\t\t\t\t\t\t\t\t\t\t\t<\/div>\n\t\t\t\t<\/div>\n\t\t\t\t\t<\/div>\n\t\t<\/div>\n\t\t\t\t\t<\/div>\n\t\t<\/section>\n\t\t\t\t<section class=\"penci-section penci-disSticky penci-structure-10 elementor-section elementor-top-section elementor-element elementor-element-105653d elementor-section-boxed elementor-section-height-default elementor-section-height-default\" data-id=\"105653d\" data-element_type=\"section\" data-e-type=\"section\">\n\t\t\t\t\t\t<div class=\"elementor-container elementor-column-gap-default\">\n\t\t\t\t\t<div class=\"penci-ercol-100 penci-ercol-order-1 penci-sticky-ct    elementor-column elementor-col-100 elementor-top-column elementor-element elementor-element-005b86f\" data-id=\"005b86f\" data-element_type=\"column\" data-e-type=\"column\">\n\t\t\t<div class=\"elementor-widget-wrap elementor-element-populated\">\n\t\t\t\t\t\t<div class=\"elementor-element elementor-element-9de8260 e-transform e-transform elementor-widget elementor-widget-html\" data-id=\"9de8260\" data-element_type=\"widget\" data-e-type=\"widget\" data-settings=\"{&quot;_transform_translateX_effect&quot;:{&quot;unit&quot;:&quot;px&quot;,&quot;size&quot;:12,&quot;sizes&quot;:[]},&quot;_transform_scale_effect&quot;:{&quot;unit&quot;:&quot;px&quot;,&quot;size&quot;:1.3,&quot;sizes&quot;:[]},&quot;_transform_translateX_effect_tablet&quot;:{&quot;unit&quot;:&quot;px&quot;,&quot;size&quot;:&quot;&quot;,&quot;sizes&quot;:[]},&quot;_transform_translateX_effect_mobile&quot;:{&quot;unit&quot;:&quot;px&quot;,&quot;size&quot;:&quot;&quot;,&quot;sizes&quot;:[]},&quot;_transform_translateY_effect&quot;:{&quot;unit&quot;:&quot;px&quot;,&quot;size&quot;:&quot;&quot;,&quot;sizes&quot;:[]},&quot;_transform_translateY_effect_tablet&quot;:{&quot;unit&quot;:&quot;px&quot;,&quot;size&quot;:&quot;&quot;,&quot;sizes&quot;:[]},&quot;_transform_translateY_effect_mobile&quot;:{&quot;unit&quot;:&quot;px&quot;,&quot;size&quot;:&quot;&quot;,&quot;sizes&quot;:[]},&quot;_transform_scale_effect_tablet&quot;:{&quot;unit&quot;:&quot;px&quot;,&quot;size&quot;:&quot;&quot;,&quot;sizes&quot;:[]},&quot;_transform_scale_effect_mobile&quot;:{&quot;unit&quot;:&quot;px&quot;,&quot;size&quot;:&quot;&quot;,&quot;sizes&quot;:[]}}\" data-widget_type=\"html.default\">\n\t\t\t\t<div class=\"elementor-widget-container\">\n\t\t\t\t\t<!-- Elegant Vogue-style font -->\n<link href=\"https:\/\/fonts.googleapis.com\/css2?family=Playfair+Display:wght@500;600&display=swap\" rel=\"stylesheet\">\n\n<style>\n.instagram-button-wrapper {\n  display: flex;\n  justify-content: center;\n  align-items: center;\n  padding: 20px 20px;\n  background-color: #ffffff;\n}\n\n.elegant-instagram-button {\n  display: inline-block;\n  background-color: #ffffff !important;\n  color: #000000 !important; \/* Forced to black *\/\n  border: 2px solid #e8b4cc;\n  padding: 16px 28px;\n  border-radius: 40px;\n  font-size: 14px;\n  font-weight: 500;\n  text-decoration: none !important;\n  font-family: 'Playfair Display', serif !important;\n  transition: all 0.3s ease;\n  box-shadow: 0 6px 16px rgba(0, 0, 0, 0.04);\n  max-width: 90%;\n  text-align: center;\n  line-height: 1.5;\n}\n\n.elegant-instagram-button:hover {\n  background-color: #fceef4 !important;\n  color: #000000 !important;\n  box-shadow: 0 10px 30px rgba(0, 0, 0, 0.06);\n}\n<\/style>\n\n<div class=\"instagram-button-wrapper\">\n  <a class=\"elegant-instagram-button\"\n     href=\"https:\/\/www.instagram.com\/inmadelvallephotography\/\"\n     target=\"_blank\"\n     rel=\"noopener noreferrer\">\n     Follow me on Instagram @inmadelvallephotography to see more books and weddings in Mallorca, Mexico, and Italy\n  <\/a>\n<\/div>\t\t\t\t<\/div>\n\t\t\t\t<\/div>\n\t\t\t\t\t<\/div>\n\t\t<\/div>\n\t\t\t\t\t<\/div>\n\t\t<\/section>\n\t\t\t\t<section class=\"penci-section penci-disSticky penci-structure-10 elementor-section elementor-top-section elementor-element elementor-element-15f77c9 elementor-section-boxed elementor-section-height-default elementor-section-height-default\" data-id=\"15f77c9\" data-element_type=\"section\" data-e-type=\"section\">\n\t\t\t\t\t\t<div class=\"elementor-container elementor-column-gap-default\">\n\t\t\t\t\t<div class=\"penci-ercol-100 penci-ercol-order-1 penci-sticky-ct    elementor-column elementor-col-100 elementor-top-column elementor-element elementor-element-22bcf6b\" data-id=\"22bcf6b\" data-element_type=\"column\" data-e-type=\"column\">\n\t\t\t<div class=\"elementor-widget-wrap elementor-element-populated\">\n\t\t\t\t\t\t<div class=\"elementor-element elementor-element-f2f82f2 elementor-widget elementor-widget-heading\" data-id=\"f2f82f2\" data-element_type=\"widget\" data-e-type=\"widget\" data-widget_type=\"heading.default\">\n\t\t\t\t<div class=\"elementor-widget-container\">\n\t\t\t\t\t<h2 class=\"elementor-heading-title elementor-size-default\">Professional photographer Mallorca<\/h2>\t\t\t\t<\/div>\n\t\t\t\t<\/div>\n\t\t\t\t\t<\/div>\n\t\t<\/div>\n\t\t\t\t\t<\/div>\n\t\t<\/section>\n\t\t\t\t<section class=\"penci-section penci-disSticky penci-structure-10 elementor-section elementor-top-section elementor-element elementor-element-d03d056 elementor-section-boxed elementor-section-height-default elementor-section-height-default\" data-id=\"d03d056\" data-element_type=\"section\" data-e-type=\"section\">\n\t\t\t\t\t\t<div class=\"elementor-container elementor-column-gap-default\">\n\t\t\t\t\t<div class=\"penci-ercol-100 penci-ercol-order-1 penci-sticky-ct    elementor-column elementor-col-100 elementor-top-column elementor-element elementor-element-28a1351\" data-id=\"28a1351\" data-element_type=\"column\" data-e-type=\"column\">\n\t\t\t<div class=\"elementor-widget-wrap elementor-element-populated\">\n\t\t\t\t\t\t<div class=\"elementor-element elementor-element-37cf098 elementor-widget elementor-widget-heading\" data-id=\"37cf098\" data-element_type=\"widget\" data-e-type=\"widget\" data-widget_type=\"heading.default\">\n\t\t\t\t<div class=\"elementor-widget-container\">\n\t\t\t\t\t<h3 class=\"elementor-heading-title elementor-size-default\">What a session with me is like\n<\/h3>\t\t\t\t<\/div>\n\t\t\t\t<\/div>\n\t\t\t\t\t<\/div>\n\t\t<\/div>\n\t\t\t\t\t<\/div>\n\t\t<\/section>\n\t\t\t\t<section class=\"penci-section penci-disSticky penci-structure-10 elementor-section elementor-top-section elementor-element elementor-element-072056c elementor-section-boxed elementor-section-height-default elementor-section-height-default\" data-id=\"072056c\" data-element_type=\"section\" data-e-type=\"section\">\n\t\t\t\t\t\t<div class=\"elementor-container elementor-column-gap-default\">\n\t\t\t\t\t<div class=\"penci-ercol-100 penci-ercol-order-1 penci-sticky-ct    elementor-column elementor-col-100 elementor-top-column elementor-element elementor-element-78188e6\" data-id=\"78188e6\" data-element_type=\"column\" data-e-type=\"column\">\n\t\t\t<div class=\"elementor-widget-wrap elementor-element-populated\">\n\t\t\t\t\t\t<div class=\"elementor-element elementor-element-3a3162d elementor-widget elementor-widget-text-editor\" data-id=\"3a3162d\" data-element_type=\"widget\" data-e-type=\"widget\" data-widget_type=\"text-editor.default\">\n\t\t\t\t<div class=\"elementor-widget-container\">\n\t\t\t\t\t\t\t\t\t<p><strong>Each session is designed so the child feels comfortable from the very first moment.<\/strong><\/p><p>I work with:<\/p><p>-natural or carefully controlled light<br \/>-clean backgrounds<br \/>-gentle direction<\/p><p>I do not use costumes or unnecessary props. I want the photos to work with real agencies, not just on social media.<\/p><p>During the session:<\/p><p>-we play<br \/>-and we talk<br \/>-we let everything flow<\/p><p>And little by little, without even noticing, those expressions that cannot be forced begin to appear.<\/p>\t\t\t\t\t\t\t\t<\/div>\n\t\t\t\t<\/div>\n\t\t\t\t\t<\/div>\n\t\t<\/div>\n\t\t\t\t\t<\/div>\n\t\t<\/section>\n\t\t\t\t<section class=\"penci-section penci-disSticky penci-structure-10 elementor-section elementor-top-section elementor-element elementor-element-bbb1c8e elementor-section-full_width elementor-section-height-default elementor-section-height-default\" data-id=\"bbb1c8e\" data-element_type=\"section\" data-e-type=\"section\">\n\t\t\t\t\t\t<div class=\"elementor-container elementor-column-gap-default\">\n\t\t\t\t\t<div class=\"penci-ercol-100 penci-ercol-order-1 penci-sticky-ct    elementor-column elementor-col-100 elementor-top-column elementor-element elementor-element-75410f5\" data-id=\"75410f5\" data-element_type=\"column\" data-e-type=\"column\">\n\t\t\t<div class=\"elementor-widget-wrap elementor-element-populated\">\n\t\t\t\t\t\t<div class=\"elementor-element elementor-element-d560486 elementor-widget elementor-widget-image\" data-id=\"d560486\" data-element_type=\"widget\" data-e-type=\"widget\" data-widget_type=\"image.default\">\n\t\t\t\t<div class=\"elementor-widget-container\">\n\t\t\t\t\t\t\t\t\t\t\t\t\t\t\t<img loading=\"lazy\" decoding=\"async\" width=\"787\" height=\"1065\" src=\"https:\/\/www.inmadelvalle.com\/wp-content\/uploads\/2026\/04\/childrens-portfolio-photographer-in-mallorca-10.webp\" class=\"attachment-full size-full wp-image-60932\" alt=\"girl leaning on a chair during a session with a children portfolio photographer in Mallorca\" srcset=\"https:\/\/www.inmadelvalle.com\/wp-content\/uploads\/2026\/04\/childrens-portfolio-photographer-in-mallorca-10.webp 787w, https:\/\/www.inmadelvalle.com\/wp-content\/uploads\/2026\/04\/childrens-portfolio-photographer-in-mallorca-10-222x300.webp 222w, https:\/\/www.inmadelvalle.com\/wp-content\/uploads\/2026\/04\/childrens-portfolio-photographer-in-mallorca-10-757x1024.webp 757w, https:\/\/www.inmadelvalle.com\/wp-content\/uploads\/2026\/04\/childrens-portfolio-photographer-in-mallorca-10-768x1039.webp 768w, https:\/\/www.inmadelvalle.com\/wp-content\/uploads\/2026\/04\/childrens-portfolio-photographer-in-mallorca-10-585x792.webp 585w, https:\/\/www.inmadelvalle.com\/wp-content\/uploads\/2026\/04\/childrens-portfolio-photographer-in-mallorca-10-480x650.webp 480w\" sizes=\"(max-width: 787px) 100vw, 787px\" \/>\t\t\t\t\t\t\t\t\t\t\t\t\t\t\t<\/div>\n\t\t\t\t<\/div>\n\t\t\t\t\t<\/div>\n\t\t<\/div>\n\t\t\t\t\t<\/div>\n\t\t<\/section>\n\t\t\t\t<section class=\"penci-section penci-disSticky penci-structure-10 elementor-section elementor-top-section elementor-element elementor-element-d3bd475 elementor-section-boxed elementor-section-height-default elementor-section-height-default\" data-id=\"d3bd475\" data-element_type=\"section\" data-e-type=\"section\">\n\t\t\t\t\t\t<div class=\"elementor-container elementor-column-gap-default\">\n\t\t\t\t\t<div class=\"penci-ercol-100 penci-ercol-order-1 penci-sticky-ct    elementor-column elementor-col-100 elementor-top-column elementor-element elementor-element-5078e58\" data-id=\"5078e58\" data-element_type=\"column\" data-e-type=\"column\">\n\t\t\t<div class=\"elementor-widget-wrap elementor-element-populated\">\n\t\t\t\t\t\t<div class=\"elementor-element elementor-element-3fa6463 elementor-widget elementor-widget-heading\" data-id=\"3fa6463\" data-element_type=\"widget\" data-e-type=\"widget\" data-widget_type=\"heading.default\">\n\t\t\t\t<div class=\"elementor-widget-container\">\n\t\t\t\t\t<h2 class=\"elementor-heading-title elementor-size-default\">Children's photographer for agencies in Mallorca\n<\/h2>\t\t\t\t<\/div>\n\t\t\t\t<\/div>\n\t\t\t\t\t<\/div>\n\t\t<\/div>\n\t\t\t\t\t<\/div>\n\t\t<\/section>\n\t\t\t\t<section class=\"penci-section penci-disSticky penci-structure-10 elementor-section elementor-top-section elementor-element elementor-element-d362412 elementor-section-boxed elementor-section-height-default elementor-section-height-default\" data-id=\"d362412\" data-element_type=\"section\" data-e-type=\"section\">\n\t\t\t\t\t\t<div class=\"elementor-container elementor-column-gap-default\">\n\t\t\t\t\t<div class=\"penci-ercol-100 penci-ercol-order-1 penci-sticky-ct    elementor-column elementor-col-100 elementor-top-column elementor-element elementor-element-a9a9cbc\" data-id=\"a9a9cbc\" data-element_type=\"column\" data-e-type=\"column\">\n\t\t\t<div class=\"elementor-widget-wrap elementor-element-populated\">\n\t\t\t\t\t\t<div class=\"elementor-element elementor-element-67d73e1 elementor-widget elementor-widget-heading\" data-id=\"67d73e1\" data-element_type=\"widget\" data-e-type=\"widget\" data-widget_type=\"heading.default\">\n\t\t\t\t<div class=\"elementor-widget-container\">\n\t\t\t\t\t<h3 class=\"elementor-heading-title elementor-size-default\">What kind of photos will you get?\n<\/h3>\t\t\t\t<\/div>\n\t\t\t\t<\/div>\n\t\t\t\t\t<\/div>\n\t\t<\/div>\n\t\t\t\t\t<\/div>\n\t\t<\/section>\n\t\t\t\t<section class=\"penci-section penci-disSticky penci-structure-10 elementor-section elementor-top-section elementor-element elementor-element-40e7d0c elementor-section-boxed elementor-section-height-default elementor-section-height-default\" data-id=\"40e7d0c\" data-element_type=\"section\" data-e-type=\"section\">\n\t\t\t\t\t\t<div class=\"elementor-container elementor-column-gap-default\">\n\t\t\t\t\t<div class=\"penci-ercol-100 penci-ercol-order-1 penci-sticky-ct    elementor-column elementor-col-100 elementor-top-column elementor-element elementor-element-09a9c29\" data-id=\"09a9c29\" data-element_type=\"column\" data-e-type=\"column\">\n\t\t\t<div class=\"elementor-widget-wrap elementor-element-populated\">\n\t\t\t\t\t\t<div class=\"elementor-element elementor-element-1f51b88 elementor-widget elementor-widget-text-editor\" data-id=\"1f51b88\" data-element_type=\"widget\" data-e-type=\"widget\" data-widget_type=\"text-editor.default\">\n\t\t\t\t<div class=\"elementor-widget-container\">\n\t\t\t\t\t\t\t\t\t<p>The result is not just any gallery.<\/p><p><strong>It is a set of images that works as a professional presentation.<\/strong><\/p><p>Photos that show:<\/p><p>sweetness<br \/>confidence<br \/>naturalness<br \/>character<\/p><p>Each image has a purpose.<\/p>\t\t\t\t\t\t\t\t<\/div>\n\t\t\t\t<\/div>\n\t\t\t\t\t<\/div>\n\t\t<\/div>\n\t\t\t\t\t<\/div>\n\t\t<\/section>\n\t\t\t\t<section class=\"penci-section penci-disSticky penci-structure-10 elementor-section elementor-top-section elementor-element elementor-element-642d1e8 elementor-section-boxed elementor-section-height-default elementor-section-height-default\" data-id=\"642d1e8\" data-element_type=\"section\" data-e-type=\"section\">\n\t\t\t\t\t\t<div class=\"elementor-container elementor-column-gap-default\">\n\t\t\t\t\t<div class=\"penci-ercol-100 penci-ercol-order-1 penci-sticky-ct    elementor-column elementor-col-100 elementor-top-column elementor-element elementor-element-d3467be\" data-id=\"d3467be\" data-element_type=\"column\" data-e-type=\"column\">\n\t\t\t<div class=\"elementor-widget-wrap elementor-element-populated\">\n\t\t\t\t\t\t<div class=\"elementor-element elementor-element-f9f1210 elementor-widget elementor-widget-heading\" data-id=\"f9f1210\" data-element_type=\"widget\" data-e-type=\"widget\" data-widget_type=\"heading.default\">\n\t\t\t\t<div class=\"elementor-widget-container\">\n\t\t\t\t\t<h3 class=\"elementor-heading-title elementor-size-default\"><a href=\"http:\/\/www.instagram.com\/inmadelvallephotography\">Follow me on Instagram @inmadelvallephotography to see more books and weddings in Mallorca, Mexico and Italy.<\/a><\/h3>\t\t\t\t<\/div>\n\t\t\t\t<\/div>\n\t\t\t\t\t<\/div>\n\t\t<\/div>\n\t\t\t\t\t<\/div>\n\t\t<\/section>\n\t\t\t\t<section class=\"penci-section penci-disSticky penci-structure-10 elementor-section elementor-top-section elementor-element elementor-element-89ff519 elementor-section-full_width elementor-section-height-default elementor-section-height-default\" data-id=\"89ff519\" data-element_type=\"section\" data-e-type=\"section\">\n\t\t\t\t\t\t<div class=\"elementor-container elementor-column-gap-default\">\n\t\t\t\t\t<div class=\"penci-ercol-100 penci-ercol-order-1 penci-sticky-ct    elementor-column elementor-col-100 elementor-top-column elementor-element elementor-element-8850222\" data-id=\"8850222\" data-element_type=\"column\" data-e-type=\"column\">\n\t\t\t<div class=\"elementor-widget-wrap elementor-element-populated\">\n\t\t\t\t\t\t<div class=\"elementor-element elementor-element-aac60f7 elementor-widget elementor-widget-image\" data-id=\"aac60f7\" data-element_type=\"widget\" data-e-type=\"widget\" data-widget_type=\"image.default\">\n\t\t\t\t<div class=\"elementor-widget-container\">\n\t\t\t\t\t\t\t\t\t\t\t\t\t\t\t<img loading=\"lazy\" decoding=\"async\" width=\"787\" height=\"1114\" src=\"https:\/\/www.inmadelvalle.com\/wp-content\/uploads\/2026\/04\/childrens-portfolio-photographer-in-mallorca-11.webp\" class=\"attachment-full size-full wp-image-60933\" alt=\"smiling girl standing during a children photo session with a neutral background\" srcset=\"https:\/\/www.inmadelvalle.com\/wp-content\/uploads\/2026\/04\/childrens-portfolio-photographer-in-mallorca-11.webp 787w, https:\/\/www.inmadelvalle.com\/wp-content\/uploads\/2026\/04\/childrens-portfolio-photographer-in-mallorca-11-212x300.webp 212w, https:\/\/www.inmadelvalle.com\/wp-content\/uploads\/2026\/04\/childrens-portfolio-photographer-in-mallorca-11-723x1024.webp 723w, https:\/\/www.inmadelvalle.com\/wp-content\/uploads\/2026\/04\/childrens-portfolio-photographer-in-mallorca-11-768x1087.webp 768w, https:\/\/www.inmadelvalle.com\/wp-content\/uploads\/2026\/04\/childrens-portfolio-photographer-in-mallorca-11-585x828.webp 585w\" sizes=\"(max-width: 787px) 100vw, 787px\" \/>\t\t\t\t\t\t\t\t\t\t\t\t\t\t\t<\/div>\n\t\t\t\t<\/div>\n\t\t\t\t\t<\/div>\n\t\t<\/div>\n\t\t\t\t\t<\/div>\n\t\t<\/section>\n\t\t\t\t<section class=\"penci-section penci-disSticky penci-structure-10 elementor-section elementor-top-section elementor-element elementor-element-c8e5990 elementor-section-boxed elementor-section-height-default elementor-section-height-default\" data-id=\"c8e5990\" data-element_type=\"section\" data-e-type=\"section\">\n\t\t\t\t\t\t<div class=\"elementor-container elementor-column-gap-default\">\n\t\t\t\t\t<div class=\"penci-ercol-100 penci-ercol-order-1 penci-sticky-ct    elementor-column elementor-col-100 elementor-top-column elementor-element elementor-element-22c22cf\" data-id=\"22c22cf\" data-element_type=\"column\" data-e-type=\"column\">\n\t\t\t<div class=\"elementor-widget-wrap elementor-element-populated\">\n\t\t\t\t\t\t<div class=\"elementor-element elementor-element-0f8dfa2 elementor-widget elementor-widget-heading\" data-id=\"0f8dfa2\" data-element_type=\"widget\" data-e-type=\"widget\" data-widget_type=\"heading.default\">\n\t\t\t\t<div class=\"elementor-widget-container\">\n\t\t\t\t\t<h3 class=\"elementor-heading-title elementor-size-default\">Why a professional photographer in Mallorca<\/h3>\t\t\t\t<\/div>\n\t\t\t\t<\/div>\n\t\t\t\t\t<\/div>\n\t\t<\/div>\n\t\t\t\t\t<\/div>\n\t\t<\/section>\n\t\t\t\t<section class=\"penci-section penci-disSticky penci-structure-10 elementor-section elementor-top-section elementor-element elementor-element-2adfab5 elementor-section-boxed elementor-section-height-default elementor-section-height-default\" data-id=\"2adfab5\" data-element_type=\"section\" data-e-type=\"section\">\n\t\t\t\t\t\t<div class=\"elementor-container elementor-column-gap-default\">\n\t\t\t\t\t<div class=\"penci-ercol-100 penci-ercol-order-1 penci-sticky-ct    elementor-column elementor-col-100 elementor-top-column elementor-element elementor-element-ce5fbcf\" data-id=\"ce5fbcf\" data-element_type=\"column\" data-e-type=\"column\">\n\t\t\t<div class=\"elementor-widget-wrap elementor-element-populated\">\n\t\t\t\t\t\t<div class=\"elementor-element elementor-element-4f90274 elementor-widget elementor-widget-text-editor\" data-id=\"4f90274\" data-element_type=\"widget\" data-e-type=\"widget\" data-widget_type=\"text-editor.default\">\n\t\t\t\t<div class=\"elementor-widget-container\">\n\t\t\t\t\t\t\t\t\t<p>This is key. Many photos can be beautiful, but not all of them work in the professional world. A well crafted <a href=\"https:\/\/www.inmadelvalle.com\/en\/book-to-girl-model-mallorca\/\"><strong>professional children&#8217;s portfolio Mallorca<\/strong><\/a> is planned strategically:<\/p><p>what to show<br \/>how to show it<br \/>what to communicate<\/p><p>I do not leave this to chance.<\/p>\t\t\t\t\t\t\t\t<\/div>\n\t\t\t\t<\/div>\n\t\t\t\t\t<\/div>\n\t\t<\/div>\n\t\t\t\t\t<\/div>\n\t\t<\/section>\n\t\t\t\t<section class=\"penci-section penci-disSticky penci-structure-10 elementor-section elementor-top-section elementor-element elementor-element-bd074fc elementor-section-full_width elementor-section-height-default elementor-section-height-default\" data-id=\"bd074fc\" data-element_type=\"section\" data-e-type=\"section\">\n\t\t\t\t\t\t<div class=\"elementor-container elementor-column-gap-default\">\n\t\t\t\t\t<div class=\"penci-ercol-100 penci-ercol-order-1 penci-sticky-ct    elementor-column elementor-col-100 elementor-top-column elementor-element elementor-element-e0ce1e1\" data-id=\"e0ce1e1\" data-element_type=\"column\" data-e-type=\"column\">\n\t\t\t<div class=\"elementor-widget-wrap elementor-element-populated\">\n\t\t\t\t\t\t<div class=\"elementor-element elementor-element-94e1d08 elementor-widget elementor-widget-image\" data-id=\"94e1d08\" data-element_type=\"widget\" data-e-type=\"widget\" data-widget_type=\"image.default\">\n\t\t\t\t<div class=\"elementor-widget-container\">\n\t\t\t\t\t\t\t\t\t\t\t\t\t\t\t<img loading=\"lazy\" decoding=\"async\" width=\"787\" height=\"1135\" src=\"https:\/\/www.inmadelvalle.com\/wp-content\/uploads\/2026\/04\/childrens-portfolio-photographer-in-mallorca-04.webp\" class=\"attachment-full size-full wp-image-60927\" alt=\"smiling girl sitting on a stool during a children photo session\" srcset=\"https:\/\/www.inmadelvalle.com\/wp-content\/uploads\/2026\/04\/childrens-portfolio-photographer-in-mallorca-04.webp 787w, https:\/\/www.inmadelvalle.com\/wp-content\/uploads\/2026\/04\/childrens-portfolio-photographer-in-mallorca-04-208x300.webp 208w, https:\/\/www.inmadelvalle.com\/wp-content\/uploads\/2026\/04\/childrens-portfolio-photographer-in-mallorca-04-710x1024.webp 710w, https:\/\/www.inmadelvalle.com\/wp-content\/uploads\/2026\/04\/childrens-portfolio-photographer-in-mallorca-04-768x1108.webp 768w, https:\/\/www.inmadelvalle.com\/wp-content\/uploads\/2026\/04\/childrens-portfolio-photographer-in-mallorca-04-585x844.webp 585w\" sizes=\"(max-width: 787px) 100vw, 787px\" \/>\t\t\t\t\t\t\t\t\t\t\t\t\t\t\t<\/div>\n\t\t\t\t<\/div>\n\t\t\t\t\t<\/div>\n\t\t<\/div>\n\t\t\t\t\t<\/div>\n\t\t<\/section>\n\t\t\t\t<section class=\"penci-section penci-disSticky penci-structure-10 elementor-section elementor-top-section elementor-element elementor-element-d185337 elementor-section-boxed elementor-section-height-default elementor-section-height-default\" data-id=\"d185337\" data-element_type=\"section\" data-e-type=\"section\">\n\t\t\t\t\t\t<div class=\"elementor-container elementor-column-gap-default\">\n\t\t\t\t\t<div class=\"penci-ercol-100 penci-ercol-order-1 penci-sticky-ct    elementor-column elementor-col-100 elementor-top-column elementor-element elementor-element-28dc947\" data-id=\"28dc947\" data-element_type=\"column\" data-e-type=\"column\">\n\t\t\t<div class=\"elementor-widget-wrap elementor-element-populated\">\n\t\t\t\t\t\t<div class=\"elementor-element elementor-element-4097c7f elementor-widget elementor-widget-heading\" data-id=\"4097c7f\" data-element_type=\"widget\" data-e-type=\"widget\" data-widget_type=\"heading.default\">\n\t\t\t\t<div class=\"elementor-widget-container\">\n\t\t\t\t\t<h2 class=\"elementor-heading-title elementor-size-default\">Children's photo shoot in Mallorca\n<\/h2>\t\t\t\t<\/div>\n\t\t\t\t<\/div>\n\t\t\t\t\t<\/div>\n\t\t<\/div>\n\t\t\t\t\t<\/div>\n\t\t<\/section>\n\t\t\t\t<section class=\"penci-section penci-disSticky penci-structure-10 elementor-section elementor-top-section elementor-element elementor-element-7a88bd4 elementor-section-boxed elementor-section-height-default elementor-section-height-default\" data-id=\"7a88bd4\" data-element_type=\"section\" data-e-type=\"section\">\n\t\t\t\t\t\t<div class=\"elementor-container elementor-column-gap-default\">\n\t\t\t\t\t<div class=\"penci-ercol-100 penci-ercol-order-1 penci-sticky-ct    elementor-column elementor-col-100 elementor-top-column elementor-element elementor-element-5e4997c\" data-id=\"5e4997c\" data-element_type=\"column\" data-e-type=\"column\">\n\t\t\t<div class=\"elementor-widget-wrap elementor-element-populated\">\n\t\t\t\t\t\t<div class=\"elementor-element elementor-element-09eae35 elementor-widget elementor-widget-heading\" data-id=\"09eae35\" data-element_type=\"widget\" data-e-type=\"widget\" data-widget_type=\"heading.default\">\n\t\t\t\t<div class=\"elementor-widget-container\">\n\t\t\t\t\t<h3 class=\"elementor-heading-title elementor-size-default\">The importance of selection\n<\/h3>\t\t\t\t<\/div>\n\t\t\t\t<\/div>\n\t\t\t\t\t<\/div>\n\t\t<\/div>\n\t\t\t\t\t<\/div>\n\t\t<\/section>\n\t\t\t\t<section class=\"penci-section penci-disSticky penci-structure-10 elementor-section elementor-top-section elementor-element elementor-element-806a94a elementor-section-boxed elementor-section-height-default elementor-section-height-default\" data-id=\"806a94a\" data-element_type=\"section\" data-e-type=\"section\">\n\t\t\t\t\t\t<div class=\"elementor-container elementor-column-gap-default\">\n\t\t\t\t\t<div class=\"penci-ercol-100 penci-ercol-order-1 penci-sticky-ct    elementor-column elementor-col-100 elementor-top-column elementor-element elementor-element-5ac91c3\" data-id=\"5ac91c3\" data-element_type=\"column\" data-e-type=\"column\">\n\t\t\t<div class=\"elementor-widget-wrap elementor-element-populated\">\n\t\t\t\t\t\t<div class=\"elementor-element elementor-element-53fc70c elementor-widget elementor-widget-text-editor\" data-id=\"53fc70c\" data-element_type=\"widget\" data-e-type=\"widget\" data-widget_type=\"text-editor.default\">\n\t\t\t\t<div class=\"elementor-widget-container\">\n\t\t\t\t\t\t\t\t\t<p class=\"p1\">I do not deliver hundreds of meaningless photos. <strong>I make a carefully curated selection of the best images<\/strong>, the ones that truly add value. Typically, an effective portfolio is made up of 15 photos, no more, no less.<\/p>\t\t\t\t\t\t\t\t<\/div>\n\t\t\t\t<\/div>\n\t\t\t\t\t<\/div>\n\t\t<\/div>\n\t\t\t\t\t<\/div>\n\t\t<\/section>\n\t\t\t\t<section class=\"penci-section penci-disSticky penci-structure-10 elementor-section elementor-top-section elementor-element elementor-element-45307c0 elementor-section-boxed elementor-section-height-default elementor-section-height-default\" data-id=\"45307c0\" data-element_type=\"section\" data-e-type=\"section\">\n\t\t\t\t\t\t<div class=\"elementor-container elementor-column-gap-default\">\n\t\t\t\t\t<div class=\"penci-ercol-100 penci-ercol-order-1 penci-sticky-ct    elementor-column elementor-col-100 elementor-top-column elementor-element elementor-element-49aa6a7\" data-id=\"49aa6a7\" data-element_type=\"column\" data-e-type=\"column\">\n\t\t\t<div class=\"elementor-widget-wrap elementor-element-populated\">\n\t\t\t\t\t\t<div class=\"elementor-element elementor-element-8240d81 elementor-widget elementor-widget-heading\" data-id=\"8240d81\" data-element_type=\"widget\" data-e-type=\"widget\" data-widget_type=\"heading.default\">\n\t\t\t\t<div class=\"elementor-widget-container\">\n\t\t\t\t\t<h3 class=\"elementor-heading-title elementor-size-default\">What to expect from a professional photographer\n<\/h3>\t\t\t\t<\/div>\n\t\t\t\t<\/div>\n\t\t\t\t\t<\/div>\n\t\t<\/div>\n\t\t\t\t\t<\/div>\n\t\t<\/section>\n\t\t\t\t<section class=\"penci-section penci-disSticky penci-structure-10 elementor-section elementor-top-section elementor-element elementor-element-7e51fa8 elementor-section-boxed elementor-section-height-default elementor-section-height-default\" data-id=\"7e51fa8\" data-element_type=\"section\" data-e-type=\"section\">\n\t\t\t\t\t\t<div class=\"elementor-container elementor-column-gap-default\">\n\t\t\t\t\t<div class=\"penci-ercol-100 penci-ercol-order-1 penci-sticky-ct    elementor-column elementor-col-100 elementor-top-column elementor-element elementor-element-6b4bdb2\" data-id=\"6b4bdb2\" data-element_type=\"column\" data-e-type=\"column\">\n\t\t\t<div class=\"elementor-widget-wrap elementor-element-populated\">\n\t\t\t\t\t\t<div class=\"elementor-element elementor-element-dad37d7 elementor-widget elementor-widget-text-editor\" data-id=\"dad37d7\" data-element_type=\"widget\" data-e-type=\"widget\" data-widget_type=\"text-editor.default\">\n\t\t\t\t<div class=\"elementor-widget-container\">\n\t\t\t\t\t\t\t\t\t<p>If you are looking for a <strong>children&#8217;s portfolio photographer Mallorca<\/strong>, you should expect:<\/p><p>-real experience working with children<br \/>-the ability to guide without forcing<br \/>-knowledge of the agency industry<br \/>-natural and elegant results<\/p><p>And above all, someone you can trust, because you are placing your child\u2019s image in their hands.<\/p>\t\t\t\t\t\t\t\t<\/div>\n\t\t\t\t<\/div>\n\t\t\t\t\t<\/div>\n\t\t<\/div>\n\t\t\t\t\t<\/div>\n\t\t<\/section>\n\t\t\t\t<section class=\"penci-section penci-disSticky penci-structure-10 elementor-section elementor-top-section elementor-element elementor-element-332c058 elementor-section-full_width elementor-section-height-default elementor-section-height-default\" data-id=\"332c058\" data-element_type=\"section\" data-e-type=\"section\">\n\t\t\t\t\t\t<div class=\"elementor-container elementor-column-gap-default\">\n\t\t\t\t\t<div class=\"penci-ercol-100 penci-ercol-order-1 penci-sticky-ct    elementor-column elementor-col-100 elementor-top-column elementor-element elementor-element-7fb26d2\" data-id=\"7fb26d2\" data-element_type=\"column\" data-e-type=\"column\">\n\t\t\t<div class=\"elementor-widget-wrap elementor-element-populated\">\n\t\t\t\t\t\t<div class=\"elementor-element elementor-element-c513b9d elementor-widget elementor-widget-image\" data-id=\"c513b9d\" data-element_type=\"widget\" data-e-type=\"widget\" data-widget_type=\"image.default\">\n\t\t\t\t<div class=\"elementor-widget-container\">\n\t\t\t\t\t\t\t\t\t\t\t\t\t\t\t<img loading=\"lazy\" decoding=\"async\" width=\"787\" height=\"1011\" src=\"https:\/\/www.inmadelvalle.com\/wp-content\/uploads\/2026\/04\/childrens-portfolio-photographer-in-mallorca-01.webp\" class=\"attachment-full size-full wp-image-60924\" alt=\"smiling girl during a children photo session with a neutral background\" srcset=\"https:\/\/www.inmadelvalle.com\/wp-content\/uploads\/2026\/04\/childrens-portfolio-photographer-in-mallorca-01.webp 787w, https:\/\/www.inmadelvalle.com\/wp-content\/uploads\/2026\/04\/childrens-portfolio-photographer-in-mallorca-01-234x300.webp 234w, https:\/\/www.inmadelvalle.com\/wp-content\/uploads\/2026\/04\/childrens-portfolio-photographer-in-mallorca-01-768x987.webp 768w, https:\/\/www.inmadelvalle.com\/wp-content\/uploads\/2026\/04\/childrens-portfolio-photographer-in-mallorca-01-585x752.webp 585w\" sizes=\"(max-width: 787px) 100vw, 787px\" \/>\t\t\t\t\t\t\t\t\t\t\t\t\t\t\t<\/div>\n\t\t\t\t<\/div>\n\t\t\t\t\t<\/div>\n\t\t<\/div>\n\t\t\t\t\t<\/div>\n\t\t<\/section>\n\t\t\t\t<section class=\"penci-section penci-disSticky penci-structure-10 elementor-section elementor-top-section elementor-element elementor-element-f54c5e9 elementor-section-boxed elementor-section-height-default elementor-section-height-default\" data-id=\"f54c5e9\" data-element_type=\"section\" data-e-type=\"section\">\n\t\t\t\t\t\t<div class=\"elementor-container elementor-column-gap-default\">\n\t\t\t\t\t<div class=\"penci-ercol-100 penci-ercol-order-1 penci-sticky-ct    elementor-column elementor-col-100 elementor-top-column elementor-element elementor-element-2142b7d\" data-id=\"2142b7d\" data-element_type=\"column\" data-e-type=\"column\">\n\t\t\t<div class=\"elementor-widget-wrap elementor-element-populated\">\n\t\t\t\t\t\t<div class=\"elementor-element elementor-element-2059a9a elementor-widget elementor-widget-heading\" data-id=\"2059a9a\" data-element_type=\"widget\" data-e-type=\"widget\" data-widget_type=\"heading.default\">\n\t\t\t\t<div class=\"elementor-widget-container\">\n\t\t\t\t\t<h2 class=\"elementor-heading-title elementor-size-default\">Children's portfolio photographer Mallorca<\/h2>\t\t\t\t<\/div>\n\t\t\t\t<\/div>\n\t\t\t\t\t<\/div>\n\t\t<\/div>\n\t\t\t\t\t<\/div>\n\t\t<\/section>\n\t\t\t\t<section class=\"penci-section penci-disSticky penci-structure-10 elementor-section elementor-top-section elementor-element elementor-element-e6028ec elementor-section-boxed elementor-section-height-default elementor-section-height-default\" data-id=\"e6028ec\" data-element_type=\"section\" data-e-type=\"section\">\n\t\t\t\t\t\t<div class=\"elementor-container elementor-column-gap-default\">\n\t\t\t\t\t<div class=\"penci-ercol-100 penci-ercol-order-1 penci-sticky-ct    elementor-column elementor-col-100 elementor-top-column elementor-element elementor-element-deca43c\" data-id=\"deca43c\" data-element_type=\"column\" data-e-type=\"column\">\n\t\t\t<div class=\"elementor-widget-wrap elementor-element-populated\">\n\t\t\t\t\t\t<div class=\"elementor-element elementor-element-0e9f295 elementor-widget elementor-widget-heading\" data-id=\"0e9f295\" data-element_type=\"widget\" data-e-type=\"widget\" data-widget_type=\"heading.default\">\n\t\t\t\t<div class=\"elementor-widget-container\">\n\t\t\t\t\t<h3 class=\"elementor-heading-title elementor-size-default\">Is it a good investment?\n<\/h3>\t\t\t\t<\/div>\n\t\t\t\t<\/div>\n\t\t\t\t\t<\/div>\n\t\t<\/div>\n\t\t\t\t\t<\/div>\n\t\t<\/section>\n\t\t\t\t<section class=\"penci-section penci-disSticky penci-structure-10 elementor-section elementor-top-section elementor-element elementor-element-cce0f03 elementor-section-boxed elementor-section-height-default elementor-section-height-default\" data-id=\"cce0f03\" data-element_type=\"section\" data-e-type=\"section\">\n\t\t\t\t\t\t<div class=\"elementor-container elementor-column-gap-default\">\n\t\t\t\t\t<div class=\"penci-ercol-100 penci-ercol-order-1 penci-sticky-ct    elementor-column elementor-col-100 elementor-top-column elementor-element elementor-element-dc107bf\" data-id=\"dc107bf\" data-element_type=\"column\" data-e-type=\"column\">\n\t\t\t<div class=\"elementor-widget-wrap elementor-element-populated\">\n\t\t\t\t\t\t<div class=\"elementor-element elementor-element-f7e5517 elementor-widget elementor-widget-text-editor\" data-id=\"f7e5517\" data-element_type=\"widget\" data-e-type=\"widget\" data-widget_type=\"text-editor.default\">\n\t\t\t\t<div class=\"elementor-widget-container\">\n\t\t\t\t\t\t\t\t\t<p class=\"p1\">Yes, and here is why. A good <a href=\"https:\/\/www.inmadelvalle.com\/en\/photographer-for-childrens-book-in-mallorca\/\"><strong>children photo portfolio in Mallorca<\/strong><\/a> can make the difference between blending in and standing out. In a casting, in an agency, in any opportunity, the first thing they see are the photos. And those photos speak for your child before they say a single word.<\/p>\t\t\t\t\t\t\t\t<\/div>\n\t\t\t\t<\/div>\n\t\t\t\t\t<\/div>\n\t\t<\/div>\n\t\t\t\t\t<\/div>\n\t\t<\/section>\n\t\t\t\t<section class=\"penci-section penci-disSticky penci-structure-10 elementor-section elementor-top-section elementor-element elementor-element-33abcc1 elementor-section-boxed elementor-section-height-default elementor-section-height-default\" data-id=\"33abcc1\" data-element_type=\"section\" data-e-type=\"section\">\n\t\t\t\t\t\t<div class=\"elementor-container elementor-column-gap-default\">\n\t\t\t\t\t<div class=\"penci-ercol-100 penci-ercol-order-1 penci-sticky-ct    elementor-column elementor-col-100 elementor-top-column elementor-element elementor-element-dfb8a48\" data-id=\"dfb8a48\" data-element_type=\"column\" data-e-type=\"column\">\n\t\t\t<div class=\"elementor-widget-wrap elementor-element-populated\">\n\t\t\t\t\t\t<div class=\"elementor-element elementor-element-9ed5910 e-transform e-transform elementor-widget elementor-widget-html\" data-id=\"9ed5910\" data-element_type=\"widget\" data-e-type=\"widget\" data-settings=\"{&quot;_transform_translateX_effect&quot;:{&quot;unit&quot;:&quot;px&quot;,&quot;size&quot;:12,&quot;sizes&quot;:[]},&quot;_transform_scale_effect&quot;:{&quot;unit&quot;:&quot;px&quot;,&quot;size&quot;:1.3,&quot;sizes&quot;:[]},&quot;_transform_translateX_effect_tablet&quot;:{&quot;unit&quot;:&quot;px&quot;,&quot;size&quot;:&quot;&quot;,&quot;sizes&quot;:[]},&quot;_transform_translateX_effect_mobile&quot;:{&quot;unit&quot;:&quot;px&quot;,&quot;size&quot;:&quot;&quot;,&quot;sizes&quot;:[]},&quot;_transform_translateY_effect&quot;:{&quot;unit&quot;:&quot;px&quot;,&quot;size&quot;:&quot;&quot;,&quot;sizes&quot;:[]},&quot;_transform_translateY_effect_tablet&quot;:{&quot;unit&quot;:&quot;px&quot;,&quot;size&quot;:&quot;&quot;,&quot;sizes&quot;:[]},&quot;_transform_translateY_effect_mobile&quot;:{&quot;unit&quot;:&quot;px&quot;,&quot;size&quot;:&quot;&quot;,&quot;sizes&quot;:[]},&quot;_transform_scale_effect_tablet&quot;:{&quot;unit&quot;:&quot;px&quot;,&quot;size&quot;:&quot;&quot;,&quot;sizes&quot;:[]},&quot;_transform_scale_effect_mobile&quot;:{&quot;unit&quot;:&quot;px&quot;,&quot;size&quot;:&quot;&quot;,&quot;sizes&quot;:[]}}\" data-widget_type=\"html.default\">\n\t\t\t\t<div class=\"elementor-widget-container\">\n\t\t\t\t\t<h2 style=\"text-align: center\">\n  <a class=\"typeform-share button\" href=\"mailto:infoinmadelvalle@gmail.com\" style=\"text-decoration: none;background-color: #8F7A35;color: white;cursor: pointer;font-family: UNNA, Arial, sans-serif;font-size: 20px;line-height: 50px;text-align: center;margin: 0;height: 50px;padding: 0px 33px;border-radius: 25px;max-width: 100%;overflow: hidden;font-weight: bold\">\n    Contact\n  <\/a>\n<\/h2>\n\t\t\t\t<\/div>\n\t\t\t\t<\/div>\n\t\t\t\t\t<\/div>\n\t\t<\/div>\n\t\t\t\t\t<\/div>\n\t\t<\/section>\n\t\t\t\t<section class=\"penci-section penci-disSticky penci-structure-10 elementor-section elementor-top-section elementor-element elementor-element-511f764 elementor-section-boxed elementor-section-height-default elementor-section-height-default\" data-id=\"511f764\" data-element_type=\"section\" data-e-type=\"section\">\n\t\t\t\t\t\t<div class=\"elementor-container elementor-column-gap-default\">\n\t\t\t\t\t<div class=\"penci-ercol-100 penci-ercol-order-1 penci-sticky-ct    elementor-column elementor-col-100 elementor-top-column elementor-element elementor-element-c03240e\" data-id=\"c03240e\" data-element_type=\"column\" data-e-type=\"column\">\n\t\t\t<div class=\"elementor-widget-wrap elementor-element-populated\">\n\t\t\t\t\t\t<div class=\"elementor-element elementor-element-33cf36c elementor-widget elementor-widget-text-editor\" data-id=\"33cf36c\" data-element_type=\"widget\" data-e-type=\"widget\" data-widget_type=\"text-editor.default\">\n\t\t\t\t<div class=\"elementor-widget-container\">\n\t\t\t\t\t\t\t\t\t<p class=\"p1\">I do not run standard sessions, and I do not treat every child the same. <strong>Each child is unique, and my job is to discover what makes them special and capture it.<\/strong> That is why, before every session, I speak with you, understand what you are looking for, and adapt everything to your case.<\/p>\t\t\t\t\t\t\t\t<\/div>\n\t\t\t\t<\/div>\n\t\t\t\t\t<\/div>\n\t\t<\/div>\n\t\t\t\t\t<\/div>\n\t\t<\/section>\n\t\t\t\t<section class=\"penci-section penci-disSticky penci-structure-10 elementor-section elementor-top-section elementor-element elementor-element-520f5a1 elementor-section-full_width elementor-section-height-default elementor-section-height-default\" data-id=\"520f5a1\" data-element_type=\"section\" data-e-type=\"section\">\n\t\t\t\t\t\t<div class=\"elementor-container elementor-column-gap-default\">\n\t\t\t\t\t<div class=\"penci-ercol-100 penci-ercol-order-1 penci-sticky-ct    elementor-column elementor-col-100 elementor-top-column elementor-element elementor-element-24189a8\" data-id=\"24189a8\" data-element_type=\"column\" data-e-type=\"column\">\n\t\t\t<div class=\"elementor-widget-wrap elementor-element-populated\">\n\t\t\t\t\t\t<div class=\"elementor-element elementor-element-4b448f9 elementor-widget elementor-widget-image\" data-id=\"4b448f9\" data-element_type=\"widget\" data-e-type=\"widget\" data-widget_type=\"image.default\">\n\t\t\t\t<div class=\"elementor-widget-container\">\n\t\t\t\t\t\t\t\t\t\t\t\t\t\t\t<img loading=\"lazy\" decoding=\"async\" width=\"787\" height=\"1153\" src=\"https:\/\/www.inmadelvalle.com\/wp-content\/uploads\/2026\/04\/childrens-portfolio-photographer-in-mallorca-12.webp\" class=\"attachment-full size-full wp-image-60934\" alt=\"girl holding a teddy bear during a session with a children portfolio photographer in Mallorca\" srcset=\"https:\/\/www.inmadelvalle.com\/wp-content\/uploads\/2026\/04\/childrens-portfolio-photographer-in-mallorca-12.webp 787w, https:\/\/www.inmadelvalle.com\/wp-content\/uploads\/2026\/04\/childrens-portfolio-photographer-in-mallorca-12-205x300.webp 205w, https:\/\/www.inmadelvalle.com\/wp-content\/uploads\/2026\/04\/childrens-portfolio-photographer-in-mallorca-12-699x1024.webp 699w, https:\/\/www.inmadelvalle.com\/wp-content\/uploads\/2026\/04\/childrens-portfolio-photographer-in-mallorca-12-768x1125.webp 768w, https:\/\/www.inmadelvalle.com\/wp-content\/uploads\/2026\/04\/childrens-portfolio-photographer-in-mallorca-12-585x857.webp 585w\" sizes=\"(max-width: 787px) 100vw, 787px\" \/>\t\t\t\t\t\t\t\t\t\t\t\t\t\t\t<\/div>\n\t\t\t\t<\/div>\n\t\t\t\t\t<\/div>\n\t\t<\/div>\n\t\t\t\t\t<\/div>\n\t\t<\/section>\n\t\t\t\t<section class=\"penci-section penci-disSticky penci-structure-10 elementor-section elementor-top-section elementor-element elementor-element-0c33067 elementor-section-boxed elementor-section-height-default elementor-section-height-default\" data-id=\"0c33067\" data-element_type=\"section\" data-e-type=\"section\">\n\t\t\t\t\t\t<div class=\"elementor-container elementor-column-gap-default\">\n\t\t\t\t\t<div class=\"penci-ercol-100 penci-ercol-order-1 penci-sticky-ct    elementor-column elementor-col-100 elementor-top-column elementor-element elementor-element-2b078a3\" data-id=\"2b078a3\" data-element_type=\"column\" data-e-type=\"column\">\n\t\t\t<div class=\"elementor-widget-wrap elementor-element-populated\">\n\t\t\t\t\t\t<div class=\"elementor-element elementor-element-8a31cd3 elementor-widget elementor-widget-heading\" data-id=\"8a31cd3\" data-element_type=\"widget\" data-e-type=\"widget\" data-widget_type=\"heading.default\">\n\t\t\t\t<div class=\"elementor-widget-container\">\n\t\t\t\t\t<h2 class=\"elementor-heading-title elementor-size-default\">Children's book for agencies in Mallorca\n<\/h2>\t\t\t\t<\/div>\n\t\t\t\t<\/div>\n\t\t\t\t\t<\/div>\n\t\t<\/div>\n\t\t\t\t\t<\/div>\n\t\t<\/section>\n\t\t\t\t<section class=\"penci-section penci-disSticky penci-structure-10 elementor-section elementor-top-section elementor-element elementor-element-422fde0 elementor-section-boxed elementor-section-height-default elementor-section-height-default\" data-id=\"422fde0\" data-element_type=\"section\" data-e-type=\"section\">\n\t\t\t\t\t\t<div class=\"elementor-container elementor-column-gap-default\">\n\t\t\t\t\t<div class=\"penci-ercol-100 penci-ercol-order-1 penci-sticky-ct    elementor-column elementor-col-100 elementor-top-column elementor-element elementor-element-ce5d886\" data-id=\"ce5d886\" data-element_type=\"column\" data-e-type=\"column\">\n\t\t\t<div class=\"elementor-widget-wrap elementor-element-populated\">\n\t\t\t\t\t\t<div class=\"elementor-element elementor-element-118d261 elementor-widget elementor-widget-heading\" data-id=\"118d261\" data-element_type=\"widget\" data-e-type=\"widget\" data-widget_type=\"heading.default\">\n\t\t\t\t<div class=\"elementor-widget-container\">\n\t\t\t\t\t<h3 class=\"elementor-heading-title elementor-size-default\">Who is this type of session for?\n<\/h3>\t\t\t\t<\/div>\n\t\t\t\t<\/div>\n\t\t\t\t\t<\/div>\n\t\t<\/div>\n\t\t\t\t\t<\/div>\n\t\t<\/section>\n\t\t\t\t<section class=\"penci-section penci-disSticky penci-structure-10 elementor-section elementor-top-section elementor-element elementor-element-73d61b7 elementor-section-boxed elementor-section-height-default elementor-section-height-default\" data-id=\"73d61b7\" data-element_type=\"section\" data-e-type=\"section\">\n\t\t\t\t\t\t<div class=\"elementor-container elementor-column-gap-default\">\n\t\t\t\t\t<div class=\"penci-ercol-100 penci-ercol-order-1 penci-sticky-ct    elementor-column elementor-col-100 elementor-top-column elementor-element elementor-element-344a28a\" data-id=\"344a28a\" data-element_type=\"column\" data-e-type=\"column\">\n\t\t\t<div class=\"elementor-widget-wrap elementor-element-populated\">\n\t\t\t\t\t\t<div class=\"elementor-element elementor-element-c592c7f elementor-widget elementor-widget-text-editor\" data-id=\"c592c7f\" data-element_type=\"widget\" data-e-type=\"widget\" data-widget_type=\"text-editor.default\">\n\t\t\t\t<div class=\"elementor-widget-container\">\n\t\t\t\t\t\t\t\t\t<p>This type of portfolio is ideal if:<\/p><p>-you want to present your child to agencies<br \/>-want to update their current portfolio<br \/>-you want to do it right from the beginning<\/p><p>If you are simply looking for pretty photos, there are many options.<\/p><p>If you are looking for something that truly works, you need to do it professionally.<\/p>\t\t\t\t\t\t\t\t<\/div>\n\t\t\t\t<\/div>\n\t\t\t\t\t<\/div>\n\t\t<\/div>\n\t\t\t\t\t<\/div>\n\t\t<\/section>\n\t\t\t\t<section class=\"penci-section penci-disSticky penci-structure-10 elementor-section elementor-top-section elementor-element elementor-element-5c05576 elementor-section-full_width elementor-section-height-default elementor-section-height-default\" data-id=\"5c05576\" data-element_type=\"section\" data-e-type=\"section\">\n\t\t\t\t\t\t<div class=\"elementor-container elementor-column-gap-default\">\n\t\t\t\t\t<div class=\"penci-ercol-100 penci-ercol-order-1 penci-sticky-ct    elementor-column elementor-col-100 elementor-top-column elementor-element elementor-element-c249837\" data-id=\"c249837\" data-element_type=\"column\" data-e-type=\"column\">\n\t\t\t<div class=\"elementor-widget-wrap elementor-element-populated\">\n\t\t\t\t\t\t<div class=\"elementor-element elementor-element-e41bb11 elementor-widget elementor-widget-image\" data-id=\"e41bb11\" data-element_type=\"widget\" data-e-type=\"widget\" data-widget_type=\"image.default\">\n\t\t\t\t<div class=\"elementor-widget-container\">\n\t\t\t\t\t\t\t\t\t\t\t\t\t\t\t<img loading=\"lazy\" decoding=\"async\" width=\"787\" height=\"1109\" src=\"https:\/\/www.inmadelvalle.com\/wp-content\/uploads\/2026\/04\/childrens-portfolio-photographer-in-mallorca-08.webp\" class=\"attachment-full size-full wp-image-60930\" alt=\"smiling girl sitting on the floor during a children photo session\" srcset=\"https:\/\/www.inmadelvalle.com\/wp-content\/uploads\/2026\/04\/childrens-portfolio-photographer-in-mallorca-08.webp 787w, https:\/\/www.inmadelvalle.com\/wp-content\/uploads\/2026\/04\/childrens-portfolio-photographer-in-mallorca-08-213x300.webp 213w, https:\/\/www.inmadelvalle.com\/wp-content\/uploads\/2026\/04\/childrens-portfolio-photographer-in-mallorca-08-727x1024.webp 727w, https:\/\/www.inmadelvalle.com\/wp-content\/uploads\/2026\/04\/childrens-portfolio-photographer-in-mallorca-08-768x1082.webp 768w, https:\/\/www.inmadelvalle.com\/wp-content\/uploads\/2026\/04\/childrens-portfolio-photographer-in-mallorca-08-585x824.webp 585w\" sizes=\"(max-width: 787px) 100vw, 787px\" \/>\t\t\t\t\t\t\t\t\t\t\t\t\t\t\t<\/div>\n\t\t\t\t<\/div>\n\t\t\t\t\t<\/div>\n\t\t<\/div>\n\t\t\t\t\t<\/div>\n\t\t<\/section>\n\t\t\t\t<section class=\"penci-section penci-disSticky penci-structure-10 elementor-section elementor-top-section elementor-element elementor-element-cef55b4 elementor-section-boxed elementor-section-height-default elementor-section-height-default\" data-id=\"cef55b4\" data-element_type=\"section\" data-e-type=\"section\">\n\t\t\t\t\t\t<div class=\"elementor-container elementor-column-gap-default\">\n\t\t\t\t\t<div class=\"penci-ercol-100 penci-ercol-order-1 penci-sticky-ct    elementor-column elementor-col-100 elementor-top-column elementor-element elementor-element-dce70b4\" data-id=\"dce70b4\" data-element_type=\"column\" data-e-type=\"column\">\n\t\t\t<div class=\"elementor-widget-wrap elementor-element-populated\">\n\t\t\t\t\t\t<div class=\"elementor-element elementor-element-e72459d elementor-widget elementor-widget-heading\" data-id=\"e72459d\" data-element_type=\"widget\" data-e-type=\"widget\" data-widget_type=\"heading.default\">\n\t\t\t\t<div class=\"elementor-widget-container\">\n\t\t\t\t\t<h2 class=\"elementor-heading-title elementor-size-default\">Photographer for children's portfolios in Mallorca\n<\/h2>\t\t\t\t<\/div>\n\t\t\t\t<\/div>\n\t\t\t\t\t<\/div>\n\t\t<\/div>\n\t\t\t\t\t<\/div>\n\t\t<\/section>\n\t\t\t\t<section class=\"penci-section penci-disSticky penci-structure-10 elementor-section elementor-top-section elementor-element elementor-element-0251574 elementor-section-boxed elementor-section-height-default elementor-section-height-default\" data-id=\"0251574\" data-element_type=\"section\" data-e-type=\"section\">\n\t\t\t\t\t\t<div class=\"elementor-container elementor-column-gap-default\">\n\t\t\t\t\t<div class=\"penci-ercol-100 penci-ercol-order-1 penci-sticky-ct    elementor-column elementor-col-100 elementor-top-column elementor-element elementor-element-34f8b1f\" data-id=\"34f8b1f\" data-element_type=\"column\" data-e-type=\"column\">\n\t\t\t<div class=\"elementor-widget-wrap elementor-element-populated\">\n\t\t\t\t\t\t<div class=\"elementor-element elementor-element-b86f232 elementor-widget elementor-widget-text-editor\" data-id=\"b86f232\" data-element_type=\"widget\" data-e-type=\"widget\" data-widget_type=\"text-editor.default\">\n\t\t\t\t<div class=\"elementor-widget-container\">\n\t\t\t\t\t\t\t\t\t<p>If you have made it this far, you are probably not looking for just anything. You are looking to do it right. <strong>If you want your child to have a portfolio that truly stands out, that connects and that works with agencies, you can contact me directly.<\/strong> I will explain how we work, answer your questions, and see if we are the right fit.<\/p><p><strong>You can get in touch now and book your session.<\/strong><\/p><p>Because opportunities start with a strong image. And that image starts here.<\/p>\t\t\t\t\t\t\t\t<\/div>\n\t\t\t\t<\/div>\n\t\t\t\t\t<\/div>\n\t\t<\/div>\n\t\t\t\t\t<\/div>\n\t\t<\/section>\n\t\t\t\t<section class=\"penci-section penci-disSticky penci-structure-10 elementor-section elementor-top-section elementor-element elementor-element-9f3eacb elementor-section-boxed elementor-section-height-default elementor-section-height-default\" data-id=\"9f3eacb\" data-element_type=\"section\" data-e-type=\"section\">\n\t\t\t\t\t\t<div class=\"elementor-container elementor-column-gap-default\">\n\t\t\t\t\t<div class=\"penci-ercol-100 penci-ercol-order-1 penci-sticky-ct    elementor-column elementor-col-100 elementor-top-column elementor-element elementor-element-75e0168\" data-id=\"75e0168\" data-element_type=\"column\" data-e-type=\"column\">\n\t\t\t<div class=\"elementor-widget-wrap elementor-element-populated\">\n\t\t\t\t\t\t<div class=\"elementor-element elementor-element-5cd13f0 elementor-widget elementor-widget-text-editor\" data-id=\"5cd13f0\" data-element_type=\"widget\" data-e-type=\"widget\" data-widget_type=\"text-editor.default\">\n\t\t\t\t<div class=\"elementor-widget-container\">\n\t\t\t\t\t\t\t\t\t<p><strong>Contact : infoinmadelvalle@gmail.com<\/strong><\/p>\t\t\t\t\t\t\t\t<\/div>\n\t\t\t\t<\/div>\n\t\t\t\t\t<\/div>\n\t\t<\/div>\n\t\t\t\t\t<\/div>\n\t\t<\/section>\n\t\t\t\t<section class=\"penci-section penci-disSticky penci-structure-10 elementor-section elementor-top-section elementor-element elementor-element-bf0dc5f elementor-section-boxed elementor-section-height-default elementor-section-height-default\" data-id=\"bf0dc5f\" data-element_type=\"section\" data-e-type=\"section\">\n\t\t\t\t\t\t<div class=\"elementor-container elementor-column-gap-default\">\n\t\t\t\t\t<div class=\"penci-ercol-100 penci-ercol-order-1 penci-sticky-ct    elementor-column elementor-col-100 elementor-top-column elementor-element elementor-element-ff4385c\" data-id=\"ff4385c\" data-element_type=\"column\" data-e-type=\"column\">\n\t\t\t<div class=\"elementor-widget-wrap elementor-element-populated\">\n\t\t\t\t\t\t<div class=\"elementor-element elementor-element-b5179d0 e-transform e-transform elementor-widget elementor-widget-html\" data-id=\"b5179d0\" data-element_type=\"widget\" data-e-type=\"widget\" data-settings=\"{&quot;_transform_translateX_effect&quot;:{&quot;unit&quot;:&quot;px&quot;,&quot;size&quot;:12,&quot;sizes&quot;:[]},&quot;_transform_scale_effect&quot;:{&quot;unit&quot;:&quot;px&quot;,&quot;size&quot;:1.3,&quot;sizes&quot;:[]},&quot;_transform_translateX_effect_tablet&quot;:{&quot;unit&quot;:&quot;px&quot;,&quot;size&quot;:&quot;&quot;,&quot;sizes&quot;:[]},&quot;_transform_translateX_effect_mobile&quot;:{&quot;unit&quot;:&quot;px&quot;,&quot;size&quot;:&quot;&quot;,&quot;sizes&quot;:[]},&quot;_transform_translateY_effect&quot;:{&quot;unit&quot;:&quot;px&quot;,&quot;size&quot;:&quot;&quot;,&quot;sizes&quot;:[]},&quot;_transform_translateY_effect_tablet&quot;:{&quot;unit&quot;:&quot;px&quot;,&quot;size&quot;:&quot;&quot;,&quot;sizes&quot;:[]},&quot;_transform_translateY_effect_mobile&quot;:{&quot;unit&quot;:&quot;px&quot;,&quot;size&quot;:&quot;&quot;,&quot;sizes&quot;:[]},&quot;_transform_scale_effect_tablet&quot;:{&quot;unit&quot;:&quot;px&quot;,&quot;size&quot;:&quot;&quot;,&quot;sizes&quot;:[]},&quot;_transform_scale_effect_mobile&quot;:{&quot;unit&quot;:&quot;px&quot;,&quot;size&quot;:&quot;&quot;,&quot;sizes&quot;:[]}}\" data-widget_type=\"html.default\">\n\t\t\t\t<div class=\"elementor-widget-container\">\n\t\t\t\t\t<!-- Elegant Vogue-style font -->\n<link href=\"https:\/\/fonts.googleapis.com\/css2?family=Playfair+Display:wght@500;600&display=swap\" rel=\"stylesheet\">\n\n<style>\n.instagram-button-wrapper {\n  display: flex;\n  justify-content: center;\n  align-items: center;\n  padding: 20px 20px;\n  background-color: #ffffff;\n}\n\n.elegant-instagram-button {\n  display: inline-block;\n  background-color: #ffffff !important;\n  color: #000000 !important; \/* Forced to black *\/\n  border: 2px solid #e8b4cc;\n  padding: 16px 28px;\n  border-radius: 40px;\n  font-size: 14px;\n  font-weight: 500;\n  text-decoration: none !important;\n  font-family: 'Playfair Display', serif !important;\n  transition: all 0.3s ease;\n  box-shadow: 0 6px 16px rgba(0, 0, 0, 0.04);\n  max-width: 90%;\n  text-align: center;\n  line-height: 1.5;\n}\n\n.elegant-instagram-button:hover {\n  background-color: #fceef4 !important;\n  color: #000000 !important;\n  box-shadow: 0 10px 30px rgba(0, 0, 0, 0.06);\n}\n<\/style>\n\n<div class=\"instagram-button-wrapper\">\n  <a class=\"elegant-instagram-button\"\n     href=\"https:\/\/www.instagram.com\/inmadelvallephotography\/\"\n     target=\"_blank\"\n     rel=\"noopener noreferrer\">\n     Follow me on Instagram @inmadelvallephotography to see more books and weddings in Mallorca, Mexico, and Italy\n  <\/a>\n<\/div>\t\t\t\t<\/div>\n\t\t\t\t<\/div>\n\t\t\t\t\t<\/div>\n\t\t<\/div>\n\t\t\t\t\t<\/div>\n\t\t<\/section>\n\t\t\t\t<section class=\"penci-section penci-disSticky penci-structure-10 elementor-section elementor-top-section elementor-element elementor-element-1fc8cde elementor-section-boxed elementor-section-height-default elementor-section-height-default\" data-id=\"1fc8cde\" data-element_type=\"section\" data-e-type=\"section\">\n\t\t\t\t\t\t<div class=\"elementor-container elementor-column-gap-default\">\n\t\t\t\t\t<div class=\"penci-ercol-100 penci-ercol-order-1 penci-sticky-ct    elementor-column elementor-col-100 elementor-top-column elementor-element elementor-element-ae114ca\" data-id=\"ae114ca\" data-element_type=\"column\" data-e-type=\"column\">\n\t\t\t<div class=\"elementor-widget-wrap elementor-element-populated\">\n\t\t\t\t\t\t<div class=\"elementor-element elementor-element-e0f37fd e-transform e-transform elementor-widget elementor-widget-html\" data-id=\"e0f37fd\" data-element_type=\"widget\" data-e-type=\"widget\" data-settings=\"{&quot;_transform_translateX_effect&quot;:{&quot;unit&quot;:&quot;px&quot;,&quot;size&quot;:12,&quot;sizes&quot;:[]},&quot;_transform_scale_effect&quot;:{&quot;unit&quot;:&quot;px&quot;,&quot;size&quot;:1.3,&quot;sizes&quot;:[]},&quot;_transform_translateX_effect_tablet&quot;:{&quot;unit&quot;:&quot;px&quot;,&quot;size&quot;:&quot;&quot;,&quot;sizes&quot;:[]},&quot;_transform_translateX_effect_mobile&quot;:{&quot;unit&quot;:&quot;px&quot;,&quot;size&quot;:&quot;&quot;,&quot;sizes&quot;:[]},&quot;_transform_translateY_effect&quot;:{&quot;unit&quot;:&quot;px&quot;,&quot;size&quot;:&quot;&quot;,&quot;sizes&quot;:[]},&quot;_transform_translateY_effect_tablet&quot;:{&quot;unit&quot;:&quot;px&quot;,&quot;size&quot;:&quot;&quot;,&quot;sizes&quot;:[]},&quot;_transform_translateY_effect_mobile&quot;:{&quot;unit&quot;:&quot;px&quot;,&quot;size&quot;:&quot;&quot;,&quot;sizes&quot;:[]},&quot;_transform_scale_effect_tablet&quot;:{&quot;unit&quot;:&quot;px&quot;,&quot;size&quot;:&quot;&quot;,&quot;sizes&quot;:[]},&quot;_transform_scale_effect_mobile&quot;:{&quot;unit&quot;:&quot;px&quot;,&quot;size&quot;:&quot;&quot;,&quot;sizes&quot;:[]}}\" data-widget_type=\"html.default\">\n\t\t\t\t<div class=\"elementor-widget-container\">\n\t\t\t\t\t<h2 style=\"text-align: center\">\n  <a class=\"typeform-share button\" href=\"mailto:infoinmadelvalle@gmail.com\" style=\"text-decoration: none;background-color: #8F7A35;color: white;cursor: pointer;font-family: UNNA, Arial, sans-serif;font-size: 20px;line-height: 50px;text-align: center;margin: 0;height: 50px;padding: 0px 33px;border-radius: 25px;max-width: 100%;overflow: hidden;font-weight: bold\">\n    Contact\n  <\/a>\n<\/h2>\n\t\t\t\t<\/div>\n\t\t\t\t<\/div>\n\t\t\t\t\t<\/div>\n\t\t<\/div>\n\t\t\t\t\t<\/div>\n\t\t<\/section>\n\t\t\t\t<section class=\"penci-section penci-disSticky penci-structure-10 elementor-section elementor-top-section elementor-element elementor-element-c2d1349 elementor-section-boxed elementor-section-height-default elementor-section-height-default\" data-id=\"c2d1349\" data-element_type=\"section\" data-e-type=\"section\">\n\t\t\t\t\t\t<div class=\"elementor-container elementor-column-gap-default\">\n\t\t\t\t\t<div class=\"penci-ercol-100 penci-ercol-order-1 penci-sticky-ct    elementor-column elementor-col-100 elementor-top-column elementor-element elementor-element-3229fec\" data-id=\"3229fec\" data-element_type=\"column\" data-e-type=\"column\">\n\t\t\t<div class=\"elementor-widget-wrap elementor-element-populated\">\n\t\t\t\t\t\t<div class=\"elementor-element elementor-element-d5587a5 elementor-widget elementor-widget-heading\" data-id=\"d5587a5\" data-element_type=\"widget\" data-e-type=\"widget\" data-widget_type=\"heading.default\">\n\t\t\t\t<div class=\"elementor-widget-container\">\n\t\t\t\t\t<h3 class=\"elementor-heading-title elementor-size-default\">Inma del Valle wedding and books photographer in Mallorca, Mexico and Italy.<\/h3>\t\t\t\t<\/div>\n\t\t\t\t<\/div>\n\t\t\t\t\t<\/div>\n\t\t<\/div>\n\t\t\t\t\t<\/div>\n\t\t<\/section>\n\t\t\t\t<section class=\"penci-section penci-disSticky penci-structure-10 elementor-section elementor-top-section elementor-element elementor-element-e01e330 elementor-section-boxed elementor-section-height-default elementor-section-height-default\" data-id=\"e01e330\" data-element_type=\"section\" data-e-type=\"section\">\n\t\t\t\t\t\t<div class=\"elementor-container elementor-column-gap-default\">\n\t\t\t\t\t<div class=\"penci-ercol-100 penci-ercol-order-1 penci-sticky-ct    elementor-column elementor-col-100 elementor-top-column elementor-element elementor-element-f7ed8ed\" data-id=\"f7ed8ed\" data-element_type=\"column\" data-e-type=\"column\">\n\t\t\t<div class=\"elementor-widget-wrap elementor-element-populated\">\n\t\t\t\t\t\t<div class=\"elementor-element elementor-element-9287924 elementor-widget elementor-widget-heading\" data-id=\"9287924\" data-element_type=\"widget\" data-e-type=\"widget\" data-widget_type=\"heading.default\">\n\t\t\t\t<div class=\"elementor-widget-container\">\n\t\t\t\t\t<h2 class=\"elementor-heading-title elementor-size-default\">Children's portfolio photographer Mallorca<\/h2>\t\t\t\t<\/div>\n\t\t\t\t<\/div>\n\t\t\t\t\t<\/div>\n\t\t<\/div>\n\t\t\t\t\t<\/div>\n\t\t<\/section>\n\t\t\t\t<\/div>\n\t\t\n\n<div class=\"kk-star-ratings kksr-auto kksr-align-center kksr-valign-bottom\"\n    data-payload='{&quot;align&quot;:&quot;center&quot;,&quot;id&quot;:&quot;60916&quot;,&quot;slug&quot;:&quot;default&quot;,&quot;valign&quot;:&quot;bottom&quot;,&quot;ignore&quot;:&quot;&quot;,&quot;reference&quot;:&quot;auto&quot;,&quot;class&quot;:&quot;&quot;,&quot;count&quot;:&quot;0&quot;,&quot;legendonly&quot;:&quot;&quot;,&quot;readonly&quot;:&quot;&quot;,&quot;score&quot;:&quot;0&quot;,&quot;starsonly&quot;:&quot;&quot;,&quot;best&quot;:&quot;5&quot;,&quot;gap&quot;:&quot;4&quot;,&quot;greet&quot;:&quot;Valora este art\u00edculo, gracias por tu opini\u00f3n&quot;,&quot;legend&quot;:&quot;0\\\/5 - (0 votes)&quot;,&quot;size&quot;:&quot;24&quot;,&quot;title&quot;:&quot;Children\\u0026#039;s portfolio photographer in Mallorca&quot;,&quot;width&quot;:&quot;0&quot;,&quot;_legend&quot;:&quot;{score}\\\/{best} - ({count} {votes})&quot;,&quot;font_factor&quot;:&quot;1.25&quot;}'>\n            \n<div class=\"kksr-stars\">\n    \n<div class=\"kksr-stars-inactive\">\n            <div class=\"kksr-star\" data-star=\"1\" style=\"padding-right: 4px\">\n            \n\n<div class=\"kksr-icon\" style=\"width: 24px; height: 24px;\"><\/div>\n        <\/div>\n            <div class=\"kksr-star\" data-star=\"2\" style=\"padding-right: 4px\">\n            \n\n<div class=\"kksr-icon\" style=\"width: 24px; height: 24px;\"><\/div>\n        <\/div>\n            <div class=\"kksr-star\" data-star=\"3\" style=\"padding-right: 4px\">\n            \n\n<div class=\"kksr-icon\" style=\"width: 24px; height: 24px;\"><\/div>\n        <\/div>\n            <div class=\"kksr-star\" data-star=\"4\" style=\"padding-right: 4px\">\n            \n\n<div class=\"kksr-icon\" style=\"width: 24px; height: 24px;\"><\/div>\n        <\/div>\n            <div class=\"kksr-star\" data-star=\"5\" style=\"padding-right: 4px\">\n            \n\n<div class=\"kksr-icon\" style=\"width: 24px; height: 24px;\"><\/div>\n        <\/div>\n    <\/div>\n    \n<div class=\"kksr-stars-active\" style=\"width: 0px;\">\n            <div class=\"kksr-star\" style=\"padding-right: 4px\">\n            \n\n<div class=\"kksr-icon\" style=\"width: 24px; height: 24px;\"><\/div>\n        <\/div>\n            <div class=\"kksr-star\" style=\"padding-right: 4px\">\n            \n\n<div class=\"kksr-icon\" style=\"width: 24px; height: 24px;\"><\/div>\n        <\/div>\n            <div class=\"kksr-star\" style=\"padding-right: 4px\">\n            \n\n<div class=\"kksr-icon\" style=\"width: 24px; height: 24px;\"><\/div>\n        <\/div>\n            <div class=\"kksr-star\" style=\"padding-right: 4px\">\n            \n\n<div class=\"kksr-icon\" style=\"width: 24px; height: 24px;\"><\/div>\n        <\/div>\n            <div class=\"kksr-star\" style=\"padding-right: 4px\">\n            \n\n<div class=\"kksr-icon\" style=\"width: 24px; height: 24px;\"><\/div>\n        <\/div>\n    <\/div>\n<\/div>\n                \n\n<div class=\"kksr-legend\" style=\"font-size: 19.2px;\">\n            <span class=\"kksr-muted\">Valora este art\u00edculo, gracias por tu opini\u00f3n<\/span>\n    <\/div>\n    <\/div>\n","protected":false},"excerpt":{"rendered":"<p>Children\u2019s portfolio photographer Mallorca. Professional kids photographer in Mallorca Finding a good children&#8217;s portfolio photographer Mallorca is not just about&hellip;<\/p>\n","protected":false},"author":6,"featured_media":60936,"comment_status":"open","ping_status":"open","sticky":false,"template":"","format":"standard","meta":{"_acf_changed":false,"_lmt_disableupdate":"","_lmt_disable":"","footnotes":""},"categories":[187,4231,1635,193],"tags":[5435,4694,4352],"class_list":["post-60916","post","type-post","status-publish","format-standard","has-post-thumbnail","hentry","category-wedding-photographer-mallorca-en","category-books","category-books-mallorca","category-kids-photographer-mallorca","tag-childrens-portfolio-photographer-in-mallorca","tag-childrens-book-photographer-in-mallorca","tag-kids-photographer-in-mallorca"],"acf":[],"yoast_head":"<!-- This site is optimized with the Yoast SEO Premium plugin v27.5 (Yoast SEO v27.5) - https:\/\/yoast.com\/product\/yoast-seo-premium-wordpress\/ -->\n<title>Children&#039;s portfolio photographer in Mallorca by Inma del Valle.<\/title>\n<meta name=\"description\" content=\"Children&#039;s portfolio photographer in Mallorca by Inma del Valle. Book your session and create a natural, attractive portfolio for agencies.\" \/>\n<meta name=\"robots\" content=\"index, follow, max-snippet:-1, max-image-preview:large, max-video-preview:-1\" \/>\n<link rel=\"canonical\" href=\"https:\/\/www.inmadelvalle.com\/en\/childrens-portfolio-photographer-in-mallorca\/\" \/>\n<meta property=\"og:locale\" content=\"en_US\" \/>\n<meta property=\"og:type\" content=\"article\" \/>\n<meta property=\"og:title\" content=\"Children&#039;s portfolio photographer in Mallorca\" \/>\n<meta property=\"og:description\" content=\"Children&#039;s portfolio photographer in Mallorca by Inma del Valle. Book your session and create a natural, attractive portfolio for agencies.\" \/>\n<meta property=\"og:url\" content=\"https:\/\/www.inmadelvalle.com\/en\/childrens-portfolio-photographer-in-mallorca\/\" \/>\n<meta property=\"og:site_name\" content=\"[English] Photographers Mallorca | Inma del Valle | Wedding photographers Mallorca\" \/>\n<meta property=\"article:publisher\" content=\"https:\/\/es-la.facebook.com\/InmadelValle\" \/>\n<meta property=\"article:published_time\" content=\"2026-04-30T15:36:49+00:00\" \/>\n<meta property=\"article:modified_time\" content=\"2026-04-30T15:37:10+00:00\" \/>\n<meta property=\"og:image\" content=\"https:\/\/www.inmadelvalle.com\/wp-content\/uploads\/2026\/04\/childrens-portfolio-photographer-in-mallorca-14.webp\" \/>\n\t<meta property=\"og:image:width\" content=\"787\" \/>\n\t<meta property=\"og:image:height\" content=\"1181\" \/>\n\t<meta property=\"og:image:type\" content=\"image\/webp\" \/>\n<meta name=\"author\" content=\"Inma del Valle bueno\" \/>\n<meta name=\"twitter:card\" content=\"summary_large_image\" \/>\n<meta name=\"twitter:creator\" content=\"@Emibel1984\" \/>\n<meta name=\"twitter:site\" content=\"@Emibel1984\" \/>\n<meta name=\"twitter:label1\" content=\"Written by\" \/>\n\t<meta name=\"twitter:data1\" content=\"Inma del Valle bueno\" \/>\n\t<meta name=\"twitter:label2\" content=\"Est. reading time\" \/>\n\t<meta name=\"twitter:data2\" content=\"7 minutes\" \/>\n<script type=\"application\/ld+json\" class=\"yoast-schema-graph\">{\"@context\":\"https:\\\/\\\/schema.org\",\"@graph\":[{\"@type\":\"Article\",\"@id\":\"https:\\\/\\\/www.inmadelvalle.com\\\/en\\\/childrens-portfolio-photographer-in-mallorca\\\/#article\",\"isPartOf\":{\"@id\":\"https:\\\/\\\/www.inmadelvalle.com\\\/en\\\/childrens-portfolio-photographer-in-mallorca\\\/\"},\"author\":{\"name\":\"Inma del Valle bueno\",\"@id\":\"https:\\\/\\\/www.inmadelvalle.com\\\/en\\\/#\\\/schema\\\/person\\\/f94481be855aef5eb03d66daea5f63a0\"},\"headline\":\"Children&#8217;s portfolio photographer in Mallorca\",\"datePublished\":\"2026-04-30T15:36:49+00:00\",\"dateModified\":\"2026-04-30T15:37:10+00:00\",\"mainEntityOfPage\":{\"@id\":\"https:\\\/\\\/www.inmadelvalle.com\\\/en\\\/childrens-portfolio-photographer-in-mallorca\\\/\"},\"wordCount\":959,\"commentCount\":0,\"publisher\":{\"@id\":\"https:\\\/\\\/www.inmadelvalle.com\\\/en\\\/#organization\"},\"image\":{\"@id\":\"https:\\\/\\\/www.inmadelvalle.com\\\/en\\\/childrens-portfolio-photographer-in-mallorca\\\/#primaryimage\"},\"thumbnailUrl\":\"https:\\\/\\\/www.inmadelvalle.com\\\/wp-content\\\/uploads\\\/2026\\\/04\\\/childrens-portfolio-photographer-in-mallorca-14.webp\",\"keywords\":[\"Children's portfolio photographer in Mallorca\",\"Children&#039;s book photographer in Mallorca\",\"Kids photographer in mallorca\"],\"articleSection\":[\"blog\",\"books\",\"books Mallorca\",\"kids photographer mallorca\"],\"inLanguage\":\"en-US\",\"potentialAction\":[{\"@type\":\"CommentAction\",\"name\":\"Comment\",\"target\":[\"https:\\\/\\\/www.inmadelvalle.com\\\/en\\\/childrens-portfolio-photographer-in-mallorca\\\/#respond\"]}]},{\"@type\":\"WebPage\",\"@id\":\"https:\\\/\\\/www.inmadelvalle.com\\\/en\\\/childrens-portfolio-photographer-in-mallorca\\\/\",\"url\":\"https:\\\/\\\/www.inmadelvalle.com\\\/en\\\/childrens-portfolio-photographer-in-mallorca\\\/\",\"name\":\"Children's portfolio photographer in Mallorca by Inma del Valle.\",\"isPartOf\":{\"@id\":\"https:\\\/\\\/www.inmadelvalle.com\\\/en\\\/#website\"},\"primaryImageOfPage\":{\"@id\":\"https:\\\/\\\/www.inmadelvalle.com\\\/en\\\/childrens-portfolio-photographer-in-mallorca\\\/#primaryimage\"},\"image\":{\"@id\":\"https:\\\/\\\/www.inmadelvalle.com\\\/en\\\/childrens-portfolio-photographer-in-mallorca\\\/#primaryimage\"},\"thumbnailUrl\":\"https:\\\/\\\/www.inmadelvalle.com\\\/wp-content\\\/uploads\\\/2026\\\/04\\\/childrens-portfolio-photographer-in-mallorca-14.webp\",\"datePublished\":\"2026-04-30T15:36:49+00:00\",\"dateModified\":\"2026-04-30T15:37:10+00:00\",\"description\":\"Children's portfolio photographer in Mallorca by Inma del Valle. Book your session and create a natural, attractive portfolio for agencies.\",\"breadcrumb\":{\"@id\":\"https:\\\/\\\/www.inmadelvalle.com\\\/en\\\/childrens-portfolio-photographer-in-mallorca\\\/#breadcrumb\"},\"inLanguage\":\"en-US\",\"potentialAction\":[{\"@type\":\"ReadAction\",\"target\":[\"https:\\\/\\\/www.inmadelvalle.com\\\/en\\\/childrens-portfolio-photographer-in-mallorca\\\/\"]}]},{\"@type\":\"ImageObject\",\"inLanguage\":\"en-US\",\"@id\":\"https:\\\/\\\/www.inmadelvalle.com\\\/en\\\/childrens-portfolio-photographer-in-mallorca\\\/#primaryimage\",\"url\":\"https:\\\/\\\/www.inmadelvalle.com\\\/wp-content\\\/uploads\\\/2026\\\/04\\\/childrens-portfolio-photographer-in-mallorca-14.webp\",\"contentUrl\":\"https:\\\/\\\/www.inmadelvalle.com\\\/wp-content\\\/uploads\\\/2026\\\/04\\\/childrens-portfolio-photographer-in-mallorca-14.webp\",\"width\":787,\"height\":1181,\"caption\":\"spontaneous expression that reflects personality and attitude\"},{\"@type\":\"BreadcrumbList\",\"@id\":\"https:\\\/\\\/www.inmadelvalle.com\\\/en\\\/childrens-portfolio-photographer-in-mallorca\\\/#breadcrumb\",\"itemListElement\":[{\"@type\":\"ListItem\",\"position\":1,\"name\":\"Portada\",\"item\":\"https:\\\/\\\/www.inmadelvalle.com\\\/en\\\/\"},{\"@type\":\"ListItem\",\"position\":2,\"name\":\"Children&#8217;s portfolio photographer in Mallorca\"}]},{\"@type\":\"WebSite\",\"@id\":\"https:\\\/\\\/www.inmadelvalle.com\\\/en\\\/#website\",\"url\":\"https:\\\/\\\/www.inmadelvalle.com\\\/en\\\/\",\"name\":\"[English] Photographers Mallorca | Inma del Valle | Wedding photographers Mallorca\",\"description\":\"[English] Fot\u00f3grafo en Mallorca | Inma del Valle | Fot\u00f3grafos de bodas en Mallorca | Ten un recuerdo original y elegante del d\u00eda de tu boda. Wedding photographer.\",\"publisher\":{\"@id\":\"https:\\\/\\\/www.inmadelvalle.com\\\/en\\\/#organization\"},\"potentialAction\":[{\"@type\":\"SearchAction\",\"target\":{\"@type\":\"EntryPoint\",\"urlTemplate\":\"https:\\\/\\\/www.inmadelvalle.com\\\/en\\\/?s={search_term_string}\"},\"query-input\":{\"@type\":\"PropertyValueSpecification\",\"valueRequired\":true,\"valueName\":\"search_term_string\"}}],\"inLanguage\":\"en-US\"},{\"@type\":\"Organization\",\"@id\":\"https:\\\/\\\/www.inmadelvalle.com\\\/en\\\/#organization\",\"name\":\"Inma del Valle fotograf\u00eda\",\"url\":\"https:\\\/\\\/www.inmadelvalle.com\\\/en\\\/\",\"logo\":{\"@type\":\"ImageObject\",\"inLanguage\":\"en-US\",\"@id\":\"https:\\\/\\\/www.inmadelvalle.com\\\/en\\\/#\\\/schema\\\/logo\\\/image\\\/\",\"url\":\"https:\\\/\\\/www.inmadelvalle.com\\\/wp-content\\\/uploads\\\/2018\\\/11\\\/foto\u0301grafo-en-mallorca-logo.png\",\"contentUrl\":\"https:\\\/\\\/www.inmadelvalle.com\\\/wp-content\\\/uploads\\\/2018\\\/11\\\/foto\u0301grafo-en-mallorca-logo.png\",\"width\":486,\"height\":408,\"caption\":\"Inma del Valle fotograf\u00eda\"},\"image\":{\"@id\":\"https:\\\/\\\/www.inmadelvalle.com\\\/en\\\/#\\\/schema\\\/logo\\\/image\\\/\"},\"sameAs\":[\"https:\\\/\\\/es-la.facebook.com\\\/InmadelValle\",\"https:\\\/\\\/x.com\\\/Emibel1984\",\"https:\\\/\\\/www.instagram.com\\\/inmadelvallephotography\\\/\",\"https:\\\/\\\/www.linkedin.com\\\/in\\\/inmadelvalle\\\/\",\"https:\\\/\\\/www.pinterest.es\\\/inmadelvalle\\\/\"],\"description\":\"Destination wedding photographer based in Mallorca, specializing in luxury and intimate weddings across Mallorca, Ibiza, Italy and Mexico. Known for a natural, editorial and emotion driven approach, offering a personalized experience for couples from all over the world.\",\"email\":\"infoinmadelvalle@gmail.com\",\"telephone\":\"+34616866588\",\"legalName\":\"Inma del Valle fotograf\u00eda\"},{\"@type\":\"Person\",\"@id\":\"https:\\\/\\\/www.inmadelvalle.com\\\/en\\\/#\\\/schema\\\/person\\\/f94481be855aef5eb03d66daea5f63a0\",\"name\":\"Inma del Valle bueno\",\"image\":{\"@type\":\"ImageObject\",\"inLanguage\":\"en-US\",\"@id\":\"https:\\\/\\\/secure.gravatar.com\\\/avatar\\\/ea904d2bb0314860683cb151385904055a4f14eb3d9d9b9d94b3afc96e1507fb?s=96&d=mm&r=g\",\"url\":\"https:\\\/\\\/secure.gravatar.com\\\/avatar\\\/ea904d2bb0314860683cb151385904055a4f14eb3d9d9b9d94b3afc96e1507fb?s=96&d=mm&r=g\",\"contentUrl\":\"https:\\\/\\\/secure.gravatar.com\\\/avatar\\\/ea904d2bb0314860683cb151385904055a4f14eb3d9d9b9d94b3afc96e1507fb?s=96&d=mm&r=g\",\"caption\":\"Inma del Valle bueno\"}}]}<\/script>\n<!-- \/ Yoast SEO Premium plugin. -->","yoast_head_json":{"title":"Children's portfolio photographer in Mallorca by Inma del Valle.","description":"Children's portfolio photographer in Mallorca by Inma del Valle. Book your session and create a natural, attractive portfolio for agencies.","robots":{"index":"index","follow":"follow","max-snippet":"max-snippet:-1","max-image-preview":"max-image-preview:large","max-video-preview":"max-video-preview:-1"},"canonical":"https:\/\/www.inmadelvalle.com\/en\/childrens-portfolio-photographer-in-mallorca\/","og_locale":"en_US","og_type":"article","og_title":"Children's portfolio photographer in Mallorca","og_description":"Children's portfolio photographer in Mallorca by Inma del Valle. Book your session and create a natural, attractive portfolio for agencies.","og_url":"https:\/\/www.inmadelvalle.com\/en\/childrens-portfolio-photographer-in-mallorca\/","og_site_name":"[English] Photographers Mallorca | Inma del Valle | Wedding photographers Mallorca","article_publisher":"https:\/\/es-la.facebook.com\/InmadelValle","article_published_time":"2026-04-30T15:36:49+00:00","article_modified_time":"2026-04-30T15:37:10+00:00","og_image":[{"width":787,"height":1181,"url":"https:\/\/www.inmadelvalle.com\/wp-content\/uploads\/2026\/04\/childrens-portfolio-photographer-in-mallorca-14.webp","type":"image\/webp"}],"author":"Inma del Valle bueno","twitter_card":"summary_large_image","twitter_creator":"@Emibel1984","twitter_site":"@Emibel1984","twitter_misc":{"Written by":"Inma del Valle bueno","Est. reading time":"7 minutes"},"schema":{"@context":"https:\/\/schema.org","@graph":[{"@type":"Article","@id":"https:\/\/www.inmadelvalle.com\/en\/childrens-portfolio-photographer-in-mallorca\/#article","isPartOf":{"@id":"https:\/\/www.inmadelvalle.com\/en\/childrens-portfolio-photographer-in-mallorca\/"},"author":{"name":"Inma del Valle bueno","@id":"https:\/\/www.inmadelvalle.com\/en\/#\/schema\/person\/f94481be855aef5eb03d66daea5f63a0"},"headline":"Children&#8217;s portfolio photographer in Mallorca","datePublished":"2026-04-30T15:36:49+00:00","dateModified":"2026-04-30T15:37:10+00:00","mainEntityOfPage":{"@id":"https:\/\/www.inmadelvalle.com\/en\/childrens-portfolio-photographer-in-mallorca\/"},"wordCount":959,"commentCount":0,"publisher":{"@id":"https:\/\/www.inmadelvalle.com\/en\/#organization"},"image":{"@id":"https:\/\/www.inmadelvalle.com\/en\/childrens-portfolio-photographer-in-mallorca\/#primaryimage"},"thumbnailUrl":"https:\/\/www.inmadelvalle.com\/wp-content\/uploads\/2026\/04\/childrens-portfolio-photographer-in-mallorca-14.webp","keywords":["Children's portfolio photographer in Mallorca","Children&#039;s book photographer in Mallorca","Kids photographer in mallorca"],"articleSection":["blog","books","books Mallorca","kids photographer mallorca"],"inLanguage":"en-US","potentialAction":[{"@type":"CommentAction","name":"Comment","target":["https:\/\/www.inmadelvalle.com\/en\/childrens-portfolio-photographer-in-mallorca\/#respond"]}]},{"@type":"WebPage","@id":"https:\/\/www.inmadelvalle.com\/en\/childrens-portfolio-photographer-in-mallorca\/","url":"https:\/\/www.inmadelvalle.com\/en\/childrens-portfolio-photographer-in-mallorca\/","name":"Children's portfolio photographer in Mallorca by Inma del Valle.","isPartOf":{"@id":"https:\/\/www.inmadelvalle.com\/en\/#website"},"primaryImageOfPage":{"@id":"https:\/\/www.inmadelvalle.com\/en\/childrens-portfolio-photographer-in-mallorca\/#primaryimage"},"image":{"@id":"https:\/\/www.inmadelvalle.com\/en\/childrens-portfolio-photographer-in-mallorca\/#primaryimage"},"thumbnailUrl":"https:\/\/www.inmadelvalle.com\/wp-content\/uploads\/2026\/04\/childrens-portfolio-photographer-in-mallorca-14.webp","datePublished":"2026-04-30T15:36:49+00:00","dateModified":"2026-04-30T15:37:10+00:00","description":"Children's portfolio photographer in Mallorca by Inma del Valle. Book your session and create a natural, attractive portfolio for agencies.","breadcrumb":{"@id":"https:\/\/www.inmadelvalle.com\/en\/childrens-portfolio-photographer-in-mallorca\/#breadcrumb"},"inLanguage":"en-US","potentialAction":[{"@type":"ReadAction","target":["https:\/\/www.inmadelvalle.com\/en\/childrens-portfolio-photographer-in-mallorca\/"]}]},{"@type":"ImageObject","inLanguage":"en-US","@id":"https:\/\/www.inmadelvalle.com\/en\/childrens-portfolio-photographer-in-mallorca\/#primaryimage","url":"https:\/\/www.inmadelvalle.com\/wp-content\/uploads\/2026\/04\/childrens-portfolio-photographer-in-mallorca-14.webp","contentUrl":"https:\/\/www.inmadelvalle.com\/wp-content\/uploads\/2026\/04\/childrens-portfolio-photographer-in-mallorca-14.webp","width":787,"height":1181,"caption":"spontaneous expression that reflects personality and attitude"},{"@type":"BreadcrumbList","@id":"https:\/\/www.inmadelvalle.com\/en\/childrens-portfolio-photographer-in-mallorca\/#breadcrumb","itemListElement":[{"@type":"ListItem","position":1,"name":"Portada","item":"https:\/\/www.inmadelvalle.com\/en\/"},{"@type":"ListItem","position":2,"name":"Children&#8217;s portfolio photographer in Mallorca"}]},{"@type":"WebSite","@id":"https:\/\/www.inmadelvalle.com\/en\/#website","url":"https:\/\/www.inmadelvalle.com\/en\/","name":"[English] Photographers Mallorca | Inma del Valle | Wedding photographers Mallorca","description":"[English] Fot\u00f3grafo en Mallorca | Inma del Valle | Fot\u00f3grafos de bodas en Mallorca | Ten un recuerdo original y elegante del d\u00eda de tu boda. Wedding photographer.","publisher":{"@id":"https:\/\/www.inmadelvalle.com\/en\/#organization"},"potentialAction":[{"@type":"SearchAction","target":{"@type":"EntryPoint","urlTemplate":"https:\/\/www.inmadelvalle.com\/en\/?s={search_term_string}"},"query-input":{"@type":"PropertyValueSpecification","valueRequired":true,"valueName":"search_term_string"}}],"inLanguage":"en-US"},{"@type":"Organization","@id":"https:\/\/www.inmadelvalle.com\/en\/#organization","name":"Inma del Valle fotograf\u00eda","url":"https:\/\/www.inmadelvalle.com\/en\/","logo":{"@type":"ImageObject","inLanguage":"en-US","@id":"https:\/\/www.inmadelvalle.com\/en\/#\/schema\/logo\/image\/","url":"https:\/\/www.inmadelvalle.com\/wp-content\/uploads\/2018\/11\/foto\u0301grafo-en-mallorca-logo.png","contentUrl":"https:\/\/www.inmadelvalle.com\/wp-content\/uploads\/2018\/11\/foto\u0301grafo-en-mallorca-logo.png","width":486,"height":408,"caption":"Inma del Valle fotograf\u00eda"},"image":{"@id":"https:\/\/www.inmadelvalle.com\/en\/#\/schema\/logo\/image\/"},"sameAs":["https:\/\/es-la.facebook.com\/InmadelValle","https:\/\/x.com\/Emibel1984","https:\/\/www.instagram.com\/inmadelvallephotography\/","https:\/\/www.linkedin.com\/in\/inmadelvalle\/","https:\/\/www.pinterest.es\/inmadelvalle\/"],"description":"Destination wedding photographer based in Mallorca, specializing in luxury and intimate weddings across Mallorca, Ibiza, Italy and Mexico. Known for a natural, editorial and emotion driven approach, offering a personalized experience for couples from all over the world.","email":"infoinmadelvalle@gmail.com","telephone":"+34616866588","legalName":"Inma del Valle fotograf\u00eda"},{"@type":"Person","@id":"https:\/\/www.inmadelvalle.com\/en\/#\/schema\/person\/f94481be855aef5eb03d66daea5f63a0","name":"Inma del Valle bueno","image":{"@type":"ImageObject","inLanguage":"en-US","@id":"https:\/\/secure.gravatar.com\/avatar\/ea904d2bb0314860683cb151385904055a4f14eb3d9d9b9d94b3afc96e1507fb?s=96&d=mm&r=g","url":"https:\/\/secure.gravatar.com\/avatar\/ea904d2bb0314860683cb151385904055a4f14eb3d9d9b9d94b3afc96e1507fb?s=96&d=mm&r=g","contentUrl":"https:\/\/secure.gravatar.com\/avatar\/ea904d2bb0314860683cb151385904055a4f14eb3d9d9b9d94b3afc96e1507fb?s=96&d=mm&r=g","caption":"Inma del Valle bueno"}}]}},"_links":{"self":[{"href":"https:\/\/www.inmadelvalle.com\/en\/wp-json\/wp\/v2\/posts\/60916","targetHints":{"allow":["GET"]}}],"collection":[{"href":"https:\/\/www.inmadelvalle.com\/en\/wp-json\/wp\/v2\/posts"}],"about":[{"href":"https:\/\/www.inmadelvalle.com\/en\/wp-json\/wp\/v2\/types\/post"}],"author":[{"embeddable":true,"href":"https:\/\/www.inmadelvalle.com\/en\/wp-json\/wp\/v2\/users\/6"}],"replies":[{"embeddable":true,"href":"https:\/\/www.inmadelvalle.com\/en\/wp-json\/wp\/v2\/comments?post=60916"}],"version-history":[{"count":5,"href":"https:\/\/www.inmadelvalle.com\/en\/wp-json\/wp\/v2\/posts\/60916\/revisions"}],"predecessor-version":[{"id":60976,"href":"https:\/\/www.inmadelvalle.com\/en\/wp-json\/wp\/v2\/posts\/60916\/revisions\/60976"}],"wp:featuredmedia":[{"embeddable":true,"href":"https:\/\/www.inmadelvalle.com\/en\/wp-json\/wp\/v2\/media\/60936"}],"wp:attachment":[{"href":"https:\/\/www.inmadelvalle.com\/en\/wp-json\/wp\/v2\/media?parent=60916"}],"wp:term":[{"taxonomy":"category","embeddable":true,"href":"https:\/\/www.inmadelvalle.com\/en\/wp-json\/wp\/v2\/categories?post=60916"},{"taxonomy":"post_tag","embeddable":true,"href":"https:\/\/www.inmadelvalle.com\/en\/wp-json\/wp\/v2\/tags?post=60916"}],"curies":[{"name":"wp","href":"https:\/\/api.w.org\/{rel}","templated":true}]}}