{"id":61578,"date":"2026-04-30T17:34:34","date_gmt":"2026-04-30T15:34:34","guid":{"rendered":"https:\/\/www.inmadelvalle.com\/?p=61578"},"modified":"2026-04-30T17:35:18","modified_gmt":"2026-04-30T15:35:18","slug":"luxury-engagement-in-mallorca","status":"publish","type":"post","link":"https:\/\/www.inmadelvalle.com\/en\/luxury-engagement-in-mallorca\/","title":{"rendered":"Luxury engagement in Mallorca"},"content":{"rendered":"\t\t<div data-elementor-type=\"wp-post\" data-elementor-id=\"61578\" class=\"elementor elementor-61578 elementor-61473\">\n\t\t\t\t\t\t<section class=\"penci-section penci-disSticky penci-structure-10 elementor-section elementor-top-section elementor-element elementor-element-98eaaa6 elementor-section-boxed elementor-section-height-default elementor-section-height-default\" data-id=\"98eaaa6\" data-element_type=\"section\" data-e-type=\"section\">\n\t\t\t\t\t\t<div class=\"elementor-container elementor-column-gap-default\">\n\t\t\t\t\t<div class=\"penci-ercol-100 penci-ercol-order-1 penci-sticky-ct    elementor-column elementor-col-100 elementor-top-column elementor-element elementor-element-c627559\" data-id=\"c627559\" data-element_type=\"column\" data-e-type=\"column\">\n\t\t\t<div class=\"elementor-widget-wrap elementor-element-populated\">\n\t\t\t\t\t\t<div class=\"elementor-element elementor-element-69fdbe7 elementor-widget elementor-widget-text-editor\" data-id=\"69fdbe7\" data-element_type=\"widget\" data-e-type=\"widget\" data-widget_type=\"text-editor.default\">\n\t\t\t\t<div class=\"elementor-widget-container\">\n\t\t\t\t\t\t\t\t\t<p>Luxury engagement in Mallorca.<\/p>\t\t\t\t\t\t\t\t<\/div>\n\t\t\t\t<\/div>\n\t\t\t\t\t<\/div>\n\t\t<\/div>\n\t\t\t\t\t<\/div>\n\t\t<\/section>\n\t\t\t\t<section class=\"penci-section penci-disSticky penci-structure-10 elementor-section elementor-top-section elementor-element elementor-element-96456f4 elementor-section-boxed elementor-section-height-default elementor-section-height-default\" data-id=\"96456f4\" data-element_type=\"section\" data-e-type=\"section\">\n\t\t\t\t\t\t<div class=\"elementor-container elementor-column-gap-default\">\n\t\t\t\t\t<div class=\"penci-ercol-100 penci-ercol-order-1 penci-sticky-ct    elementor-column elementor-col-100 elementor-top-column elementor-element elementor-element-c4692ed\" data-id=\"c4692ed\" data-element_type=\"column\" data-e-type=\"column\">\n\t\t\t<div class=\"elementor-widget-wrap elementor-element-populated\">\n\t\t\t\t\t\t<div class=\"elementor-element elementor-element-aa6c422 elementor-widget elementor-widget-text-editor\" data-id=\"aa6c422\" data-element_type=\"widget\" data-e-type=\"widget\" data-widget_type=\"text-editor.default\">\n\t\t\t\t<div class=\"elementor-widget-container\">\n\t\t\t\t\t\t\t\t\t<p>The Mediterranean light, the gentle sound of the sea, and an elegant setting turn any moment into something unforgettable. That\u2019s exactly how this <strong>luxury engagement in Mallorca<\/strong> felt, celebrated in a beautiful spot on the island. From the very beginning, everything seemed like a dream: a stunning location, carefully designed decoration, and a couple experiencing one of the most important moments of their lives.<\/p>\t\t\t\t\t\t\t\t<\/div>\n\t\t\t\t<\/div>\n\t\t\t\t\t<\/div>\n\t\t<\/div>\n\t\t\t\t\t<\/div>\n\t\t<\/section>\n\t\t\t\t<section class=\"penci-section penci-disSticky penci-structure-20 elementor-section elementor-top-section elementor-element elementor-element-0ea308d elementor-section-full_width elementor-section-height-default elementor-section-height-default\" data-id=\"0ea308d\" data-element_type=\"section\" data-e-type=\"section\">\n\t\t\t\t\t\t<div class=\"elementor-container elementor-column-gap-default\">\n\t\t\t\t\t<div class=\"penci-ercol-50 penci-ercol-order-1 penci-sticky-ct    elementor-column elementor-col-50 elementor-top-column elementor-element elementor-element-2634592\" data-id=\"2634592\" data-element_type=\"column\" data-e-type=\"column\">\n\t\t\t<div class=\"elementor-widget-wrap elementor-element-populated\">\n\t\t\t\t\t\t<div class=\"elementor-element elementor-element-bed1f18 elementor-widget elementor-widget-image\" data-id=\"bed1f18\" data-element_type=\"widget\" data-e-type=\"widget\" data-widget_type=\"image.default\">\n\t\t\t\t<div class=\"elementor-widget-container\">\n\t\t\t\t\t\t\t\t\t\t\t\t\t\t\t<img fetchpriority=\"high\" decoding=\"async\" width=\"682\" height=\"1024\" src=\"https:\/\/www.inmadelvalle.com\/wp-content\/uploads\/2026\/04\/luxury-engagement-in-mallorca-04-682x1024.webp\" class=\"attachment-large size-large wp-image-61602\" alt=\"Couple walking before a luxury engagement in Mallorca, photo by Inma del Valle\" srcset=\"https:\/\/www.inmadelvalle.com\/wp-content\/uploads\/2026\/04\/luxury-engagement-in-mallorca-04-682x1024.webp 682w, https:\/\/www.inmadelvalle.com\/wp-content\/uploads\/2026\/04\/luxury-engagement-in-mallorca-04-200x300.webp 200w, https:\/\/www.inmadelvalle.com\/wp-content\/uploads\/2026\/04\/luxury-engagement-in-mallorca-04-768x1152.webp 768w, https:\/\/www.inmadelvalle.com\/wp-content\/uploads\/2026\/04\/luxury-engagement-in-mallorca-04-585x878.webp 585w, https:\/\/www.inmadelvalle.com\/wp-content\/uploads\/2026\/04\/luxury-engagement-in-mallorca-04.webp 787w\" sizes=\"(max-width: 682px) 100vw, 682px\" \/>\t\t\t\t\t\t\t\t\t\t\t\t\t\t\t<\/div>\n\t\t\t\t<\/div>\n\t\t\t\t\t<\/div>\n\t\t<\/div>\n\t\t\t\t<div class=\"penci-ercol-50 penci-ercol-order-2 penci-sticky-ct    elementor-column elementor-col-50 elementor-top-column elementor-element elementor-element-bb61371\" data-id=\"bb61371\" data-element_type=\"column\" data-e-type=\"column\">\n\t\t\t<div class=\"elementor-widget-wrap elementor-element-populated\">\n\t\t\t\t\t\t<div class=\"elementor-element elementor-element-0d43614 elementor-widget elementor-widget-image\" data-id=\"0d43614\" data-element_type=\"widget\" data-e-type=\"widget\" data-widget_type=\"image.default\">\n\t\t\t\t<div class=\"elementor-widget-container\">\n\t\t\t\t\t\t\t\t\t\t\t\t\t\t\t<img decoding=\"async\" width=\"682\" height=\"1024\" src=\"https:\/\/www.inmadelvalle.com\/wp-content\/uploads\/2026\/04\/luxury-engagement-in-mallorca-05-682x1024.webp\" class=\"attachment-large size-large wp-image-61603\" alt=\"Smiling couple walking before a luxury engagement in Mallorca, photography by Inma del Valle\" srcset=\"https:\/\/www.inmadelvalle.com\/wp-content\/uploads\/2026\/04\/luxury-engagement-in-mallorca-05-682x1024.webp 682w, https:\/\/www.inmadelvalle.com\/wp-content\/uploads\/2026\/04\/luxury-engagement-in-mallorca-05-200x300.webp 200w, https:\/\/www.inmadelvalle.com\/wp-content\/uploads\/2026\/04\/luxury-engagement-in-mallorca-05-768x1152.webp 768w, https:\/\/www.inmadelvalle.com\/wp-content\/uploads\/2026\/04\/luxury-engagement-in-mallorca-05-585x878.webp 585w, https:\/\/www.inmadelvalle.com\/wp-content\/uploads\/2026\/04\/luxury-engagement-in-mallorca-05.webp 787w\" sizes=\"(max-width: 682px) 100vw, 682px\" \/>\t\t\t\t\t\t\t\t\t\t\t\t\t\t\t<\/div>\n\t\t\t\t<\/div>\n\t\t\t\t\t<\/div>\n\t\t<\/div>\n\t\t\t\t\t<\/div>\n\t\t<\/section>\n\t\t\t\t<section class=\"penci-section penci-disSticky penci-structure-10 elementor-section elementor-top-section elementor-element elementor-element-f8d06dd elementor-section-boxed elementor-section-height-default elementor-section-height-default\" data-id=\"f8d06dd\" data-element_type=\"section\" data-e-type=\"section\">\n\t\t\t\t\t\t<div class=\"elementor-container elementor-column-gap-default\">\n\t\t\t\t\t<div class=\"penci-ercol-100 penci-ercol-order-1 penci-sticky-ct    elementor-column elementor-col-100 elementor-top-column elementor-element elementor-element-8f3cd77\" data-id=\"8f3cd77\" data-element_type=\"column\" data-e-type=\"column\">\n\t\t\t<div class=\"elementor-widget-wrap elementor-element-populated\">\n\t\t\t\t\t\t<div class=\"elementor-element elementor-element-35c4d3b elementor-widget elementor-widget-heading\" data-id=\"35c4d3b\" data-element_type=\"widget\" data-e-type=\"widget\" data-widget_type=\"heading.default\">\n\t\t\t\t<div class=\"elementor-widget-container\">\n\t\t\t\t\t<h2 class=\"elementor-heading-title elementor-size-default\">Engagement photographer in Mallorca\n<\/h2>\t\t\t\t<\/div>\n\t\t\t\t<\/div>\n\t\t\t\t\t<\/div>\n\t\t<\/div>\n\t\t\t\t\t<\/div>\n\t\t<\/section>\n\t\t\t\t<section class=\"penci-section penci-disSticky penci-structure-10 elementor-section elementor-top-section elementor-element elementor-element-5769e15 elementor-section-boxed elementor-section-height-default elementor-section-height-default\" data-id=\"5769e15\" data-element_type=\"section\" data-e-type=\"section\">\n\t\t\t\t\t\t<div class=\"elementor-container elementor-column-gap-default\">\n\t\t\t\t\t<div class=\"penci-ercol-100 penci-ercol-order-1 penci-sticky-ct    elementor-column elementor-col-100 elementor-top-column elementor-element elementor-element-dc92967\" data-id=\"dc92967\" data-element_type=\"column\" data-e-type=\"column\">\n\t\t\t<div class=\"elementor-widget-wrap elementor-element-populated\">\n\t\t\t\t\t\t<div class=\"elementor-element elementor-element-1c8e482 elementor-widget elementor-widget-text-editor\" data-id=\"1c8e482\" data-element_type=\"widget\" data-e-type=\"widget\" data-widget_type=\"text-editor.default\">\n\t\t\t\t<div class=\"elementor-widget-container\">\n\t\t\t\t\t\t\t\t\t<p>It all started when the groom contacted me with a very clear idea: he wanted to surprise her with a truly special <a href=\"https:\/\/www.inmadelvalle.com\/en\/engagement-mallorca\/\"><strong>proposal in Mallorca<\/strong><\/a>. From that very first moment, we began working together for several weeks, carefully planning every detail so everything would be perfect.\u00a0<\/p>\t\t\t\t\t\t\t\t<\/div>\n\t\t\t\t<\/div>\n\t\t\t\t\t<\/div>\n\t\t<\/div>\n\t\t\t\t\t<\/div>\n\t\t<\/section>\n\t\t\t\t<section class=\"penci-section penci-disSticky penci-structure-10 elementor-section elementor-top-section elementor-element elementor-element-7232b0f elementor-section-boxed elementor-section-height-default elementor-section-height-default\" data-id=\"7232b0f\" data-element_type=\"section\" data-e-type=\"section\">\n\t\t\t\t\t\t<div class=\"elementor-container elementor-column-gap-default\">\n\t\t\t\t\t<div class=\"penci-ercol-100 penci-ercol-order-1 penci-sticky-ct    elementor-column elementor-col-100 elementor-top-column elementor-element elementor-element-c7018a6\" data-id=\"c7018a6\" data-element_type=\"column\" data-e-type=\"column\">\n\t\t\t<div class=\"elementor-widget-wrap elementor-element-populated\">\n\t\t\t\t\t\t<div class=\"elementor-element elementor-element-bbc630d e-transform e-transform elementor-widget elementor-widget-html\" data-id=\"bbc630d\" data-element_type=\"widget\" data-e-type=\"widget\" data-settings=\"{&quot;_transform_translateX_effect&quot;:{&quot;unit&quot;:&quot;px&quot;,&quot;size&quot;:12,&quot;sizes&quot;:[]},&quot;_transform_scale_effect&quot;:{&quot;unit&quot;:&quot;px&quot;,&quot;size&quot;:1.3,&quot;sizes&quot;:[]},&quot;_transform_translateX_effect_tablet&quot;:{&quot;unit&quot;:&quot;px&quot;,&quot;size&quot;:&quot;&quot;,&quot;sizes&quot;:[]},&quot;_transform_translateX_effect_mobile&quot;:{&quot;unit&quot;:&quot;px&quot;,&quot;size&quot;:&quot;&quot;,&quot;sizes&quot;:[]},&quot;_transform_translateY_effect&quot;:{&quot;unit&quot;:&quot;px&quot;,&quot;size&quot;:&quot;&quot;,&quot;sizes&quot;:[]},&quot;_transform_translateY_effect_tablet&quot;:{&quot;unit&quot;:&quot;px&quot;,&quot;size&quot;:&quot;&quot;,&quot;sizes&quot;:[]},&quot;_transform_translateY_effect_mobile&quot;:{&quot;unit&quot;:&quot;px&quot;,&quot;size&quot;:&quot;&quot;,&quot;sizes&quot;:[]},&quot;_transform_scale_effect_tablet&quot;:{&quot;unit&quot;:&quot;px&quot;,&quot;size&quot;:&quot;&quot;,&quot;sizes&quot;:[]},&quot;_transform_scale_effect_mobile&quot;:{&quot;unit&quot;:&quot;px&quot;,&quot;size&quot;:&quot;&quot;,&quot;sizes&quot;:[]}}\" data-widget_type=\"html.default\">\n\t\t\t\t<div class=\"elementor-widget-container\">\n\t\t\t\t\t<h2 style=\"text-align: center\">\n  <a class=\"typeform-share button\" href=\"mailto:infoinmadelvalle@gmail.com\" style=\"text-decoration: none;background-color: #8F7A35;color: white;cursor: pointer;font-family: UNNA, Arial, sans-serif;font-size: 20px;line-height: 50px;text-align: center;margin: 0;height: 50px;padding: 0px 33px;border-radius: 25px;max-width: 100%;overflow: hidden;font-weight: bold\">\n    Contact and reserve your proposal\n  <\/a>\n<\/h2>\n\t\t\t\t<\/div>\n\t\t\t\t<\/div>\n\t\t\t\t\t<\/div>\n\t\t<\/div>\n\t\t\t\t\t<\/div>\n\t\t<\/section>\n\t\t\t\t<section class=\"penci-section penci-disSticky penci-structure-10 elementor-section elementor-top-section elementor-element elementor-element-65a2d6d elementor-section-boxed elementor-section-height-default elementor-section-height-default\" data-id=\"65a2d6d\" data-element_type=\"section\" data-e-type=\"section\">\n\t\t\t\t\t\t<div class=\"elementor-container elementor-column-gap-default\">\n\t\t\t\t\t<div class=\"penci-ercol-100 penci-ercol-order-1 penci-sticky-ct    elementor-column elementor-col-100 elementor-top-column elementor-element elementor-element-4e94652\" data-id=\"4e94652\" data-element_type=\"column\" data-e-type=\"column\">\n\t\t\t<div class=\"elementor-widget-wrap elementor-element-populated\">\n\t\t\t\t\t\t<div class=\"elementor-element elementor-element-dd7ad5a elementor-widget elementor-widget-text-editor\" data-id=\"dd7ad5a\" data-element_type=\"widget\" data-e-type=\"widget\" data-widget_type=\"text-editor.default\">\n\t\t\t\t<div class=\"elementor-widget-container\">\n\t\t\t\t\t\t\t\t\t<p>We talked about the location, the decoration, the best time of day, and how to capture the essence of their story. At the same time, we coordinated every step with the team for this <strong>luxury engagement in Mallorca<\/strong>, including videographer <a href=\"https:\/\/www.instagram.com\/arantxarustarazovideography\/\"><strong>Arantxa Rustarazo,<\/strong><\/a> so nothing was left to chance. As a result of this planning, the experience felt smooth, emotional, and fully personalized, where every element came together beautifully.<\/p>\t\t\t\t\t\t\t\t<\/div>\n\t\t\t\t<\/div>\n\t\t\t\t\t<\/div>\n\t\t<\/div>\n\t\t\t\t\t<\/div>\n\t\t<\/section>\n\t\t\t\t<section class=\"penci-section penci-disSticky penci-structure-10 elementor-section elementor-top-section elementor-element elementor-element-3ff28a7 elementor-section-full_width elementor-section-height-default elementor-section-height-default\" data-id=\"3ff28a7\" data-element_type=\"section\" data-e-type=\"section\">\n\t\t\t\t\t\t<div class=\"elementor-container elementor-column-gap-default\">\n\t\t\t\t\t<div class=\"penci-ercol-100 penci-ercol-order-1 penci-sticky-ct    elementor-column elementor-col-100 elementor-top-column elementor-element elementor-element-a683d0f\" data-id=\"a683d0f\" data-element_type=\"column\" data-e-type=\"column\">\n\t\t\t<div class=\"elementor-widget-wrap elementor-element-populated\">\n\t\t\t\t\t\t<div class=\"elementor-element elementor-element-881865e elementor-widget elementor-widget-image\" data-id=\"881865e\" data-element_type=\"widget\" data-e-type=\"widget\" data-widget_type=\"image.default\">\n\t\t\t\t<div class=\"elementor-widget-container\">\n\t\t\t\t\t\t\t\t\t\t\t\t\t\t\t<img decoding=\"async\" width=\"787\" height=\"1181\" src=\"https:\/\/www.inmadelvalle.com\/wp-content\/uploads\/2026\/04\/luxury-engagement-in-mallorca-07.webp\" class=\"attachment-full size-full wp-image-61605\" alt=\"Luxury engagement in Mallorca moment with the groom kneeling, photography by Inma del Valle\" srcset=\"https:\/\/www.inmadelvalle.com\/wp-content\/uploads\/2026\/04\/luxury-engagement-in-mallorca-07.webp 787w, https:\/\/www.inmadelvalle.com\/wp-content\/uploads\/2026\/04\/luxury-engagement-in-mallorca-07-200x300.webp 200w, https:\/\/www.inmadelvalle.com\/wp-content\/uploads\/2026\/04\/luxury-engagement-in-mallorca-07-682x1024.webp 682w, https:\/\/www.inmadelvalle.com\/wp-content\/uploads\/2026\/04\/luxury-engagement-in-mallorca-07-768x1152.webp 768w, https:\/\/www.inmadelvalle.com\/wp-content\/uploads\/2026\/04\/luxury-engagement-in-mallorca-07-585x878.webp 585w\" sizes=\"(max-width: 787px) 100vw, 787px\" \/>\t\t\t\t\t\t\t\t\t\t\t\t\t\t\t<\/div>\n\t\t\t\t<\/div>\n\t\t\t\t\t<\/div>\n\t\t<\/div>\n\t\t\t\t\t<\/div>\n\t\t<\/section>\n\t\t\t\t<section class=\"penci-section penci-disSticky penci-structure-10 elementor-section elementor-top-section elementor-element elementor-element-ec3af8a elementor-section-boxed elementor-section-height-default elementor-section-height-default\" data-id=\"ec3af8a\" data-element_type=\"section\" data-e-type=\"section\">\n\t\t\t\t\t\t<div class=\"elementor-container elementor-column-gap-default\">\n\t\t\t\t\t<div class=\"penci-ercol-100 penci-ercol-order-1 penci-sticky-ct    elementor-column elementor-col-100 elementor-top-column elementor-element elementor-element-453dab2\" data-id=\"453dab2\" data-element_type=\"column\" data-e-type=\"column\">\n\t\t\t<div class=\"elementor-widget-wrap elementor-element-populated\">\n\t\t\t\t\t\t<div class=\"elementor-element elementor-element-489d5f8 elementor-widget elementor-widget-heading\" data-id=\"489d5f8\" data-element_type=\"widget\" data-e-type=\"widget\" data-widget_type=\"heading.default\">\n\t\t\t\t<div class=\"elementor-widget-container\">\n\t\t\t\t\t<h2 class=\"elementor-heading-title elementor-size-default\">How to organise an engagement proposal in Mallorca\n<\/h2>\t\t\t\t<\/div>\n\t\t\t\t<\/div>\n\t\t\t\t\t<\/div>\n\t\t<\/div>\n\t\t\t\t\t<\/div>\n\t\t<\/section>\n\t\t\t\t<section class=\"penci-section penci-disSticky penci-structure-10 elementor-section elementor-top-section elementor-element elementor-element-b54cb26 elementor-section-full_width elementor-section-height-default elementor-section-height-default\" data-id=\"b54cb26\" data-element_type=\"section\" data-e-type=\"section\">\n\t\t\t\t\t\t<div class=\"elementor-container elementor-column-gap-default\">\n\t\t\t\t\t<div class=\"penci-ercol-100 penci-ercol-order-1 penci-sticky-ct    elementor-column elementor-col-100 elementor-top-column elementor-element elementor-element-bef9613\" data-id=\"bef9613\" data-element_type=\"column\" data-e-type=\"column\">\n\t\t\t<div class=\"elementor-widget-wrap elementor-element-populated\">\n\t\t\t\t\t\t<div class=\"elementor-element elementor-element-801fec5 elementor-widget elementor-widget-image\" data-id=\"801fec5\" data-element_type=\"widget\" data-e-type=\"widget\" data-widget_type=\"image.default\">\n\t\t\t\t<div class=\"elementor-widget-container\">\n\t\t\t\t\t\t\t\t\t\t\t\t\t\t\t<img loading=\"lazy\" decoding=\"async\" width=\"1181\" height=\"808\" src=\"https:\/\/www.inmadelvalle.com\/wp-content\/uploads\/2026\/04\/luxury-engagement-in-mallorca-08.webp\" class=\"attachment-full size-full wp-image-61606\" alt=\"Couple showing the ring after a luxury engagement in Mallorca, photo by Inma del Valle\" srcset=\"https:\/\/www.inmadelvalle.com\/wp-content\/uploads\/2026\/04\/luxury-engagement-in-mallorca-08.webp 1181w, https:\/\/www.inmadelvalle.com\/wp-content\/uploads\/2026\/04\/luxury-engagement-in-mallorca-08-300x205.webp 300w, https:\/\/www.inmadelvalle.com\/wp-content\/uploads\/2026\/04\/luxury-engagement-in-mallorca-08-1024x701.webp 1024w, https:\/\/www.inmadelvalle.com\/wp-content\/uploads\/2026\/04\/luxury-engagement-in-mallorca-08-768x525.webp 768w, https:\/\/www.inmadelvalle.com\/wp-content\/uploads\/2026\/04\/luxury-engagement-in-mallorca-08-585x400.webp 585w\" sizes=\"(max-width: 1181px) 100vw, 1181px\" \/>\t\t\t\t\t\t\t\t\t\t\t\t\t\t\t<\/div>\n\t\t\t\t<\/div>\n\t\t\t\t\t<\/div>\n\t\t<\/div>\n\t\t\t\t\t<\/div>\n\t\t<\/section>\n\t\t\t\t<section class=\"penci-section penci-disSticky penci-structure-10 elementor-section elementor-top-section elementor-element elementor-element-7225fef elementor-section-boxed elementor-section-height-default elementor-section-height-default\" data-id=\"7225fef\" data-element_type=\"section\" data-e-type=\"section\">\n\t\t\t\t\t\t<div class=\"elementor-container elementor-column-gap-default\">\n\t\t\t\t\t<div class=\"penci-ercol-100 penci-ercol-order-1 penci-sticky-ct    elementor-column elementor-col-100 elementor-top-column elementor-element elementor-element-895a733\" data-id=\"895a733\" data-element_type=\"column\" data-e-type=\"column\">\n\t\t\t<div class=\"elementor-widget-wrap elementor-element-populated\">\n\t\t\t\t\t\t<div class=\"elementor-element elementor-element-2196cc5 elementor-widget elementor-widget-text-editor\" data-id=\"2196cc5\" data-element_type=\"widget\" data-e-type=\"widget\" data-widget_type=\"text-editor.default\">\n\t\t\t\t<div class=\"elementor-widget-container\">\n\t\t\t\t\t\t\t\t\t<p>In this <a href=\"https:\/\/www.inmadelvalle.com\/en\/exclusive-marriage-proposal-in-mallorca\/\"><strong>marriage proposal in Mallorca<\/strong><\/a>, as in all the moments we design, natural beauty truly stands out. This seafront location offers open views that bring a sense of calm and romance. In addition, its classic-style terraces, with columns and sculptures, create the perfect setting for such a special occasion. Without a doubt, a <strong>luxury engagement in Mallorca<\/strong> means choosing an exclusive environment that elevates every emotion.<\/p>\t\t\t\t\t\t\t\t<\/div>\n\t\t\t\t<\/div>\n\t\t\t\t\t<\/div>\n\t\t<\/div>\n\t\t\t\t\t<\/div>\n\t\t<\/section>\n\t\t\t\t<section class=\"penci-section penci-disSticky penci-structure-10 elementor-section elementor-top-section elementor-element elementor-element-eaf4b2a elementor-section-full_width elementor-section-height-default elementor-section-height-default\" data-id=\"eaf4b2a\" data-element_type=\"section\" data-e-type=\"section\">\n\t\t\t\t\t\t<div class=\"elementor-container elementor-column-gap-default\">\n\t\t\t\t\t<div class=\"penci-ercol-100 penci-ercol-order-1 penci-sticky-ct    elementor-column elementor-col-100 elementor-top-column elementor-element elementor-element-bf24ee9\" data-id=\"bf24ee9\" data-element_type=\"column\" data-e-type=\"column\">\n\t\t\t<div class=\"elementor-widget-wrap elementor-element-populated\">\n\t\t\t\t\t\t<div class=\"elementor-element elementor-element-bd259f5 elementor-widget elementor-widget-image\" data-id=\"bd259f5\" data-element_type=\"widget\" data-e-type=\"widget\" data-widget_type=\"image.default\">\n\t\t\t\t<div class=\"elementor-widget-container\">\n\t\t\t\t\t\t\t\t\t\t\t\t\t\t\t<img loading=\"lazy\" decoding=\"async\" width=\"787\" height=\"1191\" src=\"https:\/\/www.inmadelvalle.com\/wp-content\/uploads\/2026\/04\/luxury-engagement-in-mallorca-17.webp\" class=\"attachment-full size-full wp-image-61615\" alt=\"Couple embracing after a luxury engagement in Mallorca surrounded by flowers and candles, photo by Inma del Valle\" srcset=\"https:\/\/www.inmadelvalle.com\/wp-content\/uploads\/2026\/04\/luxury-engagement-in-mallorca-17.webp 787w, https:\/\/www.inmadelvalle.com\/wp-content\/uploads\/2026\/04\/luxury-engagement-in-mallorca-17-198x300.webp 198w, https:\/\/www.inmadelvalle.com\/wp-content\/uploads\/2026\/04\/luxury-engagement-in-mallorca-17-677x1024.webp 677w, https:\/\/www.inmadelvalle.com\/wp-content\/uploads\/2026\/04\/luxury-engagement-in-mallorca-17-768x1162.webp 768w, https:\/\/www.inmadelvalle.com\/wp-content\/uploads\/2026\/04\/luxury-engagement-in-mallorca-17-585x885.webp 585w\" sizes=\"(max-width: 787px) 100vw, 787px\" \/>\t\t\t\t\t\t\t\t\t\t\t\t\t\t\t<\/div>\n\t\t\t\t<\/div>\n\t\t\t\t\t<\/div>\n\t\t<\/div>\n\t\t\t\t\t<\/div>\n\t\t<\/section>\n\t\t\t\t<section class=\"penci-section penci-disSticky penci-structure-10 elementor-section elementor-top-section elementor-element elementor-element-9721512 elementor-section-boxed elementor-section-height-default elementor-section-height-default\" data-id=\"9721512\" data-element_type=\"section\" data-e-type=\"section\">\n\t\t\t\t\t\t<div class=\"elementor-container elementor-column-gap-default\">\n\t\t\t\t\t<div class=\"penci-ercol-100 penci-ercol-order-1 penci-sticky-ct    elementor-column elementor-col-100 elementor-top-column elementor-element elementor-element-cfa5539\" data-id=\"cfa5539\" data-element_type=\"column\" data-e-type=\"column\">\n\t\t\t<div class=\"elementor-widget-wrap elementor-element-populated\">\n\t\t\t\t\t\t<div class=\"elementor-element elementor-element-5113057 e-transform e-transform elementor-widget elementor-widget-html\" data-id=\"5113057\" data-element_type=\"widget\" data-e-type=\"widget\" data-settings=\"{&quot;_transform_translateX_effect&quot;:{&quot;unit&quot;:&quot;px&quot;,&quot;size&quot;:12,&quot;sizes&quot;:[]},&quot;_transform_scale_effect&quot;:{&quot;unit&quot;:&quot;px&quot;,&quot;size&quot;:1.3,&quot;sizes&quot;:[]},&quot;_transform_translateX_effect_tablet&quot;:{&quot;unit&quot;:&quot;px&quot;,&quot;size&quot;:&quot;&quot;,&quot;sizes&quot;:[]},&quot;_transform_translateX_effect_mobile&quot;:{&quot;unit&quot;:&quot;px&quot;,&quot;size&quot;:&quot;&quot;,&quot;sizes&quot;:[]},&quot;_transform_translateY_effect&quot;:{&quot;unit&quot;:&quot;px&quot;,&quot;size&quot;:&quot;&quot;,&quot;sizes&quot;:[]},&quot;_transform_translateY_effect_tablet&quot;:{&quot;unit&quot;:&quot;px&quot;,&quot;size&quot;:&quot;&quot;,&quot;sizes&quot;:[]},&quot;_transform_translateY_effect_mobile&quot;:{&quot;unit&quot;:&quot;px&quot;,&quot;size&quot;:&quot;&quot;,&quot;sizes&quot;:[]},&quot;_transform_scale_effect_tablet&quot;:{&quot;unit&quot;:&quot;px&quot;,&quot;size&quot;:&quot;&quot;,&quot;sizes&quot;:[]},&quot;_transform_scale_effect_mobile&quot;:{&quot;unit&quot;:&quot;px&quot;,&quot;size&quot;:&quot;&quot;,&quot;sizes&quot;:[]}}\" data-widget_type=\"html.default\">\n\t\t\t\t<div class=\"elementor-widget-container\">\n\t\t\t\t\t<!-- Elegant Vogue-style font -->\n<link href=\"https:\/\/fonts.googleapis.com\/css2?family=Playfair+Display:wght@500;600&display=swap\" rel=\"stylesheet\">\n\n<style>\n.instagram-button-wrapper {\n  display: flex;\n  justify-content: center;\n  align-items: center;\n  padding: 20px 20px;\n  background-color: #ffffff;\n}\n\n.elegant-instagram-button {\n  display: inline-block;\n  background-color: #ffffff !important;\n  color: #000000 !important; \/* Forced to black *\/\n  border: 2px solid #e8b4cc;\n  padding: 16px 28px;\n  border-radius: 40px;\n  font-size: 14px;\n  font-weight: 500;\n  text-decoration: none !important;\n  font-family: 'Playfair Display', serif !important;\n  transition: all 0.3s ease;\n  box-shadow: 0 6px 16px rgba(0, 0, 0, 0.04);\n  max-width: 90%;\n  text-align: center;\n  line-height: 1.5;\n}\n\n.elegant-instagram-button:hover {\n  background-color: #fceef4 !important;\n  color: #000000 !important;\n  box-shadow: 0 10px 30px rgba(0, 0, 0, 0.06);\n}\n<\/style>\n\n<div class=\"instagram-button-wrapper\">\n  <a class=\"elegant-instagram-button\"\n     href=\"https:\/\/www.instagram.com\/inmadelvallephotography\/\"\n     target=\"_blank\"\n     rel=\"noopener noreferrer\">\n     Follow me on Instagram @inmadelvallephotography to see more proposals and weddings in Mallorca, Mexico, and Italy\n  <\/a>\n<\/div>\t\t\t\t<\/div>\n\t\t\t\t<\/div>\n\t\t\t\t\t<\/div>\n\t\t<\/div>\n\t\t\t\t\t<\/div>\n\t\t<\/section>\n\t\t\t\t<section class=\"penci-section penci-disSticky penci-structure-10 elementor-section elementor-top-section elementor-element elementor-element-f1fa45f elementor-section-full_width elementor-section-height-default elementor-section-height-default\" data-id=\"f1fa45f\" data-element_type=\"section\" data-e-type=\"section\">\n\t\t\t\t\t\t<div class=\"elementor-container elementor-column-gap-default\">\n\t\t\t\t\t<div class=\"penci-ercol-100 penci-ercol-order-1 penci-sticky-ct    elementor-column elementor-col-100 elementor-top-column elementor-element elementor-element-7b69094\" data-id=\"7b69094\" data-element_type=\"column\" data-e-type=\"column\">\n\t\t\t<div class=\"elementor-widget-wrap elementor-element-populated\">\n\t\t\t\t\t\t<div class=\"elementor-element elementor-element-52bcc1e elementor-widget elementor-widget-image\" data-id=\"52bcc1e\" data-element_type=\"widget\" data-e-type=\"widget\" data-widget_type=\"image.default\">\n\t\t\t\t<div class=\"elementor-widget-container\">\n\t\t\t\t\t\t\t\t\t\t\t\t\t\t\t<img loading=\"lazy\" decoding=\"async\" width=\"1181\" height=\"787\" src=\"https:\/\/www.inmadelvalle.com\/wp-content\/uploads\/2026\/04\/luxury-engagement-in-mallorca-38.webp\" class=\"attachment-full size-full wp-image-61636\" alt=\"Close-up of a romantic embrace after a luxury engagement in Mallorca, photography by Inma del Valle\" srcset=\"https:\/\/www.inmadelvalle.com\/wp-content\/uploads\/2026\/04\/luxury-engagement-in-mallorca-38.webp 1181w, https:\/\/www.inmadelvalle.com\/wp-content\/uploads\/2026\/04\/luxury-engagement-in-mallorca-38-300x200.webp 300w, https:\/\/www.inmadelvalle.com\/wp-content\/uploads\/2026\/04\/luxury-engagement-in-mallorca-38-1024x682.webp 1024w, https:\/\/www.inmadelvalle.com\/wp-content\/uploads\/2026\/04\/luxury-engagement-in-mallorca-38-768x512.webp 768w, https:\/\/www.inmadelvalle.com\/wp-content\/uploads\/2026\/04\/luxury-engagement-in-mallorca-38-585x390.webp 585w, https:\/\/www.inmadelvalle.com\/wp-content\/uploads\/2026\/04\/luxury-engagement-in-mallorca-38-263x175.webp 263w\" sizes=\"(max-width: 1181px) 100vw, 1181px\" \/>\t\t\t\t\t\t\t\t\t\t\t\t\t\t\t<\/div>\n\t\t\t\t<\/div>\n\t\t\t\t\t<\/div>\n\t\t<\/div>\n\t\t\t\t\t<\/div>\n\t\t<\/section>\n\t\t\t\t<section class=\"penci-section penci-disSticky penci-structure-20 elementor-section elementor-top-section elementor-element elementor-element-bd420af elementor-section-full_width elementor-section-height-default elementor-section-height-default\" data-id=\"bd420af\" data-element_type=\"section\" data-e-type=\"section\">\n\t\t\t\t\t\t<div class=\"elementor-container elementor-column-gap-default\">\n\t\t\t\t\t<div class=\"penci-ercol-50 penci-ercol-order-1 penci-sticky-ct    elementor-column elementor-col-50 elementor-top-column elementor-element elementor-element-4abed16\" data-id=\"4abed16\" data-element_type=\"column\" data-e-type=\"column\">\n\t\t\t<div class=\"elementor-widget-wrap elementor-element-populated\">\n\t\t\t\t\t\t<div class=\"elementor-element elementor-element-1af4eb8 elementor-widget elementor-widget-image\" data-id=\"1af4eb8\" data-element_type=\"widget\" data-e-type=\"widget\" data-widget_type=\"image.default\">\n\t\t\t\t<div class=\"elementor-widget-container\">\n\t\t\t\t\t\t\t\t\t\t\t\t\t\t\t<img loading=\"lazy\" decoding=\"async\" width=\"1024\" height=\"683\" src=\"https:\/\/www.inmadelvalle.com\/wp-content\/uploads\/2026\/04\/luxury-engagement-in-mallorca-09-1024x683.webp\" class=\"attachment-large size-large wp-image-61607\" alt=\"Close-up of hands with engagement ring during a luxury engagement in Mallorca, photo by Inma del Valle\" srcset=\"https:\/\/www.inmadelvalle.com\/wp-content\/uploads\/2026\/04\/luxury-engagement-in-mallorca-09-1024x683.webp 1024w, https:\/\/www.inmadelvalle.com\/wp-content\/uploads\/2026\/04\/luxury-engagement-in-mallorca-09-300x200.webp 300w, https:\/\/www.inmadelvalle.com\/wp-content\/uploads\/2026\/04\/luxury-engagement-in-mallorca-09-768x512.webp 768w, https:\/\/www.inmadelvalle.com\/wp-content\/uploads\/2026\/04\/luxury-engagement-in-mallorca-09-585x390.webp 585w, https:\/\/www.inmadelvalle.com\/wp-content\/uploads\/2026\/04\/luxury-engagement-in-mallorca-09-263x175.webp 263w, https:\/\/www.inmadelvalle.com\/wp-content\/uploads\/2026\/04\/luxury-engagement-in-mallorca-09.webp 1181w\" sizes=\"(max-width: 1024px) 100vw, 1024px\" \/>\t\t\t\t\t\t\t\t\t\t\t\t\t\t\t<\/div>\n\t\t\t\t<\/div>\n\t\t\t\t\t<\/div>\n\t\t<\/div>\n\t\t\t\t<div class=\"penci-ercol-50 penci-ercol-order-2 penci-sticky-ct    elementor-column elementor-col-50 elementor-top-column elementor-element elementor-element-fe63099\" data-id=\"fe63099\" data-element_type=\"column\" data-e-type=\"column\">\n\t\t\t<div class=\"elementor-widget-wrap elementor-element-populated\">\n\t\t\t\t\t\t<div class=\"elementor-element elementor-element-55420a4 elementor-widget elementor-widget-image\" data-id=\"55420a4\" data-element_type=\"widget\" data-e-type=\"widget\" data-widget_type=\"image.default\">\n\t\t\t\t<div class=\"elementor-widget-container\">\n\t\t\t\t\t\t\t\t\t\t\t\t\t\t\t<img loading=\"lazy\" decoding=\"async\" width=\"695\" height=\"1024\" src=\"https:\/\/www.inmadelvalle.com\/wp-content\/uploads\/2026\/04\/luxury-engagement-in-mallorca-32-695x1024.webp\" class=\"attachment-large size-large wp-image-61630\" alt=\"Engagement ring detail during a luxury engagement in Mallorca with floral decoration, photo by Inma del Valle\" srcset=\"https:\/\/www.inmadelvalle.com\/wp-content\/uploads\/2026\/04\/luxury-engagement-in-mallorca-32-695x1024.webp 695w, https:\/\/www.inmadelvalle.com\/wp-content\/uploads\/2026\/04\/luxury-engagement-in-mallorca-32-204x300.webp 204w, https:\/\/www.inmadelvalle.com\/wp-content\/uploads\/2026\/04\/luxury-engagement-in-mallorca-32-768x1132.webp 768w, https:\/\/www.inmadelvalle.com\/wp-content\/uploads\/2026\/04\/luxury-engagement-in-mallorca-32-585x862.webp 585w, https:\/\/www.inmadelvalle.com\/wp-content\/uploads\/2026\/04\/luxury-engagement-in-mallorca-32.webp 787w\" sizes=\"(max-width: 695px) 100vw, 695px\" \/>\t\t\t\t\t\t\t\t\t\t\t\t\t\t\t<\/div>\n\t\t\t\t<\/div>\n\t\t\t\t\t<\/div>\n\t\t<\/div>\n\t\t\t\t\t<\/div>\n\t\t<\/section>\n\t\t\t\t<section class=\"penci-section penci-disSticky penci-structure-10 elementor-section elementor-top-section elementor-element elementor-element-d7a4c20 elementor-section-boxed elementor-section-height-default elementor-section-height-default\" data-id=\"d7a4c20\" data-element_type=\"section\" data-e-type=\"section\">\n\t\t\t\t\t\t<div class=\"elementor-container elementor-column-gap-default\">\n\t\t\t\t\t<div class=\"penci-ercol-100 penci-ercol-order-1 penci-sticky-ct    elementor-column elementor-col-100 elementor-top-column elementor-element elementor-element-7d9f9b6\" data-id=\"7d9f9b6\" data-element_type=\"column\" data-e-type=\"column\">\n\t\t\t<div class=\"elementor-widget-wrap elementor-element-populated\">\n\t\t\t\t\t\t<div class=\"elementor-element elementor-element-140427d elementor-widget elementor-widget-heading\" data-id=\"140427d\" data-element_type=\"widget\" data-e-type=\"widget\" data-widget_type=\"heading.default\">\n\t\t\t\t<div class=\"elementor-widget-container\">\n\t\t\t\t\t<h2 class=\"elementor-heading-title elementor-size-default\">Proposal in Mallorca<\/h2>\t\t\t\t<\/div>\n\t\t\t\t<\/div>\n\t\t\t\t\t<\/div>\n\t\t<\/div>\n\t\t\t\t\t<\/div>\n\t\t<\/section>\n\t\t\t\t<section class=\"penci-section penci-disSticky penci-structure-10 elementor-section elementor-top-section elementor-element elementor-element-ee0f611 elementor-section-boxed elementor-section-height-default elementor-section-height-default\" data-id=\"ee0f611\" data-element_type=\"section\" data-e-type=\"section\">\n\t\t\t\t\t\t<div class=\"elementor-container elementor-column-gap-default\">\n\t\t\t\t\t<div class=\"penci-ercol-100 penci-ercol-order-1 penci-sticky-ct    elementor-column elementor-col-100 elementor-top-column elementor-element elementor-element-9c99e7a\" data-id=\"9c99e7a\" data-element_type=\"column\" data-e-type=\"column\">\n\t\t\t<div class=\"elementor-widget-wrap elementor-element-populated\">\n\t\t\t\t\t\t<div class=\"elementor-element elementor-element-ec613a2 elementor-widget elementor-widget-text-editor\" data-id=\"ec613a2\" data-element_type=\"widget\" data-e-type=\"widget\" data-widget_type=\"text-editor.default\">\n\t\t\t\t<div class=\"elementor-widget-container\">\n\t\t\t\t\t\t\t\t\t<p>On the other hand, the decoration played a key role. An intimate and delicate space was designed, where white tones, greens, and soft pastel touches stood out. The floor was covered with rose petals, creating a path that led to the center of the scene. On both sides, candles in glass holders added a warm and cozy light. In addition, the floral arrangements, made with roses and fresh flowers, brought a natural and elegant touch that blended beautifully with the seaside setting, making this <strong>luxury engagement in Mallorca<\/strong> even more special.<\/p>\t\t\t\t\t\t\t\t<\/div>\n\t\t\t\t<\/div>\n\t\t\t\t\t<\/div>\n\t\t<\/div>\n\t\t\t\t\t<\/div>\n\t\t<\/section>\n\t\t\t\t<section class=\"penci-section penci-disSticky penci-structure-10 elementor-section elementor-top-section elementor-element elementor-element-21e1b29 elementor-section-full_width elementor-section-height-default elementor-section-height-default\" data-id=\"21e1b29\" data-element_type=\"section\" data-e-type=\"section\">\n\t\t\t\t\t\t<div class=\"elementor-container elementor-column-gap-default\">\n\t\t\t\t\t<div class=\"penci-ercol-100 penci-ercol-order-1 penci-sticky-ct    elementor-column elementor-col-100 elementor-top-column elementor-element elementor-element-802b7f8\" data-id=\"802b7f8\" data-element_type=\"column\" data-e-type=\"column\">\n\t\t\t<div class=\"elementor-widget-wrap elementor-element-populated\">\n\t\t\t\t\t\t<div class=\"elementor-element elementor-element-b445930 elementor-widget elementor-widget-image\" data-id=\"b445930\" data-element_type=\"widget\" data-e-type=\"widget\" data-widget_type=\"image.default\">\n\t\t\t\t<div class=\"elementor-widget-container\">\n\t\t\t\t\t\t\t\t\t\t\t\t\t\t\t<img loading=\"lazy\" decoding=\"async\" width=\"787\" height=\"1181\" src=\"https:\/\/www.inmadelvalle.com\/wp-content\/uploads\/2026\/04\/luxury-engagement-in-mallorca-13.webp\" class=\"attachment-full size-full wp-image-61611\" alt=\"Happy couple celebrating their luxury engagement in Mallorca showing the ring, photo by Inma del Valle\" srcset=\"https:\/\/www.inmadelvalle.com\/wp-content\/uploads\/2026\/04\/luxury-engagement-in-mallorca-13.webp 787w, https:\/\/www.inmadelvalle.com\/wp-content\/uploads\/2026\/04\/luxury-engagement-in-mallorca-13-200x300.webp 200w, https:\/\/www.inmadelvalle.com\/wp-content\/uploads\/2026\/04\/luxury-engagement-in-mallorca-13-682x1024.webp 682w, https:\/\/www.inmadelvalle.com\/wp-content\/uploads\/2026\/04\/luxury-engagement-in-mallorca-13-768x1152.webp 768w, https:\/\/www.inmadelvalle.com\/wp-content\/uploads\/2026\/04\/luxury-engagement-in-mallorca-13-585x878.webp 585w\" sizes=\"(max-width: 787px) 100vw, 787px\" \/>\t\t\t\t\t\t\t\t\t\t\t\t\t\t\t<\/div>\n\t\t\t\t<\/div>\n\t\t\t\t\t<\/div>\n\t\t<\/div>\n\t\t\t\t\t<\/div>\n\t\t<\/section>\n\t\t\t\t<section class=\"penci-section penci-disSticky penci-structure-10 elementor-section elementor-top-section elementor-element elementor-element-845808d elementor-section-boxed elementor-section-height-default elementor-section-height-default\" data-id=\"845808d\" data-element_type=\"section\" data-e-type=\"section\">\n\t\t\t\t\t\t<div class=\"elementor-container elementor-column-gap-default\">\n\t\t\t\t\t<div class=\"penci-ercol-100 penci-ercol-order-1 penci-sticky-ct    elementor-column elementor-col-100 elementor-top-column elementor-element elementor-element-0f6330e\" data-id=\"0f6330e\" data-element_type=\"column\" data-e-type=\"column\">\n\t\t\t<div class=\"elementor-widget-wrap elementor-element-populated\">\n\t\t\t\t\t\t<div class=\"elementor-element elementor-element-f9fdbb7 elementor-widget elementor-widget-heading\" data-id=\"f9fdbb7\" data-element_type=\"widget\" data-e-type=\"widget\" data-widget_type=\"heading.default\">\n\t\t\t\t<div class=\"elementor-widget-container\">\n\t\t\t\t\t<h2 class=\"elementor-heading-title elementor-size-default\">Romantic marriage proposal in Mallorca\n<\/h2>\t\t\t\t<\/div>\n\t\t\t\t<\/div>\n\t\t\t\t\t<\/div>\n\t\t<\/div>\n\t\t\t\t\t<\/div>\n\t\t<\/section>\n\t\t\t\t<section class=\"penci-section penci-disSticky penci-structure-20 elementor-section elementor-top-section elementor-element elementor-element-f2a829d elementor-section-full_width elementor-section-height-default elementor-section-height-default\" data-id=\"f2a829d\" data-element_type=\"section\" data-e-type=\"section\">\n\t\t\t\t\t\t<div class=\"elementor-container elementor-column-gap-default\">\n\t\t\t\t\t<div class=\"penci-ercol-50 penci-ercol-order-1 penci-sticky-ct    elementor-column elementor-col-50 elementor-top-column elementor-element elementor-element-4a7e401\" data-id=\"4a7e401\" data-element_type=\"column\" data-e-type=\"column\">\n\t\t\t<div class=\"elementor-widget-wrap elementor-element-populated\">\n\t\t\t\t\t\t<div class=\"elementor-element elementor-element-aab3e00 elementor-widget elementor-widget-image\" data-id=\"aab3e00\" data-element_type=\"widget\" data-e-type=\"widget\" data-widget_type=\"image.default\">\n\t\t\t\t<div class=\"elementor-widget-container\">\n\t\t\t\t\t\t\t\t\t\t\t\t\t\t\t<img loading=\"lazy\" decoding=\"async\" width=\"624\" height=\"1024\" src=\"https:\/\/www.inmadelvalle.com\/wp-content\/uploads\/2026\/04\/luxury-engagement-in-mallorca-10-624x1024.webp\" class=\"attachment-large size-large wp-image-61608\" alt=\"Couple posing after a luxury engagement in Mallorca in an elegant setting, photo by Inma del Valle\" srcset=\"https:\/\/www.inmadelvalle.com\/wp-content\/uploads\/2026\/04\/luxury-engagement-in-mallorca-10-624x1024.webp 624w, https:\/\/www.inmadelvalle.com\/wp-content\/uploads\/2026\/04\/luxury-engagement-in-mallorca-10-183x300.webp 183w, https:\/\/www.inmadelvalle.com\/wp-content\/uploads\/2026\/04\/luxury-engagement-in-mallorca-10-768x1261.webp 768w, https:\/\/www.inmadelvalle.com\/wp-content\/uploads\/2026\/04\/luxury-engagement-in-mallorca-10-585x960.webp 585w, https:\/\/www.inmadelvalle.com\/wp-content\/uploads\/2026\/04\/luxury-engagement-in-mallorca-10.webp 787w\" sizes=\"(max-width: 624px) 100vw, 624px\" \/>\t\t\t\t\t\t\t\t\t\t\t\t\t\t\t<\/div>\n\t\t\t\t<\/div>\n\t\t\t\t\t<\/div>\n\t\t<\/div>\n\t\t\t\t<div class=\"penci-ercol-50 penci-ercol-order-2 penci-sticky-ct    elementor-column elementor-col-50 elementor-top-column elementor-element elementor-element-dd4e987\" data-id=\"dd4e987\" data-element_type=\"column\" data-e-type=\"column\">\n\t\t\t<div class=\"elementor-widget-wrap elementor-element-populated\">\n\t\t\t\t\t\t<div class=\"elementor-element elementor-element-28fa761 elementor-widget elementor-widget-image\" data-id=\"28fa761\" data-element_type=\"widget\" data-e-type=\"widget\" data-widget_type=\"image.default\">\n\t\t\t\t<div class=\"elementor-widget-container\">\n\t\t\t\t\t\t\t\t\t\t\t\t\t\t\t<img loading=\"lazy\" decoding=\"async\" width=\"1024\" height=\"734\" src=\"https:\/\/www.inmadelvalle.com\/wp-content\/uploads\/2026\/04\/luxury-engagement-in-mallorca-11-1024x734.webp\" class=\"attachment-large size-large wp-image-61609\" alt=\"Couple toasting after a luxury engagement in Mallorca with sea views, photo by Inma del Valle\" srcset=\"https:\/\/www.inmadelvalle.com\/wp-content\/uploads\/2026\/04\/luxury-engagement-in-mallorca-11-1024x734.webp 1024w, https:\/\/www.inmadelvalle.com\/wp-content\/uploads\/2026\/04\/luxury-engagement-in-mallorca-11-300x215.webp 300w, https:\/\/www.inmadelvalle.com\/wp-content\/uploads\/2026\/04\/luxury-engagement-in-mallorca-11-768x550.webp 768w, https:\/\/www.inmadelvalle.com\/wp-content\/uploads\/2026\/04\/luxury-engagement-in-mallorca-11-585x419.webp 585w, https:\/\/www.inmadelvalle.com\/wp-content\/uploads\/2026\/04\/luxury-engagement-in-mallorca-11.webp 1181w\" sizes=\"(max-width: 1024px) 100vw, 1024px\" \/>\t\t\t\t\t\t\t\t\t\t\t\t\t\t\t<\/div>\n\t\t\t\t<\/div>\n\t\t\t\t\t<\/div>\n\t\t<\/div>\n\t\t\t\t\t<\/div>\n\t\t<\/section>\n\t\t\t\t<section class=\"penci-section penci-disSticky penci-structure-10 elementor-section elementor-top-section elementor-element elementor-element-8f0940b elementor-section-boxed elementor-section-height-default elementor-section-height-default\" data-id=\"8f0940b\" data-element_type=\"section\" data-e-type=\"section\">\n\t\t\t\t\t\t<div class=\"elementor-container elementor-column-gap-default\">\n\t\t\t\t\t<div class=\"penci-ercol-100 penci-ercol-order-1 penci-sticky-ct    elementor-column elementor-col-100 elementor-top-column elementor-element elementor-element-e10569a\" data-id=\"e10569a\" data-element_type=\"column\" data-e-type=\"column\">\n\t\t\t<div class=\"elementor-widget-wrap elementor-element-populated\">\n\t\t\t\t\t\t<div class=\"elementor-element elementor-element-1ad8cb8 elementor-widget elementor-widget-text-editor\" data-id=\"1ad8cb8\" data-element_type=\"widget\" data-e-type=\"widget\" data-widget_type=\"text-editor.default\">\n\t\t\t\t<div class=\"elementor-widget-container\">\n\t\t\t\t\t\t\t\t\t<p>Meanwhile, the blue sea worked as a stunning backdrop, creating a perfect contrast with the decoration. This balance between nature and design is exactly what makes a <strong>luxury engagement in Mallorca<\/strong> so special. It\u2019s not only about the moment itself, but also everything around it: the atmosphere, the light, the colors, and the emotion.<\/p>\t\t\t\t\t\t\t\t<\/div>\n\t\t\t\t<\/div>\n\t\t\t\t\t<\/div>\n\t\t<\/div>\n\t\t\t\t\t<\/div>\n\t\t<\/section>\n\t\t\t\t<section class=\"penci-section penci-disSticky penci-structure-10 elementor-section elementor-top-section elementor-element elementor-element-d08bbe3 elementor-section-full_width elementor-section-height-default elementor-section-height-default\" data-id=\"d08bbe3\" data-element_type=\"section\" data-e-type=\"section\">\n\t\t\t\t\t\t<div class=\"elementor-container elementor-column-gap-default\">\n\t\t\t\t\t<div class=\"penci-ercol-100 penci-ercol-order-1 penci-sticky-ct    elementor-column elementor-col-100 elementor-top-column elementor-element elementor-element-78efb65\" data-id=\"78efb65\" data-element_type=\"column\" data-e-type=\"column\">\n\t\t\t<div class=\"elementor-widget-wrap elementor-element-populated\">\n\t\t\t\t\t\t<div class=\"elementor-element elementor-element-d242981 elementor-widget elementor-widget-image\" data-id=\"d242981\" data-element_type=\"widget\" data-e-type=\"widget\" data-widget_type=\"image.default\">\n\t\t\t\t<div class=\"elementor-widget-container\">\n\t\t\t\t\t\t\t\t\t\t\t\t\t\t\t<img loading=\"lazy\" decoding=\"async\" width=\"1181\" height=\"788\" src=\"https:\/\/www.inmadelvalle.com\/wp-content\/uploads\/2026\/04\/luxury-engagement-in-mallorca-39.webp\" class=\"attachment-full size-full wp-image-61637\" alt=\"Decorated setup for a luxury engagement in Mallorca with flowers and candles, photo by Inma del Valle\" srcset=\"https:\/\/www.inmadelvalle.com\/wp-content\/uploads\/2026\/04\/luxury-engagement-in-mallorca-39.webp 1181w, https:\/\/www.inmadelvalle.com\/wp-content\/uploads\/2026\/04\/luxury-engagement-in-mallorca-39-300x200.webp 300w, https:\/\/www.inmadelvalle.com\/wp-content\/uploads\/2026\/04\/luxury-engagement-in-mallorca-39-1024x683.webp 1024w, https:\/\/www.inmadelvalle.com\/wp-content\/uploads\/2026\/04\/luxury-engagement-in-mallorca-39-768x512.webp 768w, https:\/\/www.inmadelvalle.com\/wp-content\/uploads\/2026\/04\/luxury-engagement-in-mallorca-39-585x390.webp 585w, https:\/\/www.inmadelvalle.com\/wp-content\/uploads\/2026\/04\/luxury-engagement-in-mallorca-39-263x175.webp 263w\" sizes=\"(max-width: 1181px) 100vw, 1181px\" \/>\t\t\t\t\t\t\t\t\t\t\t\t\t\t\t<\/div>\n\t\t\t\t<\/div>\n\t\t\t\t\t<\/div>\n\t\t<\/div>\n\t\t\t\t\t<\/div>\n\t\t<\/section>\n\t\t\t\t<section class=\"penci-section penci-disSticky penci-structure-10 elementor-section elementor-top-section elementor-element elementor-element-cd98a7f elementor-section-boxed elementor-section-height-default elementor-section-height-default\" data-id=\"cd98a7f\" data-element_type=\"section\" data-e-type=\"section\">\n\t\t\t\t\t\t<div class=\"elementor-container elementor-column-gap-default\">\n\t\t\t\t\t<div class=\"penci-ercol-100 penci-ercol-order-1 penci-sticky-ct    elementor-column elementor-col-100 elementor-top-column elementor-element elementor-element-f9a7918\" data-id=\"f9a7918\" data-element_type=\"column\" data-e-type=\"column\">\n\t\t\t<div class=\"elementor-widget-wrap elementor-element-populated\">\n\t\t\t\t\t\t<div class=\"elementor-element elementor-element-ffe0fd1 elementor-widget elementor-widget-text-editor\" data-id=\"ffe0fd1\" data-element_type=\"widget\" data-e-type=\"widget\" data-widget_type=\"text-editor.default\">\n\t\t\t\t<div class=\"elementor-widget-container\">\n\t\t\t\t\t\t\t\t\t<p>The couple, of Indian origin, also brought their own style to the scene. She wore a soft-toned outfit with floral details that matched perfectly with the decoration. Meanwhile, he chose a light suit, keeping an elegant and fresh look that suited the Mediterranean setting. Together, they showed connection, joy, and a very special bond. Every look, every smile, reflected the emotion of this romantic <strong>luxury engagement in Mallorca<\/strong>.<\/p>\t\t\t\t\t\t\t\t<\/div>\n\t\t\t\t<\/div>\n\t\t\t\t\t<\/div>\n\t\t<\/div>\n\t\t\t\t\t<\/div>\n\t\t<\/section>\n\t\t\t\t<section class=\"penci-section penci-disSticky penci-structure-10 elementor-section elementor-top-section elementor-element elementor-element-082d4c5 elementor-section-full_width elementor-section-height-default elementor-section-height-default\" data-id=\"082d4c5\" data-element_type=\"section\" data-e-type=\"section\">\n\t\t\t\t\t\t<div class=\"elementor-container elementor-column-gap-default\">\n\t\t\t\t\t<div class=\"penci-ercol-100 penci-ercol-order-1 penci-sticky-ct    elementor-column elementor-col-100 elementor-top-column elementor-element elementor-element-7b7fa84\" data-id=\"7b7fa84\" data-element_type=\"column\" data-e-type=\"column\">\n\t\t\t<div class=\"elementor-widget-wrap elementor-element-populated\">\n\t\t\t\t\t\t<div class=\"elementor-element elementor-element-e3f0617 elementor-widget elementor-widget-image\" data-id=\"e3f0617\" data-element_type=\"widget\" data-e-type=\"widget\" data-widget_type=\"image.default\">\n\t\t\t\t<div class=\"elementor-widget-container\">\n\t\t\t\t\t\t\t\t\t\t\t\t\t\t\t<img loading=\"lazy\" decoding=\"async\" width=\"787\" height=\"1181\" src=\"https:\/\/www.inmadelvalle.com\/wp-content\/uploads\/2026\/04\/luxury-engagement-in-mallorca-35.webp\" class=\"attachment-full size-full wp-image-61633\" alt=\"Couple walking by the sea before a luxury engagement in Mallorca, photo by Inma del Valle\" srcset=\"https:\/\/www.inmadelvalle.com\/wp-content\/uploads\/2026\/04\/luxury-engagement-in-mallorca-35.webp 787w, https:\/\/www.inmadelvalle.com\/wp-content\/uploads\/2026\/04\/luxury-engagement-in-mallorca-35-200x300.webp 200w, https:\/\/www.inmadelvalle.com\/wp-content\/uploads\/2026\/04\/luxury-engagement-in-mallorca-35-682x1024.webp 682w, https:\/\/www.inmadelvalle.com\/wp-content\/uploads\/2026\/04\/luxury-engagement-in-mallorca-35-768x1152.webp 768w, https:\/\/www.inmadelvalle.com\/wp-content\/uploads\/2026\/04\/luxury-engagement-in-mallorca-35-585x878.webp 585w\" sizes=\"(max-width: 787px) 100vw, 787px\" \/>\t\t\t\t\t\t\t\t\t\t\t\t\t\t\t<\/div>\n\t\t\t\t<\/div>\n\t\t\t\t\t<\/div>\n\t\t<\/div>\n\t\t\t\t\t<\/div>\n\t\t<\/section>\n\t\t\t\t<section class=\"penci-section penci-disSticky penci-structure-20 elementor-section elementor-top-section elementor-element elementor-element-2acb76e elementor-section-full_width elementor-section-height-default elementor-section-height-default\" data-id=\"2acb76e\" data-element_type=\"section\" data-e-type=\"section\">\n\t\t\t\t\t\t<div class=\"elementor-container elementor-column-gap-default\">\n\t\t\t\t\t<div class=\"penci-ercol-50 penci-ercol-order-1 penci-sticky-ct    elementor-column elementor-col-50 elementor-top-column elementor-element elementor-element-fe82250\" data-id=\"fe82250\" data-element_type=\"column\" data-e-type=\"column\">\n\t\t\t<div class=\"elementor-widget-wrap elementor-element-populated\">\n\t\t\t\t\t\t<div class=\"elementor-element elementor-element-77977cf elementor-widget__width-initial elementor-widget elementor-widget-image\" data-id=\"77977cf\" data-element_type=\"widget\" data-e-type=\"widget\" data-widget_type=\"image.default\">\n\t\t\t\t<div class=\"elementor-widget-container\">\n\t\t\t\t\t\t\t\t\t\t\t\t\t\t\t<img loading=\"lazy\" decoding=\"async\" width=\"682\" height=\"1024\" src=\"https:\/\/www.inmadelvalle.com\/wp-content\/uploads\/2026\/04\/luxury-engagement-in-mallorca-15-682x1024.webp\" class=\"attachment-large size-large wp-image-61613\" alt=\"Couple embracing after a luxury engagement in Mallorca looking at the camera, photo by Inma del Valle\" srcset=\"https:\/\/www.inmadelvalle.com\/wp-content\/uploads\/2026\/04\/luxury-engagement-in-mallorca-15-682x1024.webp 682w, https:\/\/www.inmadelvalle.com\/wp-content\/uploads\/2026\/04\/luxury-engagement-in-mallorca-15-200x300.webp 200w, https:\/\/www.inmadelvalle.com\/wp-content\/uploads\/2026\/04\/luxury-engagement-in-mallorca-15-768x1152.webp 768w, https:\/\/www.inmadelvalle.com\/wp-content\/uploads\/2026\/04\/luxury-engagement-in-mallorca-15-585x878.webp 585w, https:\/\/www.inmadelvalle.com\/wp-content\/uploads\/2026\/04\/luxury-engagement-in-mallorca-15.webp 787w\" sizes=\"(max-width: 682px) 100vw, 682px\" \/>\t\t\t\t\t\t\t\t\t\t\t\t\t\t\t<\/div>\n\t\t\t\t<\/div>\n\t\t\t\t\t<\/div>\n\t\t<\/div>\n\t\t\t\t<div class=\"penci-ercol-50 penci-ercol-order-2 penci-sticky-ct    elementor-column elementor-col-50 elementor-top-column elementor-element elementor-element-f421870\" data-id=\"f421870\" data-element_type=\"column\" data-e-type=\"column\">\n\t\t\t<div class=\"elementor-widget-wrap elementor-element-populated\">\n\t\t\t\t\t\t<div class=\"elementor-element elementor-element-ecc4bb2 elementor-widget elementor-widget-image\" data-id=\"ecc4bb2\" data-element_type=\"widget\" data-e-type=\"widget\" data-widget_type=\"image.default\">\n\t\t\t\t<div class=\"elementor-widget-container\">\n\t\t\t\t\t\t\t\t\t\t\t\t\t\t\t<img loading=\"lazy\" decoding=\"async\" width=\"1024\" height=\"683\" src=\"https:\/\/www.inmadelvalle.com\/wp-content\/uploads\/2026\/04\/luxury-engagement-in-mallorca-23-1024x683.webp\" class=\"attachment-large size-large wp-image-61621\" alt=\"Close-up of intertwined hands with engagement ring during a luxury engagement in Mallorca, photo by Inma del Valle\" srcset=\"https:\/\/www.inmadelvalle.com\/wp-content\/uploads\/2026\/04\/luxury-engagement-in-mallorca-23-1024x683.webp 1024w, https:\/\/www.inmadelvalle.com\/wp-content\/uploads\/2026\/04\/luxury-engagement-in-mallorca-23-300x200.webp 300w, https:\/\/www.inmadelvalle.com\/wp-content\/uploads\/2026\/04\/luxury-engagement-in-mallorca-23-768x512.webp 768w, https:\/\/www.inmadelvalle.com\/wp-content\/uploads\/2026\/04\/luxury-engagement-in-mallorca-23-585x390.webp 585w, https:\/\/www.inmadelvalle.com\/wp-content\/uploads\/2026\/04\/luxury-engagement-in-mallorca-23-263x175.webp 263w, https:\/\/www.inmadelvalle.com\/wp-content\/uploads\/2026\/04\/luxury-engagement-in-mallorca-23.webp 1181w\" sizes=\"(max-width: 1024px) 100vw, 1024px\" \/>\t\t\t\t\t\t\t\t\t\t\t\t\t\t\t<\/div>\n\t\t\t\t<\/div>\n\t\t\t\t\t<\/div>\n\t\t<\/div>\n\t\t\t\t\t<\/div>\n\t\t<\/section>\n\t\t\t\t<section class=\"penci-section penci-disSticky penci-structure-10 elementor-section elementor-top-section elementor-element elementor-element-9f3a03f elementor-section-boxed elementor-section-height-default elementor-section-height-default\" data-id=\"9f3a03f\" data-element_type=\"section\" data-e-type=\"section\">\n\t\t\t\t\t\t<div class=\"elementor-container elementor-column-gap-default\">\n\t\t\t\t\t<div class=\"penci-ercol-100 penci-ercol-order-1 penci-sticky-ct    elementor-column elementor-col-100 elementor-top-column elementor-element elementor-element-22ee4d0\" data-id=\"22ee4d0\" data-element_type=\"column\" data-e-type=\"column\">\n\t\t\t<div class=\"elementor-widget-wrap elementor-element-populated\">\n\t\t\t\t\t\t<div class=\"elementor-element elementor-element-b35c3fe elementor-widget elementor-widget-heading\" data-id=\"b35c3fe\" data-element_type=\"widget\" data-e-type=\"widget\" data-widget_type=\"heading.default\">\n\t\t\t\t<div class=\"elementor-widget-container\">\n\t\t\t\t\t<h2 class=\"elementor-heading-title elementor-size-default\">Engagement photography in Mallorca\n<\/h2>\t\t\t\t<\/div>\n\t\t\t\t<\/div>\n\t\t\t\t\t<\/div>\n\t\t<\/div>\n\t\t\t\t\t<\/div>\n\t\t<\/section>\n\t\t\t\t<section class=\"penci-section penci-disSticky penci-structure-10 elementor-section elementor-top-section elementor-element elementor-element-975af6c elementor-section-boxed elementor-section-height-default elementor-section-height-default\" data-id=\"975af6c\" data-element_type=\"section\" data-e-type=\"section\">\n\t\t\t\t\t\t<div class=\"elementor-container elementor-column-gap-default\">\n\t\t\t\t\t<div class=\"penci-ercol-100 penci-ercol-order-1 penci-sticky-ct    elementor-column elementor-col-100 elementor-top-column elementor-element elementor-element-e15b97f\" data-id=\"e15b97f\" data-element_type=\"column\" data-e-type=\"column\">\n\t\t\t<div class=\"elementor-widget-wrap elementor-element-populated\">\n\t\t\t\t\t\t<div class=\"elementor-element elementor-element-5f13f3b elementor-widget elementor-widget-text-editor\" data-id=\"5f13f3b\" data-element_type=\"widget\" data-e-type=\"widget\" data-widget_type=\"text-editor.default\">\n\t\t\t\t<div class=\"elementor-widget-container\">\n\t\t\t\t\t\t\t\t\t<p>During the session, I had the opportunity to capture every moment alongside videographer <a href=\"https:\/\/www.instagram.com\/arantxarustarazovideography\/\"><strong>Arantxa Rustarazo<\/strong><\/a>. Working as a team allowed us to capture not only images, but also real emotions. From the first moments, full of nerves and excitement, to the key moment when he kneels down, everything was documented with care and sensitivity. In this way, every photograph from this <strong>luxury engagement in Mallorca<\/strong> tells a part of their story.<\/p>\t\t\t\t\t\t\t\t<\/div>\n\t\t\t\t<\/div>\n\t\t\t\t\t<\/div>\n\t\t<\/div>\n\t\t\t\t\t<\/div>\n\t\t<\/section>\n\t\t\t\t<section class=\"penci-section penci-disSticky penci-structure-10 elementor-section elementor-top-section elementor-element elementor-element-eba0ffa elementor-section-full_width elementor-section-height-default elementor-section-height-default\" data-id=\"eba0ffa\" data-element_type=\"section\" data-e-type=\"section\">\n\t\t\t\t\t\t<div class=\"elementor-container elementor-column-gap-default\">\n\t\t\t\t\t<div class=\"penci-ercol-100 penci-ercol-order-1 penci-sticky-ct    elementor-column elementor-col-100 elementor-top-column elementor-element elementor-element-23ddffd\" data-id=\"23ddffd\" data-element_type=\"column\" data-e-type=\"column\">\n\t\t\t<div class=\"elementor-widget-wrap elementor-element-populated\">\n\t\t\t\t\t\t<div class=\"elementor-element elementor-element-64c0679 elementor-widget elementor-widget-image\" data-id=\"64c0679\" data-element_type=\"widget\" data-e-type=\"widget\" data-widget_type=\"image.default\">\n\t\t\t\t<div class=\"elementor-widget-container\">\n\t\t\t\t\t\t\t\t\t\t\t\t\t\t\t<img loading=\"lazy\" decoding=\"async\" width=\"787\" height=\"1181\" src=\"https:\/\/www.inmadelvalle.com\/wp-content\/uploads\/2026\/04\/luxury-engagement-in-mallorca-20.webp\" class=\"attachment-full size-full wp-image-61618\" alt=\"Couple walking through a garden before a luxury engagement in Mallorca, photo by Inma del Valle\" srcset=\"https:\/\/www.inmadelvalle.com\/wp-content\/uploads\/2026\/04\/luxury-engagement-in-mallorca-20.webp 787w, https:\/\/www.inmadelvalle.com\/wp-content\/uploads\/2026\/04\/luxury-engagement-in-mallorca-20-200x300.webp 200w, https:\/\/www.inmadelvalle.com\/wp-content\/uploads\/2026\/04\/luxury-engagement-in-mallorca-20-682x1024.webp 682w, https:\/\/www.inmadelvalle.com\/wp-content\/uploads\/2026\/04\/luxury-engagement-in-mallorca-20-768x1152.webp 768w, https:\/\/www.inmadelvalle.com\/wp-content\/uploads\/2026\/04\/luxury-engagement-in-mallorca-20-585x878.webp 585w\" sizes=\"(max-width: 787px) 100vw, 787px\" \/>\t\t\t\t\t\t\t\t\t\t\t\t\t\t\t<\/div>\n\t\t\t\t<\/div>\n\t\t\t\t\t<\/div>\n\t\t<\/div>\n\t\t\t\t\t<\/div>\n\t\t<\/section>\n\t\t\t\t<section class=\"penci-section penci-disSticky penci-structure-10 elementor-section elementor-top-section elementor-element elementor-element-45794ed elementor-section-boxed elementor-section-height-default elementor-section-height-default\" data-id=\"45794ed\" data-element_type=\"section\" data-e-type=\"section\">\n\t\t\t\t\t\t<div class=\"elementor-container elementor-column-gap-default\">\n\t\t\t\t\t<div class=\"penci-ercol-100 penci-ercol-order-1 penci-sticky-ct    elementor-column elementor-col-100 elementor-top-column elementor-element elementor-element-099cea2\" data-id=\"099cea2\" data-element_type=\"column\" data-e-type=\"column\">\n\t\t\t<div class=\"elementor-widget-wrap elementor-element-populated\">\n\t\t\t\t\t\t<div class=\"elementor-element elementor-element-ef83eb8 e-transform e-transform elementor-widget elementor-widget-html\" data-id=\"ef83eb8\" data-element_type=\"widget\" data-e-type=\"widget\" data-settings=\"{&quot;_transform_translateX_effect&quot;:{&quot;unit&quot;:&quot;px&quot;,&quot;size&quot;:12,&quot;sizes&quot;:[]},&quot;_transform_scale_effect&quot;:{&quot;unit&quot;:&quot;px&quot;,&quot;size&quot;:1.3,&quot;sizes&quot;:[]},&quot;_transform_translateX_effect_tablet&quot;:{&quot;unit&quot;:&quot;px&quot;,&quot;size&quot;:&quot;&quot;,&quot;sizes&quot;:[]},&quot;_transform_translateX_effect_mobile&quot;:{&quot;unit&quot;:&quot;px&quot;,&quot;size&quot;:&quot;&quot;,&quot;sizes&quot;:[]},&quot;_transform_translateY_effect&quot;:{&quot;unit&quot;:&quot;px&quot;,&quot;size&quot;:&quot;&quot;,&quot;sizes&quot;:[]},&quot;_transform_translateY_effect_tablet&quot;:{&quot;unit&quot;:&quot;px&quot;,&quot;size&quot;:&quot;&quot;,&quot;sizes&quot;:[]},&quot;_transform_translateY_effect_mobile&quot;:{&quot;unit&quot;:&quot;px&quot;,&quot;size&quot;:&quot;&quot;,&quot;sizes&quot;:[]},&quot;_transform_scale_effect_tablet&quot;:{&quot;unit&quot;:&quot;px&quot;,&quot;size&quot;:&quot;&quot;,&quot;sizes&quot;:[]},&quot;_transform_scale_effect_mobile&quot;:{&quot;unit&quot;:&quot;px&quot;,&quot;size&quot;:&quot;&quot;,&quot;sizes&quot;:[]}}\" data-widget_type=\"html.default\">\n\t\t\t\t<div class=\"elementor-widget-container\">\n\t\t\t\t\t<h2 style=\"text-align: center\">\n  <a class=\"typeform-share button\" href=\"mailto:infoinmadelvalle@gmail.com\" style=\"text-decoration: none;background-color: #8F7A35;color: white;cursor: pointer;font-family: UNNA, Arial, sans-serif;font-size: 20px;line-height: 50px;text-align: center;margin: 0;height: 50px;padding: 0px 33px;border-radius: 25px;max-width: 100%;overflow: hidden;font-weight: bold\">\n    Contact and reserve your marriage proposal\n  <\/a>\n<\/h2>\n\t\t\t\t<\/div>\n\t\t\t\t<\/div>\n\t\t\t\t\t<\/div>\n\t\t<\/div>\n\t\t\t\t\t<\/div>\n\t\t<\/section>\n\t\t\t\t<section class=\"penci-section penci-disSticky penci-structure-20 elementor-section elementor-top-section elementor-element elementor-element-5316415 elementor-section-full_width elementor-section-height-default elementor-section-height-default\" data-id=\"5316415\" data-element_type=\"section\" data-e-type=\"section\">\n\t\t\t\t\t\t<div class=\"elementor-container elementor-column-gap-default\">\n\t\t\t\t\t<div class=\"penci-ercol-50 penci-ercol-order-1 penci-sticky-ct    elementor-column elementor-col-50 elementor-top-column elementor-element elementor-element-f5330f3\" data-id=\"f5330f3\" data-element_type=\"column\" data-e-type=\"column\">\n\t\t\t<div class=\"elementor-widget-wrap elementor-element-populated\">\n\t\t\t\t\t\t<div class=\"elementor-element elementor-element-b9475f9 elementor-widget elementor-widget-image\" data-id=\"b9475f9\" data-element_type=\"widget\" data-e-type=\"widget\" data-widget_type=\"image.default\">\n\t\t\t\t<div class=\"elementor-widget-container\">\n\t\t\t\t\t\t\t\t\t\t\t\t\t\t\t<img loading=\"lazy\" decoding=\"async\" width=\"682\" height=\"1024\" src=\"https:\/\/www.inmadelvalle.com\/wp-content\/uploads\/2026\/04\/luxury-engagement-in-mallorca-22-682x1024.webp\" class=\"attachment-large size-large wp-image-61620\" alt=\"Smiling couple embracing after a luxury engagement in Mallorca, photo by Inma del Valle\" srcset=\"https:\/\/www.inmadelvalle.com\/wp-content\/uploads\/2026\/04\/luxury-engagement-in-mallorca-22-682x1024.webp 682w, https:\/\/www.inmadelvalle.com\/wp-content\/uploads\/2026\/04\/luxury-engagement-in-mallorca-22-200x300.webp 200w, https:\/\/www.inmadelvalle.com\/wp-content\/uploads\/2026\/04\/luxury-engagement-in-mallorca-22-768x1152.webp 768w, https:\/\/www.inmadelvalle.com\/wp-content\/uploads\/2026\/04\/luxury-engagement-in-mallorca-22-585x878.webp 585w, https:\/\/www.inmadelvalle.com\/wp-content\/uploads\/2026\/04\/luxury-engagement-in-mallorca-22.webp 787w\" sizes=\"(max-width: 682px) 100vw, 682px\" \/>\t\t\t\t\t\t\t\t\t\t\t\t\t\t\t<\/div>\n\t\t\t\t<\/div>\n\t\t\t\t\t<\/div>\n\t\t<\/div>\n\t\t\t\t<div class=\"penci-ercol-50 penci-ercol-order-2 penci-sticky-ct    elementor-column elementor-col-50 elementor-top-column elementor-element elementor-element-8455b42\" data-id=\"8455b42\" data-element_type=\"column\" data-e-type=\"column\">\n\t\t\t<div class=\"elementor-widget-wrap elementor-element-populated\">\n\t\t\t\t\t\t<div class=\"elementor-element elementor-element-0934a31 elementor-widget elementor-widget-image\" data-id=\"0934a31\" data-element_type=\"widget\" data-e-type=\"widget\" data-widget_type=\"image.default\">\n\t\t\t\t<div class=\"elementor-widget-container\">\n\t\t\t\t\t\t\t\t\t\t\t\t\t\t\t<img loading=\"lazy\" decoding=\"async\" width=\"682\" height=\"1024\" src=\"https:\/\/www.inmadelvalle.com\/wp-content\/uploads\/2026\/04\/luxury-engagement-in-mallorca-21-682x1024.webp\" class=\"attachment-large size-large wp-image-61619\" alt=\"Couple laughing and playing after a luxury engagement in Mallorca in a garden, photo by Inma del Valle\" srcset=\"https:\/\/www.inmadelvalle.com\/wp-content\/uploads\/2026\/04\/luxury-engagement-in-mallorca-21-682x1024.webp 682w, https:\/\/www.inmadelvalle.com\/wp-content\/uploads\/2026\/04\/luxury-engagement-in-mallorca-21-200x300.webp 200w, https:\/\/www.inmadelvalle.com\/wp-content\/uploads\/2026\/04\/luxury-engagement-in-mallorca-21-768x1152.webp 768w, https:\/\/www.inmadelvalle.com\/wp-content\/uploads\/2026\/04\/luxury-engagement-in-mallorca-21-585x878.webp 585w, https:\/\/www.inmadelvalle.com\/wp-content\/uploads\/2026\/04\/luxury-engagement-in-mallorca-21.webp 787w\" sizes=\"(max-width: 682px) 100vw, 682px\" \/>\t\t\t\t\t\t\t\t\t\t\t\t\t\t\t<\/div>\n\t\t\t\t<\/div>\n\t\t\t\t\t<\/div>\n\t\t<\/div>\n\t\t\t\t\t<\/div>\n\t\t<\/section>\n\t\t\t\t<section class=\"penci-section penci-disSticky penci-structure-10 elementor-section elementor-top-section elementor-element elementor-element-8327595 elementor-section-boxed elementor-section-height-default elementor-section-height-default\" data-id=\"8327595\" data-element_type=\"section\" data-e-type=\"section\">\n\t\t\t\t\t\t<div class=\"elementor-container elementor-column-gap-default\">\n\t\t\t\t\t<div class=\"penci-ercol-100 penci-ercol-order-1 penci-sticky-ct    elementor-column elementor-col-100 elementor-top-column elementor-element elementor-element-bd52565\" data-id=\"bd52565\" data-element_type=\"column\" data-e-type=\"column\">\n\t\t\t<div class=\"elementor-widget-wrap elementor-element-populated\">\n\t\t\t\t\t\t<div class=\"elementor-element elementor-element-a54b80e elementor-widget elementor-widget-heading\" data-id=\"a54b80e\" data-element_type=\"widget\" data-e-type=\"widget\" data-widget_type=\"heading.default\">\n\t\t\t\t<div class=\"elementor-widget-container\">\n\t\t\t\t\t<h2 class=\"elementor-heading-title elementor-size-default\">Romantic proposal in Mallorca<\/h2>\t\t\t\t<\/div>\n\t\t\t\t<\/div>\n\t\t\t\t\t<\/div>\n\t\t<\/div>\n\t\t\t\t\t<\/div>\n\t\t<\/section>\n\t\t\t\t<section class=\"penci-section penci-disSticky penci-structure-10 elementor-section elementor-top-section elementor-element elementor-element-db52abb elementor-section-boxed elementor-section-height-default elementor-section-height-default\" data-id=\"db52abb\" data-element_type=\"section\" data-e-type=\"section\">\n\t\t\t\t\t\t<div class=\"elementor-container elementor-column-gap-default\">\n\t\t\t\t\t<div class=\"penci-ercol-100 penci-ercol-order-1 penci-sticky-ct    elementor-column elementor-col-100 elementor-top-column elementor-element elementor-element-8fa19d2\" data-id=\"8fa19d2\" data-element_type=\"column\" data-e-type=\"column\">\n\t\t\t<div class=\"elementor-widget-wrap elementor-element-populated\">\n\t\t\t\t\t\t<div class=\"elementor-element elementor-element-50b579f elementor-widget elementor-widget-text-editor\" data-id=\"50b579f\" data-element_type=\"widget\" data-e-type=\"widget\" data-widget_type=\"text-editor.default\">\n\t\t\t\t<div class=\"elementor-widget-container\">\n\t\t\t\t\t\t\t\t\t<p>One of the most emotional moments was, without a doubt, when he took out the <a href=\"https:\/\/www.tiffany.es\/gifts\/gifts-for-mom\/?gclsrc=aw.ds&amp;gad_source=1&amp;gad_campaignid=21792997849&amp;gbraid=0AAAAApuFSuy7gNZjCa1nuree93PdDTaYl&amp;gclid=CjwKCAjwtcHPBhADEiwAWo3sJhfjY4yzcoTJYstfWdFd1KFL_1lNhW5GCdwuuCGaQnr21nfYWQKhUxoCwRkQAvD_BwE\"><strong>ring<\/strong><\/a>. The gesture, simple but full of meaning, made time seem to stop. She, surprised and emotional, couldn\u2019t help but smile as she said yes. In that instant, everything around them faded away and it was just the two of them. However, the setting still added a magical touch, reminding us why a <strong>luxury engagement in Mallorca<\/strong> is such a unique experience.<\/p>\t\t\t\t\t\t\t\t<\/div>\n\t\t\t\t<\/div>\n\t\t\t\t\t<\/div>\n\t\t<\/div>\n\t\t\t\t\t<\/div>\n\t\t<\/section>\n\t\t\t\t<section class=\"penci-section penci-disSticky penci-structure-10 elementor-section elementor-top-section elementor-element elementor-element-f9ec3e0 elementor-section-full_width elementor-section-height-default elementor-section-height-default\" data-id=\"f9ec3e0\" data-element_type=\"section\" data-e-type=\"section\">\n\t\t\t\t\t\t<div class=\"elementor-container elementor-column-gap-default\">\n\t\t\t\t\t<div class=\"penci-ercol-100 penci-ercol-order-1 penci-sticky-ct    elementor-column elementor-col-100 elementor-top-column elementor-element elementor-element-a760efd\" data-id=\"a760efd\" data-element_type=\"column\" data-e-type=\"column\">\n\t\t\t<div class=\"elementor-widget-wrap elementor-element-populated\">\n\t\t\t\t\t\t<div class=\"elementor-element elementor-element-c4945a7 elementor-widget elementor-widget-image\" data-id=\"c4945a7\" data-element_type=\"widget\" data-e-type=\"widget\" data-widget_type=\"image.default\">\n\t\t\t\t<div class=\"elementor-widget-container\">\n\t\t\t\t\t\t\t\t\t\t\t\t\t\t\t<img loading=\"lazy\" decoding=\"async\" width=\"787\" height=\"1181\" src=\"https:\/\/www.inmadelvalle.com\/wp-content\/uploads\/2026\/04\/luxury-engagement-in-mallorca-24.webp\" class=\"attachment-full size-full wp-image-61622\" alt=\"Couple embracing among flowers after a luxury engagement in Mallorca, photo by Inma del Valle\" srcset=\"https:\/\/www.inmadelvalle.com\/wp-content\/uploads\/2026\/04\/luxury-engagement-in-mallorca-24.webp 787w, https:\/\/www.inmadelvalle.com\/wp-content\/uploads\/2026\/04\/luxury-engagement-in-mallorca-24-200x300.webp 200w, https:\/\/www.inmadelvalle.com\/wp-content\/uploads\/2026\/04\/luxury-engagement-in-mallorca-24-682x1024.webp 682w, https:\/\/www.inmadelvalle.com\/wp-content\/uploads\/2026\/04\/luxury-engagement-in-mallorca-24-768x1152.webp 768w, https:\/\/www.inmadelvalle.com\/wp-content\/uploads\/2026\/04\/luxury-engagement-in-mallorca-24-585x878.webp 585w\" sizes=\"(max-width: 787px) 100vw, 787px\" \/>\t\t\t\t\t\t\t\t\t\t\t\t\t\t\t<\/div>\n\t\t\t\t<\/div>\n\t\t\t\t\t<\/div>\n\t\t<\/div>\n\t\t\t\t\t<\/div>\n\t\t<\/section>\n\t\t\t\t<section class=\"penci-section penci-disSticky penci-structure-10 elementor-section elementor-top-section elementor-element elementor-element-f6ce892 elementor-section-boxed elementor-section-height-default elementor-section-height-default\" data-id=\"f6ce892\" data-element_type=\"section\" data-e-type=\"section\">\n\t\t\t\t\t\t<div class=\"elementor-container elementor-column-gap-default\">\n\t\t\t\t\t<div class=\"penci-ercol-100 penci-ercol-order-1 penci-sticky-ct    elementor-column elementor-col-100 elementor-top-column elementor-element elementor-element-3e01172\" data-id=\"3e01172\" data-element_type=\"column\" data-e-type=\"column\">\n\t\t\t<div class=\"elementor-widget-wrap elementor-element-populated\">\n\t\t\t\t\t\t<div class=\"elementor-element elementor-element-b9e9da1 elementor-widget elementor-widget-heading\" data-id=\"b9e9da1\" data-element_type=\"widget\" data-e-type=\"widget\" data-widget_type=\"heading.default\">\n\t\t\t\t<div class=\"elementor-widget-container\">\n\t\t\t\t\t<h2 class=\"elementor-heading-title elementor-size-default\">Luxury engagement in Mallorca\n<\/h2>\t\t\t\t<\/div>\n\t\t\t\t<\/div>\n\t\t\t\t\t<\/div>\n\t\t<\/div>\n\t\t\t\t\t<\/div>\n\t\t<\/section>\n\t\t\t\t<section class=\"penci-section penci-disSticky penci-structure-10 elementor-section elementor-top-section elementor-element elementor-element-ee82e5a elementor-section-boxed elementor-section-height-default elementor-section-height-default\" data-id=\"ee82e5a\" data-element_type=\"section\" data-e-type=\"section\">\n\t\t\t\t\t\t<div class=\"elementor-container elementor-column-gap-default\">\n\t\t\t\t\t<div class=\"penci-ercol-100 penci-ercol-order-1 penci-sticky-ct    elementor-column elementor-col-100 elementor-top-column elementor-element elementor-element-1eaa307\" data-id=\"1eaa307\" data-element_type=\"column\" data-e-type=\"column\">\n\t\t\t<div class=\"elementor-widget-wrap elementor-element-populated\">\n\t\t\t\t\t\t<div class=\"elementor-element elementor-element-cacf990 elementor-widget elementor-widget-text-editor\" data-id=\"cacf990\" data-element_type=\"widget\" data-e-type=\"widget\" data-widget_type=\"text-editor.default\">\n\t\t\t\t<div class=\"elementor-widget-container\">\n\t\t\t\t\t\t\t\t\t<p>After the \u201cyes,\u201d the couple enjoyed the setting, walking among the flowers and celebrating their engagement. The photographs capture that natural happiness in a genuine way. In addition, the sunlight, soft and golden, helped create warm and lively images. This kind of light is perfect to highlight emotions and, at the same time, give a cinematic touch to the final result of this <a href=\"https:\/\/www.inmadelvalle.com\/en\/marriage-proposal-and-engagement-in-mallorca\/\"><strong>marriage proposal in Mallorca.<\/strong><\/a><\/p>\t\t\t\t\t\t\t\t<\/div>\n\t\t\t\t<\/div>\n\t\t\t\t\t<\/div>\n\t\t<\/div>\n\t\t\t\t\t<\/div>\n\t\t<\/section>\n\t\t\t\t<section class=\"penci-section penci-disSticky penci-structure-10 elementor-section elementor-top-section elementor-element elementor-element-080acf3 elementor-section-full_width elementor-section-height-default elementor-section-height-default\" data-id=\"080acf3\" data-element_type=\"section\" data-e-type=\"section\">\n\t\t\t\t\t\t<div class=\"elementor-container elementor-column-gap-default\">\n\t\t\t\t\t<div class=\"penci-ercol-100 penci-ercol-order-1 penci-sticky-ct    elementor-column elementor-col-100 elementor-top-column elementor-element elementor-element-42d30ab\" data-id=\"42d30ab\" data-element_type=\"column\" data-e-type=\"column\">\n\t\t\t<div class=\"elementor-widget-wrap elementor-element-populated\">\n\t\t\t\t\t\t<div class=\"elementor-element elementor-element-a3c3135 elementor-widget elementor-widget-image\" data-id=\"a3c3135\" data-element_type=\"widget\" data-e-type=\"widget\" data-widget_type=\"image.default\">\n\t\t\t\t<div class=\"elementor-widget-container\">\n\t\t\t\t\t\t\t\t\t\t\t\t\t\t\t<img loading=\"lazy\" decoding=\"async\" width=\"787\" height=\"1181\" src=\"https:\/\/www.inmadelvalle.com\/wp-content\/uploads\/2026\/04\/luxury-engagement-in-mallorca-18.webp\" class=\"attachment-full size-full wp-image-61616\" alt=\"Couple by the sea during a luxury engagement in Mallorca with floral decoration, photo by Inma del Valle\" srcset=\"https:\/\/www.inmadelvalle.com\/wp-content\/uploads\/2026\/04\/luxury-engagement-in-mallorca-18.webp 787w, https:\/\/www.inmadelvalle.com\/wp-content\/uploads\/2026\/04\/luxury-engagement-in-mallorca-18-200x300.webp 200w, https:\/\/www.inmadelvalle.com\/wp-content\/uploads\/2026\/04\/luxury-engagement-in-mallorca-18-682x1024.webp 682w, https:\/\/www.inmadelvalle.com\/wp-content\/uploads\/2026\/04\/luxury-engagement-in-mallorca-18-768x1152.webp 768w, https:\/\/www.inmadelvalle.com\/wp-content\/uploads\/2026\/04\/luxury-engagement-in-mallorca-18-585x878.webp 585w\" sizes=\"(max-width: 787px) 100vw, 787px\" \/>\t\t\t\t\t\t\t\t\t\t\t\t\t\t\t<\/div>\n\t\t\t\t<\/div>\n\t\t\t\t\t<\/div>\n\t\t<\/div>\n\t\t\t\t\t<\/div>\n\t\t<\/section>\n\t\t\t\t<section class=\"penci-section penci-disSticky penci-structure-10 elementor-section elementor-top-section elementor-element elementor-element-bf3bcc1 elementor-section-boxed elementor-section-height-default elementor-section-height-default\" data-id=\"bf3bcc1\" data-element_type=\"section\" data-e-type=\"section\">\n\t\t\t\t\t\t<div class=\"elementor-container elementor-column-gap-default\">\n\t\t\t\t\t<div class=\"penci-ercol-100 penci-ercol-order-1 penci-sticky-ct    elementor-column elementor-col-100 elementor-top-column elementor-element elementor-element-94dc0f7\" data-id=\"94dc0f7\" data-element_type=\"column\" data-e-type=\"column\">\n\t\t\t<div class=\"elementor-widget-wrap elementor-element-populated\">\n\t\t\t\t\t\t<div class=\"elementor-element elementor-element-19df49d elementor-widget elementor-widget-heading\" data-id=\"19df49d\" data-element_type=\"widget\" data-e-type=\"widget\" data-widget_type=\"heading.default\">\n\t\t\t\t<div class=\"elementor-widget-container\">\n\t\t\t\t\t<h3 class=\"elementor-heading-title elementor-size-default\"><a href=\"http:\/\/www.instagram.com\/inmadelvallephotography\">Follow me on Instagram @inmadelvallephotography to see more weddings in Mallorca, Mexico and Italy.<\/a><\/h3>\t\t\t\t<\/div>\n\t\t\t\t<\/div>\n\t\t\t\t\t<\/div>\n\t\t<\/div>\n\t\t\t\t\t<\/div>\n\t\t<\/section>\n\t\t\t\t<section class=\"penci-section penci-disSticky penci-structure-20 elementor-section elementor-top-section elementor-element elementor-element-fcd77af elementor-section-full_width elementor-section-height-default elementor-section-height-default\" data-id=\"fcd77af\" data-element_type=\"section\" data-e-type=\"section\">\n\t\t\t\t\t\t<div class=\"elementor-container elementor-column-gap-default\">\n\t\t\t\t\t<div class=\"penci-ercol-50 penci-ercol-order-1 penci-sticky-ct    elementor-column elementor-col-50 elementor-top-column elementor-element elementor-element-5b962de\" data-id=\"5b962de\" data-element_type=\"column\" data-e-type=\"column\">\n\t\t\t<div class=\"elementor-widget-wrap elementor-element-populated\">\n\t\t\t\t\t\t<div class=\"elementor-element elementor-element-50b4c89 elementor-widget elementor-widget-image\" data-id=\"50b4c89\" data-element_type=\"widget\" data-e-type=\"widget\" data-widget_type=\"image.default\">\n\t\t\t\t<div class=\"elementor-widget-container\">\n\t\t\t\t\t\t\t\t\t\t\t\t\t\t\t<img loading=\"lazy\" decoding=\"async\" width=\"682\" height=\"1024\" src=\"https:\/\/www.inmadelvalle.com\/wp-content\/uploads\/2026\/04\/luxury-engagement-in-mallorca-29-682x1024.webp\" class=\"attachment-large size-large wp-image-61627\" alt=\"Couple embracing during a luxury engagement in Mallorca with flowers and candles, photo by Inma del Valle\" srcset=\"https:\/\/www.inmadelvalle.com\/wp-content\/uploads\/2026\/04\/luxury-engagement-in-mallorca-29-682x1024.webp 682w, https:\/\/www.inmadelvalle.com\/wp-content\/uploads\/2026\/04\/luxury-engagement-in-mallorca-29-200x300.webp 200w, https:\/\/www.inmadelvalle.com\/wp-content\/uploads\/2026\/04\/luxury-engagement-in-mallorca-29-768x1152.webp 768w, https:\/\/www.inmadelvalle.com\/wp-content\/uploads\/2026\/04\/luxury-engagement-in-mallorca-29-585x878.webp 585w, https:\/\/www.inmadelvalle.com\/wp-content\/uploads\/2026\/04\/luxury-engagement-in-mallorca-29.webp 787w\" sizes=\"(max-width: 682px) 100vw, 682px\" \/>\t\t\t\t\t\t\t\t\t\t\t\t\t\t\t<\/div>\n\t\t\t\t<\/div>\n\t\t\t\t\t<\/div>\n\t\t<\/div>\n\t\t\t\t<div class=\"penci-ercol-50 penci-ercol-order-2 penci-sticky-ct    elementor-column elementor-col-50 elementor-top-column elementor-element elementor-element-4d5cf7e\" data-id=\"4d5cf7e\" data-element_type=\"column\" data-e-type=\"column\">\n\t\t\t<div class=\"elementor-widget-wrap elementor-element-populated\">\n\t\t\t\t\t\t<div class=\"elementor-element elementor-element-615c1d9 elementor-widget elementor-widget-image\" data-id=\"615c1d9\" data-element_type=\"widget\" data-e-type=\"widget\" data-widget_type=\"image.default\">\n\t\t\t\t<div class=\"elementor-widget-container\">\n\t\t\t\t\t\t\t\t\t\t\t\t\t\t\t<img loading=\"lazy\" decoding=\"async\" width=\"1024\" height=\"683\" src=\"https:\/\/www.inmadelvalle.com\/wp-content\/uploads\/2026\/04\/luxury-engagement-in-mallorca-28-1024x683.webp\" class=\"attachment-large size-large wp-image-61626\" alt=\"Couple posing after a luxury engagement in Mallorca with floral decoration by the sea, photo by Inma del Valle\" srcset=\"https:\/\/www.inmadelvalle.com\/wp-content\/uploads\/2026\/04\/luxury-engagement-in-mallorca-28-1024x683.webp 1024w, https:\/\/www.inmadelvalle.com\/wp-content\/uploads\/2026\/04\/luxury-engagement-in-mallorca-28-300x200.webp 300w, https:\/\/www.inmadelvalle.com\/wp-content\/uploads\/2026\/04\/luxury-engagement-in-mallorca-28-768x512.webp 768w, https:\/\/www.inmadelvalle.com\/wp-content\/uploads\/2026\/04\/luxury-engagement-in-mallorca-28-585x390.webp 585w, https:\/\/www.inmadelvalle.com\/wp-content\/uploads\/2026\/04\/luxury-engagement-in-mallorca-28-263x175.webp 263w, https:\/\/www.inmadelvalle.com\/wp-content\/uploads\/2026\/04\/luxury-engagement-in-mallorca-28.webp 1181w\" sizes=\"(max-width: 1024px) 100vw, 1024px\" \/>\t\t\t\t\t\t\t\t\t\t\t\t\t\t\t<\/div>\n\t\t\t\t<\/div>\n\t\t\t\t\t<\/div>\n\t\t<\/div>\n\t\t\t\t\t<\/div>\n\t\t<\/section>\n\t\t\t\t<section class=\"penci-section penci-disSticky penci-structure-10 elementor-section elementor-top-section elementor-element elementor-element-abd6c6a elementor-section-boxed elementor-section-height-default elementor-section-height-default\" data-id=\"abd6c6a\" data-element_type=\"section\" data-e-type=\"section\">\n\t\t\t\t\t\t<div class=\"elementor-container elementor-column-gap-default\">\n\t\t\t\t\t<div class=\"penci-ercol-100 penci-ercol-order-1 penci-sticky-ct    elementor-column elementor-col-100 elementor-top-column elementor-element elementor-element-a8b8dcb\" data-id=\"a8b8dcb\" data-element_type=\"column\" data-e-type=\"column\">\n\t\t\t<div class=\"elementor-widget-wrap elementor-element-populated\">\n\t\t\t\t\t\t<div class=\"elementor-element elementor-element-200365e elementor-widget elementor-widget-text-editor\" data-id=\"200365e\" data-element_type=\"widget\" data-e-type=\"widget\" data-widget_type=\"text-editor.default\">\n\t\t\t\t<div class=\"elementor-widget-container\">\n\t\t\t\t\t\t\t\t\t<p>Likewise, the island has become one of the top destinations for this kind of proposal. Its climate, beautiful landscapes, and wide range of exclusive venues make it a perfect choice. Whether by the sea, in a private villa, or in a place like this, the options are endless. That\u2019s why more and more couples choose to come here to experience such an important moment, especially when planning a <strong>luxury engagement in Mallorca<\/strong>.<\/p>\t\t\t\t\t\t\t\t<\/div>\n\t\t\t\t<\/div>\n\t\t\t\t\t<\/div>\n\t\t<\/div>\n\t\t\t\t\t<\/div>\n\t\t<\/section>\n\t\t\t\t<section class=\"penci-section penci-disSticky penci-structure-10 elementor-section elementor-top-section elementor-element elementor-element-a32d056 elementor-section-full_width elementor-section-height-default elementor-section-height-default\" data-id=\"a32d056\" data-element_type=\"section\" data-e-type=\"section\">\n\t\t\t\t\t\t<div class=\"elementor-container elementor-column-gap-default\">\n\t\t\t\t\t<div class=\"penci-ercol-100 penci-ercol-order-1 penci-sticky-ct    elementor-column elementor-col-100 elementor-top-column elementor-element elementor-element-6f6a262\" data-id=\"6f6a262\" data-element_type=\"column\" data-e-type=\"column\">\n\t\t\t<div class=\"elementor-widget-wrap elementor-element-populated\">\n\t\t\t\t\t\t<div class=\"elementor-element elementor-element-5df94fa elementor-widget elementor-widget-image\" data-id=\"5df94fa\" data-element_type=\"widget\" data-e-type=\"widget\" data-widget_type=\"image.default\">\n\t\t\t\t<div class=\"elementor-widget-container\">\n\t\t\t\t\t\t\t\t\t\t\t\t\t\t\t<img loading=\"lazy\" decoding=\"async\" width=\"787\" height=\"1234\" src=\"https:\/\/www.inmadelvalle.com\/wp-content\/uploads\/2026\/04\/luxury-engagement-in-mallorca-30.webp\" class=\"attachment-full size-full wp-image-61628\" alt=\"Close-up of a couple embracing after a luxury engagement in Mallorca, photo by Inma del Valle\" srcset=\"https:\/\/www.inmadelvalle.com\/wp-content\/uploads\/2026\/04\/luxury-engagement-in-mallorca-30.webp 787w, https:\/\/www.inmadelvalle.com\/wp-content\/uploads\/2026\/04\/luxury-engagement-in-mallorca-30-191x300.webp 191w, https:\/\/www.inmadelvalle.com\/wp-content\/uploads\/2026\/04\/luxury-engagement-in-mallorca-30-653x1024.webp 653w, https:\/\/www.inmadelvalle.com\/wp-content\/uploads\/2026\/04\/luxury-engagement-in-mallorca-30-768x1204.webp 768w, https:\/\/www.inmadelvalle.com\/wp-content\/uploads\/2026\/04\/luxury-engagement-in-mallorca-30-585x917.webp 585w\" sizes=\"(max-width: 787px) 100vw, 787px\" \/>\t\t\t\t\t\t\t\t\t\t\t\t\t\t\t<\/div>\n\t\t\t\t<\/div>\n\t\t\t\t\t<\/div>\n\t\t<\/div>\n\t\t\t\t\t<\/div>\n\t\t<\/section>\n\t\t\t\t<section class=\"penci-section penci-disSticky penci-structure-10 elementor-section elementor-top-section elementor-element elementor-element-30fbdb5 elementor-section-boxed elementor-section-height-default elementor-section-height-default\" data-id=\"30fbdb5\" data-element_type=\"section\" data-e-type=\"section\">\n\t\t\t\t\t\t<div class=\"elementor-container elementor-column-gap-default\">\n\t\t\t\t\t<div class=\"penci-ercol-100 penci-ercol-order-1 penci-sticky-ct    elementor-column elementor-col-100 elementor-top-column elementor-element elementor-element-b4741b3\" data-id=\"b4741b3\" data-element_type=\"column\" data-e-type=\"column\">\n\t\t\t<div class=\"elementor-widget-wrap elementor-element-populated\">\n\t\t\t\t\t\t<div class=\"elementor-element elementor-element-b19fbe4 elementor-widget elementor-widget-heading\" data-id=\"b19fbe4\" data-element_type=\"widget\" data-e-type=\"widget\" data-widget_type=\"heading.default\">\n\t\t\t\t<div class=\"elementor-widget-container\">\n\t\t\t\t\t<h2 class=\"elementor-heading-title elementor-size-default\">Surprise engagement in  Mallorca\n<\/h2>\t\t\t\t<\/div>\n\t\t\t\t<\/div>\n\t\t\t\t\t<\/div>\n\t\t<\/div>\n\t\t\t\t\t<\/div>\n\t\t<\/section>\n\t\t\t\t<section class=\"penci-section penci-disSticky penci-structure-20 elementor-section elementor-top-section elementor-element elementor-element-0719553 elementor-section-full_width elementor-section-height-default elementor-section-height-default\" data-id=\"0719553\" data-element_type=\"section\" data-e-type=\"section\">\n\t\t\t\t\t\t<div class=\"elementor-container elementor-column-gap-default\">\n\t\t\t\t\t<div class=\"penci-ercol-50 penci-ercol-order-1 penci-sticky-ct    elementor-column elementor-col-50 elementor-top-column elementor-element elementor-element-6295d9a\" data-id=\"6295d9a\" data-element_type=\"column\" data-e-type=\"column\">\n\t\t\t<div class=\"elementor-widget-wrap elementor-element-populated\">\n\t\t\t\t\t\t<div class=\"elementor-element elementor-element-b648401 elementor-widget elementor-widget-image\" data-id=\"b648401\" data-element_type=\"widget\" data-e-type=\"widget\" data-widget_type=\"image.default\">\n\t\t\t\t<div class=\"elementor-widget-container\">\n\t\t\t\t\t\t\t\t\t\t\t\t\t\t\t<img loading=\"lazy\" decoding=\"async\" width=\"682\" height=\"1024\" src=\"https:\/\/www.inmadelvalle.com\/wp-content\/uploads\/2026\/04\/luxury-engagement-in-mallorca-26-682x1024.webp\" class=\"attachment-large size-large wp-image-61624\" alt=\"Couple portrait after a luxury engagement in Mallorca sharing a loving look, photo by Inma del Valle\" srcset=\"https:\/\/www.inmadelvalle.com\/wp-content\/uploads\/2026\/04\/luxury-engagement-in-mallorca-26-682x1024.webp 682w, https:\/\/www.inmadelvalle.com\/wp-content\/uploads\/2026\/04\/luxury-engagement-in-mallorca-26-200x300.webp 200w, https:\/\/www.inmadelvalle.com\/wp-content\/uploads\/2026\/04\/luxury-engagement-in-mallorca-26-768x1152.webp 768w, https:\/\/www.inmadelvalle.com\/wp-content\/uploads\/2026\/04\/luxury-engagement-in-mallorca-26-585x878.webp 585w, https:\/\/www.inmadelvalle.com\/wp-content\/uploads\/2026\/04\/luxury-engagement-in-mallorca-26.webp 787w\" sizes=\"(max-width: 682px) 100vw, 682px\" \/>\t\t\t\t\t\t\t\t\t\t\t\t\t\t\t<\/div>\n\t\t\t\t<\/div>\n\t\t\t\t\t<\/div>\n\t\t<\/div>\n\t\t\t\t<div class=\"penci-ercol-50 penci-ercol-order-2 penci-sticky-ct    elementor-column elementor-col-50 elementor-top-column elementor-element elementor-element-2dc760e\" data-id=\"2dc760e\" data-element_type=\"column\" data-e-type=\"column\">\n\t\t\t<div class=\"elementor-widget-wrap elementor-element-populated\">\n\t\t\t\t\t\t<div class=\"elementor-element elementor-element-31290e2 elementor-widget elementor-widget-image\" data-id=\"31290e2\" data-element_type=\"widget\" data-e-type=\"widget\" data-widget_type=\"image.default\">\n\t\t\t\t<div class=\"elementor-widget-container\">\n\t\t\t\t\t\t\t\t\t\t\t\t\t\t\t<img loading=\"lazy\" decoding=\"async\" width=\"1024\" height=\"669\" src=\"https:\/\/www.inmadelvalle.com\/wp-content\/uploads\/2026\/04\/luxury-engagement-in-mallorca-34-1024x669.webp\" class=\"attachment-large size-large wp-image-61632\" alt=\"Portrait of a smiling woman after a luxury engagement in Mallorca with floral decoration, photo by Inma del Valle\" srcset=\"https:\/\/www.inmadelvalle.com\/wp-content\/uploads\/2026\/04\/luxury-engagement-in-mallorca-34-1024x669.webp 1024w, https:\/\/www.inmadelvalle.com\/wp-content\/uploads\/2026\/04\/luxury-engagement-in-mallorca-34-300x196.webp 300w, https:\/\/www.inmadelvalle.com\/wp-content\/uploads\/2026\/04\/luxury-engagement-in-mallorca-34-768x501.webp 768w, https:\/\/www.inmadelvalle.com\/wp-content\/uploads\/2026\/04\/luxury-engagement-in-mallorca-34-585x382.webp 585w, https:\/\/www.inmadelvalle.com\/wp-content\/uploads\/2026\/04\/luxury-engagement-in-mallorca-34.webp 1181w\" sizes=\"(max-width: 1024px) 100vw, 1024px\" \/>\t\t\t\t\t\t\t\t\t\t\t\t\t\t\t<\/div>\n\t\t\t\t<\/div>\n\t\t\t\t\t<\/div>\n\t\t<\/div>\n\t\t\t\t\t<\/div>\n\t\t<\/section>\n\t\t\t\t<section class=\"penci-section penci-disSticky penci-structure-10 elementor-section elementor-top-section elementor-element elementor-element-bd9aad1 elementor-section-boxed elementor-section-height-default elementor-section-height-default\" data-id=\"bd9aad1\" data-element_type=\"section\" data-e-type=\"section\">\n\t\t\t\t\t\t<div class=\"elementor-container elementor-column-gap-default\">\n\t\t\t\t\t<div class=\"penci-ercol-100 penci-ercol-order-1 penci-sticky-ct    elementor-column elementor-col-100 elementor-top-column elementor-element elementor-element-0c2f8df\" data-id=\"0c2f8df\" data-element_type=\"column\" data-e-type=\"column\">\n\t\t\t<div class=\"elementor-widget-wrap elementor-element-populated\">\n\t\t\t\t\t\t<div class=\"elementor-element elementor-element-678abbe elementor-widget elementor-widget-text-editor\" data-id=\"678abbe\" data-element_type=\"widget\" data-e-type=\"widget\" data-widget_type=\"text-editor.default\">\n\t\t\t\t<div class=\"elementor-widget-container\">\n\t\t\t\t\t\t\t\t\t<p>This experience shows that paying attention to every detail truly makes a difference. The combination of a stunning location, elegant decoration, and a professional team creates memories that last forever. Without a doubt, an <strong>engagement in Mallorca<\/strong> is much more than just a proposal, it\u2019s a story that begins in a magical place and stays forever through emotional and timeless images.<\/p>\t\t\t\t\t\t\t\t<\/div>\n\t\t\t\t<\/div>\n\t\t\t\t\t<\/div>\n\t\t<\/div>\n\t\t\t\t\t<\/div>\n\t\t<\/section>\n\t\t\t\t<section class=\"penci-section penci-disSticky penci-structure-10 elementor-section elementor-top-section elementor-element elementor-element-53da088 elementor-section-full_width elementor-section-height-default elementor-section-height-default\" data-id=\"53da088\" data-element_type=\"section\" data-e-type=\"section\">\n\t\t\t\t\t\t<div class=\"elementor-container elementor-column-gap-default\">\n\t\t\t\t\t<div class=\"penci-ercol-100 penci-ercol-order-1 penci-sticky-ct    elementor-column elementor-col-100 elementor-top-column elementor-element elementor-element-1b1224b\" data-id=\"1b1224b\" data-element_type=\"column\" data-e-type=\"column\">\n\t\t\t<div class=\"elementor-widget-wrap elementor-element-populated\">\n\t\t\t\t\t\t<div class=\"elementor-element elementor-element-ce0430c elementor-widget elementor-widget-image\" data-id=\"ce0430c\" data-element_type=\"widget\" data-e-type=\"widget\" data-widget_type=\"image.default\">\n\t\t\t\t<div class=\"elementor-widget-container\">\n\t\t\t\t\t\t\t\t\t\t\t\t\t\t\t<img loading=\"lazy\" decoding=\"async\" width=\"1181\" height=\"787\" src=\"https:\/\/www.inmadelvalle.com\/wp-content\/uploads\/2026\/04\/luxury-engagement-in-mallorca-37.webp\" class=\"attachment-full size-full wp-image-61635\" alt=\"Seaside setup prepared for a luxury engagement in Mallorca with flowers and petals, photo by Inma del Valle\" srcset=\"https:\/\/www.inmadelvalle.com\/wp-content\/uploads\/2026\/04\/luxury-engagement-in-mallorca-37.webp 1181w, https:\/\/www.inmadelvalle.com\/wp-content\/uploads\/2026\/04\/luxury-engagement-in-mallorca-37-300x200.webp 300w, https:\/\/www.inmadelvalle.com\/wp-content\/uploads\/2026\/04\/luxury-engagement-in-mallorca-37-1024x682.webp 1024w, https:\/\/www.inmadelvalle.com\/wp-content\/uploads\/2026\/04\/luxury-engagement-in-mallorca-37-768x512.webp 768w, https:\/\/www.inmadelvalle.com\/wp-content\/uploads\/2026\/04\/luxury-engagement-in-mallorca-37-585x390.webp 585w, https:\/\/www.inmadelvalle.com\/wp-content\/uploads\/2026\/04\/luxury-engagement-in-mallorca-37-263x175.webp 263w\" sizes=\"(max-width: 1181px) 100vw, 1181px\" \/>\t\t\t\t\t\t\t\t\t\t\t\t\t\t\t<\/div>\n\t\t\t\t<\/div>\n\t\t\t\t\t<\/div>\n\t\t<\/div>\n\t\t\t\t\t<\/div>\n\t\t<\/section>\n\t\t\t\t<section class=\"penci-section penci-disSticky penci-structure-20 elementor-section elementor-top-section elementor-element elementor-element-bf4905c elementor-section-full_width elementor-section-height-default elementor-section-height-default\" data-id=\"bf4905c\" data-element_type=\"section\" data-e-type=\"section\">\n\t\t\t\t\t\t<div class=\"elementor-container elementor-column-gap-default\">\n\t\t\t\t\t<div class=\"penci-ercol-50 penci-ercol-order-1 penci-sticky-ct    elementor-column elementor-col-50 elementor-top-column elementor-element elementor-element-fa15f37\" data-id=\"fa15f37\" data-element_type=\"column\" data-e-type=\"column\">\n\t\t\t<div class=\"elementor-widget-wrap elementor-element-populated\">\n\t\t\t\t\t\t<div class=\"elementor-element elementor-element-87c6bbb elementor-widget elementor-widget-image\" data-id=\"87c6bbb\" data-element_type=\"widget\" data-e-type=\"widget\" data-widget_type=\"image.default\">\n\t\t\t\t<div class=\"elementor-widget-container\">\n\t\t\t\t\t\t\t\t\t\t\t\t\t\t\t<img loading=\"lazy\" decoding=\"async\" width=\"682\" height=\"1024\" src=\"https:\/\/www.inmadelvalle.com\/wp-content\/uploads\/2026\/04\/luxury-engagement-in-mallorca-01-682x1024.webp\" class=\"attachment-large size-large wp-image-61599\" alt=\"Floral decoration detail during a luxury engagement in Mallorca with candles and roses, photo by Inma del Valle\" srcset=\"https:\/\/www.inmadelvalle.com\/wp-content\/uploads\/2026\/04\/luxury-engagement-in-mallorca-01-682x1024.webp 682w, https:\/\/www.inmadelvalle.com\/wp-content\/uploads\/2026\/04\/luxury-engagement-in-mallorca-01-200x300.webp 200w, https:\/\/www.inmadelvalle.com\/wp-content\/uploads\/2026\/04\/luxury-engagement-in-mallorca-01-768x1152.webp 768w, https:\/\/www.inmadelvalle.com\/wp-content\/uploads\/2026\/04\/luxury-engagement-in-mallorca-01-585x878.webp 585w, https:\/\/www.inmadelvalle.com\/wp-content\/uploads\/2026\/04\/luxury-engagement-in-mallorca-01.webp 787w\" sizes=\"(max-width: 682px) 100vw, 682px\" \/>\t\t\t\t\t\t\t\t\t\t\t\t\t\t\t<\/div>\n\t\t\t\t<\/div>\n\t\t\t\t\t<\/div>\n\t\t<\/div>\n\t\t\t\t<div class=\"penci-ercol-50 penci-ercol-order-2 penci-sticky-ct    elementor-column elementor-col-50 elementor-top-column elementor-element elementor-element-f350ac8\" data-id=\"f350ac8\" data-element_type=\"column\" data-e-type=\"column\">\n\t\t\t<div class=\"elementor-widget-wrap elementor-element-populated\">\n\t\t\t\t\t\t<div class=\"elementor-element elementor-element-77ef4cd elementor-widget elementor-widget-image\" data-id=\"77ef4cd\" data-element_type=\"widget\" data-e-type=\"widget\" data-widget_type=\"image.default\">\n\t\t\t\t<div class=\"elementor-widget-container\">\n\t\t\t\t\t\t\t\t\t\t\t\t\t\t\t<img loading=\"lazy\" decoding=\"async\" width=\"705\" height=\"1024\" src=\"https:\/\/www.inmadelvalle.com\/wp-content\/uploads\/2026\/04\/luxury-engagement-in-mallorca-03-705x1024.webp\" class=\"attachment-large size-large wp-image-61601\" alt=\"Petal pathway leading to a luxury engagement in Mallorca with flowers and candles by the sea, photo by Inma del Valle\" srcset=\"https:\/\/www.inmadelvalle.com\/wp-content\/uploads\/2026\/04\/luxury-engagement-in-mallorca-03-705x1024.webp 705w, https:\/\/www.inmadelvalle.com\/wp-content\/uploads\/2026\/04\/luxury-engagement-in-mallorca-03-207x300.webp 207w, https:\/\/www.inmadelvalle.com\/wp-content\/uploads\/2026\/04\/luxury-engagement-in-mallorca-03-768x1115.webp 768w, https:\/\/www.inmadelvalle.com\/wp-content\/uploads\/2026\/04\/luxury-engagement-in-mallorca-03-585x850.webp 585w, https:\/\/www.inmadelvalle.com\/wp-content\/uploads\/2026\/04\/luxury-engagement-in-mallorca-03.webp 787w\" sizes=\"(max-width: 705px) 100vw, 705px\" \/>\t\t\t\t\t\t\t\t\t\t\t\t\t\t\t<\/div>\n\t\t\t\t<\/div>\n\t\t\t\t\t<\/div>\n\t\t<\/div>\n\t\t\t\t\t<\/div>\n\t\t<\/section>\n\t\t\t\t<section class=\"penci-section penci-disSticky penci-structure-10 elementor-section elementor-top-section elementor-element elementor-element-e497198 elementor-section-boxed elementor-section-height-default elementor-section-height-default\" data-id=\"e497198\" data-element_type=\"section\" data-e-type=\"section\">\n\t\t\t\t\t\t<div class=\"elementor-container elementor-column-gap-default\">\n\t\t\t\t\t<div class=\"penci-ercol-100 penci-ercol-order-1 penci-sticky-ct    elementor-column elementor-col-100 elementor-top-column elementor-element elementor-element-2420002\" data-id=\"2420002\" data-element_type=\"column\" data-e-type=\"column\">\n\t\t\t<div class=\"elementor-widget-wrap elementor-element-populated\">\n\t\t\t\t\t\t<div class=\"elementor-element elementor-element-58d9134 elementor-widget elementor-widget-text-editor\" data-id=\"58d9134\" data-element_type=\"widget\" data-e-type=\"widget\" data-widget_type=\"text-editor.default\">\n\t\t\t\t<div class=\"elementor-widget-container\">\n\t\t\t\t\t\t\t\t\t<p class=\"p1\"><strong>If you are dreaming of a unique and magical proposal, I invite you to get in touch with me<\/strong> so I can help you plan every detail and capture such a special moment. I will take care of photographing your proposal with a natural and elegant style, fully adapted to your story. In addition, <strong>we offer different packages and personalized locations<\/strong> so you can enjoy a truly tailored experience. Together, we can create an unforgettable moment in a stunning setting.<\/p>\t\t\t\t\t\t\t\t<\/div>\n\t\t\t\t<\/div>\n\t\t\t\t\t<\/div>\n\t\t<\/div>\n\t\t\t\t\t<\/div>\n\t\t<\/section>\n\t\t\t\t<section class=\"penci-section penci-disSticky penci-structure-10 elementor-section elementor-top-section elementor-element elementor-element-a10df0b elementor-section-full_width elementor-section-height-default elementor-section-height-default\" data-id=\"a10df0b\" data-element_type=\"section\" data-e-type=\"section\">\n\t\t\t\t\t\t<div class=\"elementor-container elementor-column-gap-default\">\n\t\t\t\t\t<div class=\"penci-ercol-100 penci-ercol-order-1 penci-sticky-ct    elementor-column elementor-col-100 elementor-top-column elementor-element elementor-element-272173a\" data-id=\"272173a\" data-element_type=\"column\" data-e-type=\"column\">\n\t\t\t<div class=\"elementor-widget-wrap elementor-element-populated\">\n\t\t\t\t\t\t<div class=\"elementor-element elementor-element-0800c24 elementor-widget elementor-widget-image\" data-id=\"0800c24\" data-element_type=\"widget\" data-e-type=\"widget\" data-widget_type=\"image.default\">\n\t\t\t\t<div class=\"elementor-widget-container\">\n\t\t\t\t\t\t\t\t\t\t\t\t\t\t\t<img loading=\"lazy\" decoding=\"async\" width=\"1181\" height=\"788\" src=\"https:\/\/www.inmadelvalle.com\/wp-content\/uploads\/2026\/04\/luxury-engagement-in-mallorca-25.webp\" class=\"attachment-full size-full wp-image-61623\" alt=\"Couple under stone arch during a luxury engagement in Mallorca, photo by Inma del Valle\" srcset=\"https:\/\/www.inmadelvalle.com\/wp-content\/uploads\/2026\/04\/luxury-engagement-in-mallorca-25.webp 1181w, https:\/\/www.inmadelvalle.com\/wp-content\/uploads\/2026\/04\/luxury-engagement-in-mallorca-25-300x200.webp 300w, https:\/\/www.inmadelvalle.com\/wp-content\/uploads\/2026\/04\/luxury-engagement-in-mallorca-25-1024x683.webp 1024w, https:\/\/www.inmadelvalle.com\/wp-content\/uploads\/2026\/04\/luxury-engagement-in-mallorca-25-768x512.webp 768w, https:\/\/www.inmadelvalle.com\/wp-content\/uploads\/2026\/04\/luxury-engagement-in-mallorca-25-585x390.webp 585w, https:\/\/www.inmadelvalle.com\/wp-content\/uploads\/2026\/04\/luxury-engagement-in-mallorca-25-263x175.webp 263w\" sizes=\"(max-width: 1181px) 100vw, 1181px\" \/>\t\t\t\t\t\t\t\t\t\t\t\t\t\t\t<\/div>\n\t\t\t\t<\/div>\n\t\t\t\t\t<\/div>\n\t\t<\/div>\n\t\t\t\t\t<\/div>\n\t\t<\/section>\n\t\t\t\t<section class=\"penci-section penci-disSticky penci-structure-10 elementor-section elementor-top-section elementor-element elementor-element-31b1495 elementor-section-boxed elementor-section-height-default elementor-section-height-default\" data-id=\"31b1495\" data-element_type=\"section\" data-e-type=\"section\">\n\t\t\t\t\t\t<div class=\"elementor-container elementor-column-gap-default\">\n\t\t\t\t\t<div class=\"penci-ercol-100 penci-ercol-order-1 penci-sticky-ct    elementor-column elementor-col-100 elementor-top-column elementor-element elementor-element-8cad0cb\" data-id=\"8cad0cb\" data-element_type=\"column\" data-e-type=\"column\">\n\t\t\t<div class=\"elementor-widget-wrap elementor-element-populated\">\n\t\t\t\t\t\t<div class=\"elementor-element elementor-element-2d63fce elementor-widget elementor-widget-text-editor\" data-id=\"2d63fce\" data-element_type=\"widget\" data-e-type=\"widget\" data-widget_type=\"text-editor.default\">\n\t\t\t\t<div class=\"elementor-widget-container\">\n\t\t\t\t\t\t\t\t\t<p><strong>Contact: infoinmadelvalle@gmail.com<\/strong><\/p>\t\t\t\t\t\t\t\t<\/div>\n\t\t\t\t<\/div>\n\t\t\t\t\t<\/div>\n\t\t<\/div>\n\t\t\t\t\t<\/div>\n\t\t<\/section>\n\t\t\t\t<section class=\"penci-section penci-disSticky penci-structure-10 elementor-section elementor-top-section elementor-element elementor-element-d7f49b6 elementor-section-boxed elementor-section-height-default elementor-section-height-default\" data-id=\"d7f49b6\" data-element_type=\"section\" data-e-type=\"section\">\n\t\t\t\t\t\t<div class=\"elementor-container elementor-column-gap-default\">\n\t\t\t\t\t<div class=\"penci-ercol-100 penci-ercol-order-1 penci-sticky-ct    elementor-column elementor-col-100 elementor-top-column elementor-element elementor-element-a8d6738\" data-id=\"a8d6738\" data-element_type=\"column\" data-e-type=\"column\">\n\t\t\t<div class=\"elementor-widget-wrap elementor-element-populated\">\n\t\t\t\t\t\t<div class=\"elementor-element elementor-element-400da15 e-transform e-transform elementor-widget elementor-widget-html\" data-id=\"400da15\" data-element_type=\"widget\" data-e-type=\"widget\" data-settings=\"{&quot;_transform_translateX_effect&quot;:{&quot;unit&quot;:&quot;px&quot;,&quot;size&quot;:12,&quot;sizes&quot;:[]},&quot;_transform_scale_effect&quot;:{&quot;unit&quot;:&quot;px&quot;,&quot;size&quot;:1.3,&quot;sizes&quot;:[]},&quot;_transform_translateX_effect_tablet&quot;:{&quot;unit&quot;:&quot;px&quot;,&quot;size&quot;:&quot;&quot;,&quot;sizes&quot;:[]},&quot;_transform_translateX_effect_mobile&quot;:{&quot;unit&quot;:&quot;px&quot;,&quot;size&quot;:&quot;&quot;,&quot;sizes&quot;:[]},&quot;_transform_translateY_effect&quot;:{&quot;unit&quot;:&quot;px&quot;,&quot;size&quot;:&quot;&quot;,&quot;sizes&quot;:[]},&quot;_transform_translateY_effect_tablet&quot;:{&quot;unit&quot;:&quot;px&quot;,&quot;size&quot;:&quot;&quot;,&quot;sizes&quot;:[]},&quot;_transform_translateY_effect_mobile&quot;:{&quot;unit&quot;:&quot;px&quot;,&quot;size&quot;:&quot;&quot;,&quot;sizes&quot;:[]},&quot;_transform_scale_effect_tablet&quot;:{&quot;unit&quot;:&quot;px&quot;,&quot;size&quot;:&quot;&quot;,&quot;sizes&quot;:[]},&quot;_transform_scale_effect_mobile&quot;:{&quot;unit&quot;:&quot;px&quot;,&quot;size&quot;:&quot;&quot;,&quot;sizes&quot;:[]}}\" data-widget_type=\"html.default\">\n\t\t\t\t<div class=\"elementor-widget-container\">\n\t\t\t\t\t<!-- Elegant Vogue-style font -->\n<link href=\"https:\/\/fonts.googleapis.com\/css2?family=Playfair+Display:wght@500;600&display=swap\" rel=\"stylesheet\">\n\n<style>\n.instagram-button-wrapper {\n  display: flex;\n  justify-content: center;\n  align-items: center;\n  padding: 20px 20px;\n  background-color: #ffffff;\n}\n\n.elegant-instagram-button {\n  display: inline-block;\n  background-color: #ffffff !important;\n  color: #000000 !important; \/* Forced to black *\/\n  border: 2px solid #e8b4cc;\n  padding: 16px 28px;\n  border-radius: 40px;\n  font-size: 14px;\n  font-weight: 500;\n  text-decoration: none !important;\n  font-family: 'Playfair Display', serif !important;\n  transition: all 0.3s ease;\n  box-shadow: 0 6px 16px rgba(0, 0, 0, 0.04);\n  max-width: 90%;\n  text-align: center;\n  line-height: 1.5;\n}\n\n.elegant-instagram-button:hover {\n  background-color: #fceef4 !important;\n  color: #000000 !important;\n  box-shadow: 0 10px 30px rgba(0, 0, 0, 0.06);\n}\n<\/style>\n\n<div class=\"instagram-button-wrapper\">\n  <a class=\"elegant-instagram-button\"\n     href=\"https:\/\/www.instagram.com\/inmadelvallephotography\/\"\n     target=\"_blank\"\n     rel=\"noopener noreferrer\">\n     Follow me on Instagram @inmadelvallephotography to see more proposals and weddings in Mallorca, Mexico, and Italy\n  <\/a>\n<\/div>\t\t\t\t<\/div>\n\t\t\t\t<\/div>\n\t\t\t\t\t<\/div>\n\t\t<\/div>\n\t\t\t\t\t<\/div>\n\t\t<\/section>\n\t\t\t\t<section class=\"penci-section penci-disSticky penci-structure-10 elementor-section elementor-top-section elementor-element elementor-element-f28ba19 elementor-section-boxed elementor-section-height-default elementor-section-height-default\" data-id=\"f28ba19\" data-element_type=\"section\" data-e-type=\"section\">\n\t\t\t\t\t\t<div class=\"elementor-container elementor-column-gap-default\">\n\t\t\t\t\t<div class=\"penci-ercol-100 penci-ercol-order-1 penci-sticky-ct    elementor-column elementor-col-100 elementor-top-column elementor-element elementor-element-8156fc9\" data-id=\"8156fc9\" data-element_type=\"column\" data-e-type=\"column\">\n\t\t\t<div class=\"elementor-widget-wrap elementor-element-populated\">\n\t\t\t\t\t\t<div class=\"elementor-element elementor-element-fbe000b e-transform e-transform elementor-widget elementor-widget-html\" data-id=\"fbe000b\" data-element_type=\"widget\" data-e-type=\"widget\" data-settings=\"{&quot;_transform_translateX_effect&quot;:{&quot;unit&quot;:&quot;px&quot;,&quot;size&quot;:12,&quot;sizes&quot;:[]},&quot;_transform_scale_effect&quot;:{&quot;unit&quot;:&quot;px&quot;,&quot;size&quot;:1.3,&quot;sizes&quot;:[]},&quot;_transform_translateX_effect_tablet&quot;:{&quot;unit&quot;:&quot;px&quot;,&quot;size&quot;:&quot;&quot;,&quot;sizes&quot;:[]},&quot;_transform_translateX_effect_mobile&quot;:{&quot;unit&quot;:&quot;px&quot;,&quot;size&quot;:&quot;&quot;,&quot;sizes&quot;:[]},&quot;_transform_translateY_effect&quot;:{&quot;unit&quot;:&quot;px&quot;,&quot;size&quot;:&quot;&quot;,&quot;sizes&quot;:[]},&quot;_transform_translateY_effect_tablet&quot;:{&quot;unit&quot;:&quot;px&quot;,&quot;size&quot;:&quot;&quot;,&quot;sizes&quot;:[]},&quot;_transform_translateY_effect_mobile&quot;:{&quot;unit&quot;:&quot;px&quot;,&quot;size&quot;:&quot;&quot;,&quot;sizes&quot;:[]},&quot;_transform_scale_effect_tablet&quot;:{&quot;unit&quot;:&quot;px&quot;,&quot;size&quot;:&quot;&quot;,&quot;sizes&quot;:[]},&quot;_transform_scale_effect_mobile&quot;:{&quot;unit&quot;:&quot;px&quot;,&quot;size&quot;:&quot;&quot;,&quot;sizes&quot;:[]}}\" data-widget_type=\"html.default\">\n\t\t\t\t<div class=\"elementor-widget-container\">\n\t\t\t\t\t<h2 style=\"text-align: center\">\n  <a class=\"typeform-share button\" href=\"mailto:infoinmadelvalle@gmail.com\" style=\"text-decoration: none;background-color: #8F7A35;color: white;cursor: pointer;font-family: UNNA, Arial, sans-serif;font-size: 20px;line-height: 50px;text-align: center;margin: 0;height: 50px;padding: 0px 33px;border-radius: 25px;max-width: 100%;overflow: hidden;font-weight: bold\">\n    Contact\n  <\/a>\n<\/h2>\n\t\t\t\t<\/div>\n\t\t\t\t<\/div>\n\t\t\t\t\t<\/div>\n\t\t<\/div>\n\t\t\t\t\t<\/div>\n\t\t<\/section>\n\t\t\t\t<section class=\"penci-section penci-disSticky penci-structure-10 elementor-section elementor-top-section elementor-element elementor-element-ef8d74b elementor-section-boxed elementor-section-height-default elementor-section-height-default\" data-id=\"ef8d74b\" data-element_type=\"section\" data-e-type=\"section\">\n\t\t\t\t\t\t<div class=\"elementor-container elementor-column-gap-default\">\n\t\t\t\t\t<div class=\"penci-ercol-100 penci-ercol-order-1 penci-sticky-ct    elementor-column elementor-col-100 elementor-top-column elementor-element elementor-element-ecb4478\" data-id=\"ecb4478\" data-element_type=\"column\" data-e-type=\"column\">\n\t\t\t<div class=\"elementor-widget-wrap elementor-element-populated\">\n\t\t\t\t\t\t<div class=\"elementor-element elementor-element-1c98ee2 elementor-widget elementor-widget-heading\" data-id=\"1c98ee2\" data-element_type=\"widget\" data-e-type=\"widget\" data-widget_type=\"heading.default\">\n\t\t\t\t<div class=\"elementor-widget-container\">\n\t\t\t\t\t<h3 class=\"elementor-heading-title elementor-size-default\">Inma del Valle wedding photographer in Mallorca, Mexico and Italy.<\/h3>\t\t\t\t<\/div>\n\t\t\t\t<\/div>\n\t\t\t\t\t<\/div>\n\t\t<\/div>\n\t\t\t\t\t<\/div>\n\t\t<\/section>\n\t\t\t\t<section class=\"penci-section penci-disSticky penci-structure-10 elementor-section elementor-top-section elementor-element elementor-element-0506b5f elementor-section-boxed elementor-section-height-default elementor-section-height-default\" data-id=\"0506b5f\" data-element_type=\"section\" data-e-type=\"section\">\n\t\t\t\t\t\t<div class=\"elementor-container elementor-column-gap-default\">\n\t\t\t\t\t<div class=\"penci-ercol-100 penci-ercol-order-1 penci-sticky-ct    elementor-column elementor-col-100 elementor-top-column elementor-element elementor-element-23a864f\" data-id=\"23a864f\" data-element_type=\"column\" data-e-type=\"column\">\n\t\t\t<div class=\"elementor-widget-wrap elementor-element-populated\">\n\t\t\t\t\t\t<div class=\"elementor-element elementor-element-3859d75 elementor-widget elementor-widget-heading\" data-id=\"3859d75\" data-element_type=\"widget\" data-e-type=\"widget\" data-widget_type=\"heading.default\">\n\t\t\t\t<div class=\"elementor-widget-container\">\n\t\t\t\t\t<h2 class=\"elementor-heading-title elementor-size-default\">Luxury engagement in Mallorca<\/h2>\t\t\t\t<\/div>\n\t\t\t\t<\/div>\n\t\t\t\t\t<\/div>\n\t\t<\/div>\n\t\t\t\t\t<\/div>\n\t\t<\/section>\n\t\t\t\t<\/div>\n\t\t\n\n<div class=\"kk-star-ratings kksr-auto kksr-align-center kksr-valign-bottom\"\n    data-payload='{&quot;align&quot;:&quot;center&quot;,&quot;id&quot;:&quot;61578&quot;,&quot;slug&quot;:&quot;default&quot;,&quot;valign&quot;:&quot;bottom&quot;,&quot;ignore&quot;:&quot;&quot;,&quot;reference&quot;:&quot;auto&quot;,&quot;class&quot;:&quot;&quot;,&quot;count&quot;:&quot;0&quot;,&quot;legendonly&quot;:&quot;&quot;,&quot;readonly&quot;:&quot;&quot;,&quot;score&quot;:&quot;0&quot;,&quot;starsonly&quot;:&quot;&quot;,&quot;best&quot;:&quot;5&quot;,&quot;gap&quot;:&quot;4&quot;,&quot;greet&quot;:&quot;Valora este art\u00edculo, gracias por tu opini\u00f3n&quot;,&quot;legend&quot;:&quot;0\\\/5 - (0 votes)&quot;,&quot;size&quot;:&quot;24&quot;,&quot;title&quot;:&quot;Luxury engagement in Mallorca&quot;,&quot;width&quot;:&quot;0&quot;,&quot;_legend&quot;:&quot;{score}\\\/{best} - ({count} {votes})&quot;,&quot;font_factor&quot;:&quot;1.25&quot;}'>\n            \n<div class=\"kksr-stars\">\n    \n<div class=\"kksr-stars-inactive\">\n            <div class=\"kksr-star\" data-star=\"1\" style=\"padding-right: 4px\">\n            \n\n<div class=\"kksr-icon\" style=\"width: 24px; height: 24px;\"><\/div>\n        <\/div>\n            <div class=\"kksr-star\" data-star=\"2\" style=\"padding-right: 4px\">\n            \n\n<div class=\"kksr-icon\" style=\"width: 24px; height: 24px;\"><\/div>\n        <\/div>\n            <div class=\"kksr-star\" data-star=\"3\" style=\"padding-right: 4px\">\n            \n\n<div class=\"kksr-icon\" style=\"width: 24px; height: 24px;\"><\/div>\n        <\/div>\n            <div class=\"kksr-star\" data-star=\"4\" style=\"padding-right: 4px\">\n            \n\n<div class=\"kksr-icon\" style=\"width: 24px; height: 24px;\"><\/div>\n        <\/div>\n            <div class=\"kksr-star\" data-star=\"5\" style=\"padding-right: 4px\">\n            \n\n<div class=\"kksr-icon\" style=\"width: 24px; height: 24px;\"><\/div>\n        <\/div>\n    <\/div>\n    \n<div class=\"kksr-stars-active\" style=\"width: 0px;\">\n            <div class=\"kksr-star\" style=\"padding-right: 4px\">\n            \n\n<div class=\"kksr-icon\" style=\"width: 24px; height: 24px;\"><\/div>\n        <\/div>\n            <div class=\"kksr-star\" style=\"padding-right: 4px\">\n            \n\n<div class=\"kksr-icon\" style=\"width: 24px; height: 24px;\"><\/div>\n        <\/div>\n            <div class=\"kksr-star\" style=\"padding-right: 4px\">\n            \n\n<div class=\"kksr-icon\" style=\"width: 24px; height: 24px;\"><\/div>\n        <\/div>\n            <div class=\"kksr-star\" style=\"padding-right: 4px\">\n            \n\n<div class=\"kksr-icon\" style=\"width: 24px; height: 24px;\"><\/div>\n        <\/div>\n            <div class=\"kksr-star\" style=\"padding-right: 4px\">\n            \n\n<div class=\"kksr-icon\" style=\"width: 24px; height: 24px;\"><\/div>\n        <\/div>\n    <\/div>\n<\/div>\n                \n\n<div class=\"kksr-legend\" style=\"font-size: 19.2px;\">\n            <span class=\"kksr-muted\">Valora este art\u00edculo, gracias por tu opini\u00f3n<\/span>\n    <\/div>\n    <\/div>\n","protected":false},"excerpt":{"rendered":"<p>Luxury engagement in Mallorca. The Mediterranean light, the gentle sound of the sea, and an elegant setting turn any moment&hellip;<\/p>\n","protected":false},"author":6,"featured_media":61604,"comment_status":"open","ping_status":"open","sticky":false,"template":"","format":"standard","meta":{"_acf_changed":false,"_lmt_disableupdate":"","_lmt_disable":"","footnotes":""},"categories":[187,5037,5164],"tags":[5442,5120,5441],"class_list":["post-61578","post","type-post","status-publish","format-standard","has-post-thumbnail","hentry","category-wedding-photographer-mallorca-en","category-engagement-in-mallorca","category-engagement-mallorca","tag-luxury-marriage-proposal-in-mallorca","tag-marriage-proposal-photography-in-mallorca","tag-photographer-luxury-marriage-proposal-mallorca"],"acf":[],"yoast_head":"<!-- This site is optimized with the Yoast SEO Premium plugin v27.5 (Yoast SEO v27.5) - https:\/\/yoast.com\/product\/yoast-seo-premium-wordpress\/ -->\n<title>Luxury engagement in Mallorca by Inma del Valle Photography.<\/title>\n<meta name=\"description\" content=\"Luxury engagement in Mallorca by Inma del Valle Photography. Create a unique moment with elegant d\u00e9cor and professional photography.\" \/>\n<meta name=\"robots\" content=\"index, follow, max-snippet:-1, max-image-preview:large, max-video-preview:-1\" \/>\n<link rel=\"canonical\" href=\"https:\/\/www.inmadelvalle.com\/en\/luxury-engagement-in-mallorca\/\" \/>\n<meta property=\"og:locale\" content=\"en_US\" \/>\n<meta property=\"og:type\" content=\"article\" \/>\n<meta property=\"og:title\" content=\"Luxury engagement in Mallorca\" \/>\n<meta property=\"og:description\" content=\"Luxury engagement in Mallorca by Inma del Valle Photography. Create a unique moment with elegant d\u00e9cor and professional photography.\" \/>\n<meta property=\"og:url\" content=\"https:\/\/www.inmadelvalle.com\/en\/luxury-engagement-in-mallorca\/\" \/>\n<meta property=\"og:site_name\" content=\"[English] Photographers Mallorca | Inma del Valle | Wedding photographers Mallorca\" \/>\n<meta property=\"article:publisher\" content=\"https:\/\/es-la.facebook.com\/InmadelValle\" \/>\n<meta property=\"article:published_time\" content=\"2026-04-30T15:34:34+00:00\" \/>\n<meta property=\"article:modified_time\" content=\"2026-04-30T15:35:18+00:00\" \/>\n<meta property=\"og:image\" content=\"https:\/\/www.inmadelvalle.com\/wp-content\/uploads\/2026\/04\/luxury-engagement-in-mallorca-06.webp\" \/>\n\t<meta property=\"og:image:width\" content=\"1181\" \/>\n\t<meta property=\"og:image:height\" content=\"788\" \/>\n\t<meta property=\"og:image:type\" content=\"image\/webp\" \/>\n<meta name=\"author\" content=\"Inma del Valle bueno\" \/>\n<meta name=\"twitter:card\" content=\"summary_large_image\" \/>\n<meta name=\"twitter:creator\" content=\"@Emibel1984\" \/>\n<meta name=\"twitter:site\" content=\"@Emibel1984\" \/>\n<meta name=\"twitter:label1\" content=\"Written by\" \/>\n\t<meta name=\"twitter:data1\" content=\"Inma del Valle bueno\" \/>\n\t<meta name=\"twitter:label2\" content=\"Est. reading time\" \/>\n\t<meta name=\"twitter:data2\" content=\"11 minutes\" \/>\n<script type=\"application\/ld+json\" class=\"yoast-schema-graph\">{\"@context\":\"https:\\\/\\\/schema.org\",\"@graph\":[{\"@type\":\"Article\",\"@id\":\"https:\\\/\\\/www.inmadelvalle.com\\\/en\\\/luxury-engagement-in-mallorca\\\/#article\",\"isPartOf\":{\"@id\":\"https:\\\/\\\/www.inmadelvalle.com\\\/en\\\/luxury-engagement-in-mallorca\\\/\"},\"author\":{\"name\":\"Inma del Valle bueno\",\"@id\":\"https:\\\/\\\/www.inmadelvalle.com\\\/en\\\/#\\\/schema\\\/person\\\/f94481be855aef5eb03d66daea5f63a0\"},\"headline\":\"Luxury engagement in Mallorca\",\"datePublished\":\"2026-04-30T15:34:34+00:00\",\"dateModified\":\"2026-04-30T15:35:18+00:00\",\"mainEntityOfPage\":{\"@id\":\"https:\\\/\\\/www.inmadelvalle.com\\\/en\\\/luxury-engagement-in-mallorca\\\/\"},\"wordCount\":1011,\"commentCount\":0,\"publisher\":{\"@id\":\"https:\\\/\\\/www.inmadelvalle.com\\\/en\\\/#organization\"},\"image\":{\"@id\":\"https:\\\/\\\/www.inmadelvalle.com\\\/en\\\/luxury-engagement-in-mallorca\\\/#primaryimage\"},\"thumbnailUrl\":\"https:\\\/\\\/www.inmadelvalle.com\\\/wp-content\\\/uploads\\\/2026\\\/04\\\/luxury-engagement-in-mallorca-06.webp\",\"keywords\":[\"Luxury marriage proposal in Mallorca\",\"Marriage proposal photography in Mallorca\",\"Photographer luxury marriage proposal Mallorca\"],\"articleSection\":[\"blog\",\"engagement in mallorca\",\"Marriage proposal\"],\"inLanguage\":\"en-US\",\"potentialAction\":[{\"@type\":\"CommentAction\",\"name\":\"Comment\",\"target\":[\"https:\\\/\\\/www.inmadelvalle.com\\\/en\\\/luxury-engagement-in-mallorca\\\/#respond\"]}]},{\"@type\":\"WebPage\",\"@id\":\"https:\\\/\\\/www.inmadelvalle.com\\\/en\\\/luxury-engagement-in-mallorca\\\/\",\"url\":\"https:\\\/\\\/www.inmadelvalle.com\\\/en\\\/luxury-engagement-in-mallorca\\\/\",\"name\":\"Luxury engagement in Mallorca by Inma del Valle Photography.\",\"isPartOf\":{\"@id\":\"https:\\\/\\\/www.inmadelvalle.com\\\/en\\\/#website\"},\"primaryImageOfPage\":{\"@id\":\"https:\\\/\\\/www.inmadelvalle.com\\\/en\\\/luxury-engagement-in-mallorca\\\/#primaryimage\"},\"image\":{\"@id\":\"https:\\\/\\\/www.inmadelvalle.com\\\/en\\\/luxury-engagement-in-mallorca\\\/#primaryimage\"},\"thumbnailUrl\":\"https:\\\/\\\/www.inmadelvalle.com\\\/wp-content\\\/uploads\\\/2026\\\/04\\\/luxury-engagement-in-mallorca-06.webp\",\"datePublished\":\"2026-04-30T15:34:34+00:00\",\"dateModified\":\"2026-04-30T15:35:18+00:00\",\"description\":\"Luxury engagement in Mallorca by Inma del Valle Photography. Create a unique moment with elegant d\u00e9cor and professional photography.\",\"breadcrumb\":{\"@id\":\"https:\\\/\\\/www.inmadelvalle.com\\\/en\\\/luxury-engagement-in-mallorca\\\/#breadcrumb\"},\"inLanguage\":\"en-US\",\"potentialAction\":[{\"@type\":\"ReadAction\",\"target\":[\"https:\\\/\\\/www.inmadelvalle.com\\\/en\\\/luxury-engagement-in-mallorca\\\/\"]}]},{\"@type\":\"ImageObject\",\"inLanguage\":\"en-US\",\"@id\":\"https:\\\/\\\/www.inmadelvalle.com\\\/en\\\/luxury-engagement-in-mallorca\\\/#primaryimage\",\"url\":\"https:\\\/\\\/www.inmadelvalle.com\\\/wp-content\\\/uploads\\\/2026\\\/04\\\/luxury-engagement-in-mallorca-06.webp\",\"contentUrl\":\"https:\\\/\\\/www.inmadelvalle.com\\\/wp-content\\\/uploads\\\/2026\\\/04\\\/luxury-engagement-in-mallorca-06.webp\",\"width\":1181,\"height\":788,\"caption\":\"The most anticipated moment: the question that changes everything.\"},{\"@type\":\"BreadcrumbList\",\"@id\":\"https:\\\/\\\/www.inmadelvalle.com\\\/en\\\/luxury-engagement-in-mallorca\\\/#breadcrumb\",\"itemListElement\":[{\"@type\":\"ListItem\",\"position\":1,\"name\":\"Portada\",\"item\":\"https:\\\/\\\/www.inmadelvalle.com\\\/en\\\/\"},{\"@type\":\"ListItem\",\"position\":2,\"name\":\"Luxury engagement in Mallorca\"}]},{\"@type\":\"WebSite\",\"@id\":\"https:\\\/\\\/www.inmadelvalle.com\\\/en\\\/#website\",\"url\":\"https:\\\/\\\/www.inmadelvalle.com\\\/en\\\/\",\"name\":\"[English] Photographers Mallorca | Inma del Valle | Wedding photographers Mallorca\",\"description\":\"[English] Fot\u00f3grafo en Mallorca | Inma del Valle | Fot\u00f3grafos de bodas en Mallorca | Ten un recuerdo original y elegante del d\u00eda de tu boda. Wedding photographer.\",\"publisher\":{\"@id\":\"https:\\\/\\\/www.inmadelvalle.com\\\/en\\\/#organization\"},\"potentialAction\":[{\"@type\":\"SearchAction\",\"target\":{\"@type\":\"EntryPoint\",\"urlTemplate\":\"https:\\\/\\\/www.inmadelvalle.com\\\/en\\\/?s={search_term_string}\"},\"query-input\":{\"@type\":\"PropertyValueSpecification\",\"valueRequired\":true,\"valueName\":\"search_term_string\"}}],\"inLanguage\":\"en-US\"},{\"@type\":\"Organization\",\"@id\":\"https:\\\/\\\/www.inmadelvalle.com\\\/en\\\/#organization\",\"name\":\"Inma del Valle fotograf\u00eda\",\"url\":\"https:\\\/\\\/www.inmadelvalle.com\\\/en\\\/\",\"logo\":{\"@type\":\"ImageObject\",\"inLanguage\":\"en-US\",\"@id\":\"https:\\\/\\\/www.inmadelvalle.com\\\/en\\\/#\\\/schema\\\/logo\\\/image\\\/\",\"url\":\"https:\\\/\\\/www.inmadelvalle.com\\\/wp-content\\\/uploads\\\/2018\\\/11\\\/foto\u0301grafo-en-mallorca-logo.png\",\"contentUrl\":\"https:\\\/\\\/www.inmadelvalle.com\\\/wp-content\\\/uploads\\\/2018\\\/11\\\/foto\u0301grafo-en-mallorca-logo.png\",\"width\":486,\"height\":408,\"caption\":\"Inma del Valle fotograf\u00eda\"},\"image\":{\"@id\":\"https:\\\/\\\/www.inmadelvalle.com\\\/en\\\/#\\\/schema\\\/logo\\\/image\\\/\"},\"sameAs\":[\"https:\\\/\\\/es-la.facebook.com\\\/InmadelValle\",\"https:\\\/\\\/x.com\\\/Emibel1984\",\"https:\\\/\\\/www.instagram.com\\\/inmadelvallephotography\\\/\",\"https:\\\/\\\/www.linkedin.com\\\/in\\\/inmadelvalle\\\/\",\"https:\\\/\\\/www.pinterest.es\\\/inmadelvalle\\\/\"],\"description\":\"Destination wedding photographer based in Mallorca, specializing in luxury and intimate weddings across Mallorca, Ibiza, Italy and Mexico. Known for a natural, editorial and emotion driven approach, offering a personalized experience for couples from all over the world.\",\"email\":\"infoinmadelvalle@gmail.com\",\"telephone\":\"+34616866588\",\"legalName\":\"Inma del Valle fotograf\u00eda\"},{\"@type\":\"Person\",\"@id\":\"https:\\\/\\\/www.inmadelvalle.com\\\/en\\\/#\\\/schema\\\/person\\\/f94481be855aef5eb03d66daea5f63a0\",\"name\":\"Inma del Valle bueno\",\"image\":{\"@type\":\"ImageObject\",\"inLanguage\":\"en-US\",\"@id\":\"https:\\\/\\\/secure.gravatar.com\\\/avatar\\\/ea904d2bb0314860683cb151385904055a4f14eb3d9d9b9d94b3afc96e1507fb?s=96&d=mm&r=g\",\"url\":\"https:\\\/\\\/secure.gravatar.com\\\/avatar\\\/ea904d2bb0314860683cb151385904055a4f14eb3d9d9b9d94b3afc96e1507fb?s=96&d=mm&r=g\",\"contentUrl\":\"https:\\\/\\\/secure.gravatar.com\\\/avatar\\\/ea904d2bb0314860683cb151385904055a4f14eb3d9d9b9d94b3afc96e1507fb?s=96&d=mm&r=g\",\"caption\":\"Inma del Valle bueno\"}}]}<\/script>\n<!-- \/ Yoast SEO Premium plugin. -->","yoast_head_json":{"title":"Luxury engagement in Mallorca by Inma del Valle Photography.","description":"Luxury engagement in Mallorca by Inma del Valle Photography. Create a unique moment with elegant d\u00e9cor and professional photography.","robots":{"index":"index","follow":"follow","max-snippet":"max-snippet:-1","max-image-preview":"max-image-preview:large","max-video-preview":"max-video-preview:-1"},"canonical":"https:\/\/www.inmadelvalle.com\/en\/luxury-engagement-in-mallorca\/","og_locale":"en_US","og_type":"article","og_title":"Luxury engagement in Mallorca","og_description":"Luxury engagement in Mallorca by Inma del Valle Photography. Create a unique moment with elegant d\u00e9cor and professional photography.","og_url":"https:\/\/www.inmadelvalle.com\/en\/luxury-engagement-in-mallorca\/","og_site_name":"[English] Photographers Mallorca | Inma del Valle | Wedding photographers Mallorca","article_publisher":"https:\/\/es-la.facebook.com\/InmadelValle","article_published_time":"2026-04-30T15:34:34+00:00","article_modified_time":"2026-04-30T15:35:18+00:00","og_image":[{"width":1181,"height":788,"url":"https:\/\/www.inmadelvalle.com\/wp-content\/uploads\/2026\/04\/luxury-engagement-in-mallorca-06.webp","type":"image\/webp"}],"author":"Inma del Valle bueno","twitter_card":"summary_large_image","twitter_creator":"@Emibel1984","twitter_site":"@Emibel1984","twitter_misc":{"Written by":"Inma del Valle bueno","Est. reading time":"11 minutes"},"schema":{"@context":"https:\/\/schema.org","@graph":[{"@type":"Article","@id":"https:\/\/www.inmadelvalle.com\/en\/luxury-engagement-in-mallorca\/#article","isPartOf":{"@id":"https:\/\/www.inmadelvalle.com\/en\/luxury-engagement-in-mallorca\/"},"author":{"name":"Inma del Valle bueno","@id":"https:\/\/www.inmadelvalle.com\/en\/#\/schema\/person\/f94481be855aef5eb03d66daea5f63a0"},"headline":"Luxury engagement in Mallorca","datePublished":"2026-04-30T15:34:34+00:00","dateModified":"2026-04-30T15:35:18+00:00","mainEntityOfPage":{"@id":"https:\/\/www.inmadelvalle.com\/en\/luxury-engagement-in-mallorca\/"},"wordCount":1011,"commentCount":0,"publisher":{"@id":"https:\/\/www.inmadelvalle.com\/en\/#organization"},"image":{"@id":"https:\/\/www.inmadelvalle.com\/en\/luxury-engagement-in-mallorca\/#primaryimage"},"thumbnailUrl":"https:\/\/www.inmadelvalle.com\/wp-content\/uploads\/2026\/04\/luxury-engagement-in-mallorca-06.webp","keywords":["Luxury marriage proposal in Mallorca","Marriage proposal photography in Mallorca","Photographer luxury marriage proposal Mallorca"],"articleSection":["blog","engagement in mallorca","Marriage proposal"],"inLanguage":"en-US","potentialAction":[{"@type":"CommentAction","name":"Comment","target":["https:\/\/www.inmadelvalle.com\/en\/luxury-engagement-in-mallorca\/#respond"]}]},{"@type":"WebPage","@id":"https:\/\/www.inmadelvalle.com\/en\/luxury-engagement-in-mallorca\/","url":"https:\/\/www.inmadelvalle.com\/en\/luxury-engagement-in-mallorca\/","name":"Luxury engagement in Mallorca by Inma del Valle Photography.","isPartOf":{"@id":"https:\/\/www.inmadelvalle.com\/en\/#website"},"primaryImageOfPage":{"@id":"https:\/\/www.inmadelvalle.com\/en\/luxury-engagement-in-mallorca\/#primaryimage"},"image":{"@id":"https:\/\/www.inmadelvalle.com\/en\/luxury-engagement-in-mallorca\/#primaryimage"},"thumbnailUrl":"https:\/\/www.inmadelvalle.com\/wp-content\/uploads\/2026\/04\/luxury-engagement-in-mallorca-06.webp","datePublished":"2026-04-30T15:34:34+00:00","dateModified":"2026-04-30T15:35:18+00:00","description":"Luxury engagement in Mallorca by Inma del Valle Photography. Create a unique moment with elegant d\u00e9cor and professional photography.","breadcrumb":{"@id":"https:\/\/www.inmadelvalle.com\/en\/luxury-engagement-in-mallorca\/#breadcrumb"},"inLanguage":"en-US","potentialAction":[{"@type":"ReadAction","target":["https:\/\/www.inmadelvalle.com\/en\/luxury-engagement-in-mallorca\/"]}]},{"@type":"ImageObject","inLanguage":"en-US","@id":"https:\/\/www.inmadelvalle.com\/en\/luxury-engagement-in-mallorca\/#primaryimage","url":"https:\/\/www.inmadelvalle.com\/wp-content\/uploads\/2026\/04\/luxury-engagement-in-mallorca-06.webp","contentUrl":"https:\/\/www.inmadelvalle.com\/wp-content\/uploads\/2026\/04\/luxury-engagement-in-mallorca-06.webp","width":1181,"height":788,"caption":"The most anticipated moment: the question that changes everything."},{"@type":"BreadcrumbList","@id":"https:\/\/www.inmadelvalle.com\/en\/luxury-engagement-in-mallorca\/#breadcrumb","itemListElement":[{"@type":"ListItem","position":1,"name":"Portada","item":"https:\/\/www.inmadelvalle.com\/en\/"},{"@type":"ListItem","position":2,"name":"Luxury engagement in Mallorca"}]},{"@type":"WebSite","@id":"https:\/\/www.inmadelvalle.com\/en\/#website","url":"https:\/\/www.inmadelvalle.com\/en\/","name":"[English] Photographers Mallorca | Inma del Valle | Wedding photographers Mallorca","description":"[English] Fot\u00f3grafo en Mallorca | Inma del Valle | Fot\u00f3grafos de bodas en Mallorca | Ten un recuerdo original y elegante del d\u00eda de tu boda. Wedding photographer.","publisher":{"@id":"https:\/\/www.inmadelvalle.com\/en\/#organization"},"potentialAction":[{"@type":"SearchAction","target":{"@type":"EntryPoint","urlTemplate":"https:\/\/www.inmadelvalle.com\/en\/?s={search_term_string}"},"query-input":{"@type":"PropertyValueSpecification","valueRequired":true,"valueName":"search_term_string"}}],"inLanguage":"en-US"},{"@type":"Organization","@id":"https:\/\/www.inmadelvalle.com\/en\/#organization","name":"Inma del Valle fotograf\u00eda","url":"https:\/\/www.inmadelvalle.com\/en\/","logo":{"@type":"ImageObject","inLanguage":"en-US","@id":"https:\/\/www.inmadelvalle.com\/en\/#\/schema\/logo\/image\/","url":"https:\/\/www.inmadelvalle.com\/wp-content\/uploads\/2018\/11\/foto\u0301grafo-en-mallorca-logo.png","contentUrl":"https:\/\/www.inmadelvalle.com\/wp-content\/uploads\/2018\/11\/foto\u0301grafo-en-mallorca-logo.png","width":486,"height":408,"caption":"Inma del Valle fotograf\u00eda"},"image":{"@id":"https:\/\/www.inmadelvalle.com\/en\/#\/schema\/logo\/image\/"},"sameAs":["https:\/\/es-la.facebook.com\/InmadelValle","https:\/\/x.com\/Emibel1984","https:\/\/www.instagram.com\/inmadelvallephotography\/","https:\/\/www.linkedin.com\/in\/inmadelvalle\/","https:\/\/www.pinterest.es\/inmadelvalle\/"],"description":"Destination wedding photographer based in Mallorca, specializing in luxury and intimate weddings across Mallorca, Ibiza, Italy and Mexico. Known for a natural, editorial and emotion driven approach, offering a personalized experience for couples from all over the world.","email":"infoinmadelvalle@gmail.com","telephone":"+34616866588","legalName":"Inma del Valle fotograf\u00eda"},{"@type":"Person","@id":"https:\/\/www.inmadelvalle.com\/en\/#\/schema\/person\/f94481be855aef5eb03d66daea5f63a0","name":"Inma del Valle bueno","image":{"@type":"ImageObject","inLanguage":"en-US","@id":"https:\/\/secure.gravatar.com\/avatar\/ea904d2bb0314860683cb151385904055a4f14eb3d9d9b9d94b3afc96e1507fb?s=96&d=mm&r=g","url":"https:\/\/secure.gravatar.com\/avatar\/ea904d2bb0314860683cb151385904055a4f14eb3d9d9b9d94b3afc96e1507fb?s=96&d=mm&r=g","contentUrl":"https:\/\/secure.gravatar.com\/avatar\/ea904d2bb0314860683cb151385904055a4f14eb3d9d9b9d94b3afc96e1507fb?s=96&d=mm&r=g","caption":"Inma del Valle bueno"}}]}},"_links":{"self":[{"href":"https:\/\/www.inmadelvalle.com\/en\/wp-json\/wp\/v2\/posts\/61578","targetHints":{"allow":["GET"]}}],"collection":[{"href":"https:\/\/www.inmadelvalle.com\/en\/wp-json\/wp\/v2\/posts"}],"about":[{"href":"https:\/\/www.inmadelvalle.com\/en\/wp-json\/wp\/v2\/types\/post"}],"author":[{"embeddable":true,"href":"https:\/\/www.inmadelvalle.com\/en\/wp-json\/wp\/v2\/users\/6"}],"replies":[{"embeddable":true,"href":"https:\/\/www.inmadelvalle.com\/en\/wp-json\/wp\/v2\/comments?post=61578"}],"version-history":[{"count":5,"href":"https:\/\/www.inmadelvalle.com\/en\/wp-json\/wp\/v2\/posts\/61578\/revisions"}],"predecessor-version":[{"id":61649,"href":"https:\/\/www.inmadelvalle.com\/en\/wp-json\/wp\/v2\/posts\/61578\/revisions\/61649"}],"wp:featuredmedia":[{"embeddable":true,"href":"https:\/\/www.inmadelvalle.com\/en\/wp-json\/wp\/v2\/media\/61604"}],"wp:attachment":[{"href":"https:\/\/www.inmadelvalle.com\/en\/wp-json\/wp\/v2\/media?parent=61578"}],"wp:term":[{"taxonomy":"category","embeddable":true,"href":"https:\/\/www.inmadelvalle.com\/en\/wp-json\/wp\/v2\/categories?post=61578"},{"taxonomy":"post_tag","embeddable":true,"href":"https:\/\/www.inmadelvalle.com\/en\/wp-json\/wp\/v2\/tags?post=61578"}],"curies":[{"name":"wp","href":"https:\/\/api.w.org\/{rel}","templated":true}]}}