{"id":61650,"date":"2026-04-30T17:36:11","date_gmt":"2026-04-30T15:36:11","guid":{"rendered":"https:\/\/www.inmadelvalle.com\/?p=61650"},"modified":"2026-04-30T17:36:20","modified_gmt":"2026-04-30T15:36:20","slug":"family-maternity-photoshoot-mallorca","status":"publish","type":"post","link":"https:\/\/www.inmadelvalle.com\/en\/family-maternity-photoshoot-mallorca\/","title":{"rendered":"Family maternity photoshoot Mallorca"},"content":{"rendered":"\t\t<div data-elementor-type=\"wp-post\" data-elementor-id=\"61650\" class=\"elementor elementor-61650\">\n\t\t\t\t\t\t<section class=\"penci-section penci-disSticky penci-structure-10 elementor-section elementor-top-section elementor-element elementor-element-ac75031 elementor-section-boxed elementor-section-height-default elementor-section-height-default\" data-id=\"ac75031\" data-element_type=\"section\" data-e-type=\"section\">\n\t\t\t\t\t\t<div class=\"elementor-container elementor-column-gap-default\">\n\t\t\t\t\t<div class=\"penci-ercol-100 penci-ercol-order-1 penci-sticky-ct    elementor-column elementor-col-100 elementor-top-column elementor-element elementor-element-fb804ba\" data-id=\"fb804ba\" data-element_type=\"column\" data-e-type=\"column\">\n\t\t\t<div class=\"elementor-widget-wrap elementor-element-populated\">\n\t\t\t\t\t\t<div class=\"elementor-element elementor-element-d358ef2 elementor-widget elementor-widget-text-editor\" data-id=\"d358ef2\" data-element_type=\"widget\" data-e-type=\"widget\" data-widget_type=\"text-editor.default\">\n\t\t\t\t<div class=\"elementor-widget-container\">\n\t\t\t\t\t\t\t\t\t<p>Family maternity photoshoot Mallorca.<\/p>\t\t\t\t\t\t\t\t<\/div>\n\t\t\t\t<\/div>\n\t\t\t\t\t<\/div>\n\t\t<\/div>\n\t\t\t\t\t<\/div>\n\t\t<\/section>\n\t\t\t\t<section class=\"penci-section penci-disSticky penci-structure-10 elementor-section elementor-top-section elementor-element elementor-element-bad187b elementor-section-boxed elementor-section-height-default elementor-section-height-default\" data-id=\"bad187b\" data-element_type=\"section\" data-e-type=\"section\">\n\t\t\t\t\t\t<div class=\"elementor-container elementor-column-gap-default\">\n\t\t\t\t\t<div class=\"penci-ercol-100 penci-ercol-order-1 penci-sticky-ct    elementor-column elementor-col-100 elementor-top-column elementor-element elementor-element-de39061\" data-id=\"de39061\" data-element_type=\"column\" data-e-type=\"column\">\n\t\t\t<div class=\"elementor-widget-wrap elementor-element-populated\">\n\t\t\t\t\t\t<div class=\"elementor-element elementor-element-c5626db elementor-widget elementor-widget-text-editor\" data-id=\"c5626db\" data-element_type=\"widget\" data-e-type=\"widget\" data-widget_type=\"text-editor.default\">\n\t\t\t\t<div class=\"elementor-widget-container\">\n\t\t\t\t\t\t\t\t\t<h2 class=\"p1\"><b>A natural pregnancy and family photoshoot in Mallorca by the sea<\/b><\/h2>\t\t\t\t\t\t\t\t<\/div>\n\t\t\t\t<\/div>\n\t\t\t\t\t<\/div>\n\t\t<\/div>\n\t\t\t\t\t<\/div>\n\t\t<\/section>\n\t\t\t\t<section class=\"penci-section penci-disSticky penci-structure-10 elementor-section elementor-top-section elementor-element elementor-element-bf891b6 elementor-section-boxed elementor-section-height-default elementor-section-height-default\" data-id=\"bf891b6\" data-element_type=\"section\" data-e-type=\"section\">\n\t\t\t\t\t\t<div class=\"elementor-container elementor-column-gap-default\">\n\t\t\t\t\t<div class=\"penci-ercol-100 penci-ercol-order-1 penci-sticky-ct    elementor-column elementor-col-100 elementor-top-column elementor-element elementor-element-7a3baf0\" data-id=\"7a3baf0\" data-element_type=\"column\" data-e-type=\"column\">\n\t\t\t<div class=\"elementor-widget-wrap elementor-element-populated\">\n\t\t\t\t\t\t<div class=\"elementor-element elementor-element-7492efe elementor-widget elementor-widget-text-editor\" data-id=\"7492efe\" data-element_type=\"widget\" data-e-type=\"widget\" data-widget_type=\"text-editor.default\">\n\t\t\t\t<div class=\"elementor-widget-container\">\n\t\t\t\t\t\t\t\t\t<p class=\"p1\">There are moments in life that deserve to be remembered exactly as they feel. This <b>pregnancy and family photoshoot in Mallorca<\/b> was one of those moments, calm, emotional, and full of connection. Coralie and her family traveled from Nice in France to enjoy a few days on the island. She was six months pregnant, expecting their baby boy, Artur.<\/p>\t\t\t\t\t\t\t\t<\/div>\n\t\t\t\t<\/div>\n\t\t\t\t\t<\/div>\n\t\t<\/div>\n\t\t\t\t\t<\/div>\n\t\t<\/section>\n\t\t\t\t<section class=\"penci-section penci-disSticky penci-structure-10 elementor-section elementor-top-section elementor-element elementor-element-610ea40 elementor-section-full_width elementor-section-height-default elementor-section-height-default\" data-id=\"610ea40\" data-element_type=\"section\" data-e-type=\"section\">\n\t\t\t\t\t\t<div class=\"elementor-container elementor-column-gap-default\">\n\t\t\t\t\t<div class=\"penci-ercol-100 penci-ercol-order-1 penci-sticky-ct    elementor-column elementor-col-100 elementor-top-column elementor-element elementor-element-6cebcc0\" data-id=\"6cebcc0\" data-element_type=\"column\" data-e-type=\"column\">\n\t\t\t<div class=\"elementor-widget-wrap elementor-element-populated\">\n\t\t\t\t\t\t<div class=\"elementor-element elementor-element-cfc06a1 elementor-widget elementor-widget-image\" data-id=\"cfc06a1\" data-element_type=\"widget\" data-e-type=\"widget\" data-widget_type=\"image.default\">\n\t\t\t\t<div class=\"elementor-widget-container\">\n\t\t\t\t\t\t\t\t\t\t\t\t\t\t\t<img fetchpriority=\"high\" decoding=\"async\" width=\"787\" height=\"1181\" src=\"https:\/\/www.inmadelvalle.com\/wp-content\/uploads\/2026\/04\/family-maternity-photoshoot-mallorca-10.webp\" class=\"attachment-full size-full wp-image-61674\" alt=\"father carrying daughter on shoulders while kissing mother during a family maternity photoshoot Mallorca\" srcset=\"https:\/\/www.inmadelvalle.com\/wp-content\/uploads\/2026\/04\/family-maternity-photoshoot-mallorca-10.webp 787w, https:\/\/www.inmadelvalle.com\/wp-content\/uploads\/2026\/04\/family-maternity-photoshoot-mallorca-10-200x300.webp 200w, https:\/\/www.inmadelvalle.com\/wp-content\/uploads\/2026\/04\/family-maternity-photoshoot-mallorca-10-682x1024.webp 682w, https:\/\/www.inmadelvalle.com\/wp-content\/uploads\/2026\/04\/family-maternity-photoshoot-mallorca-10-768x1152.webp 768w, https:\/\/www.inmadelvalle.com\/wp-content\/uploads\/2026\/04\/family-maternity-photoshoot-mallorca-10-585x878.webp 585w\" sizes=\"(max-width: 787px) 100vw, 787px\" \/>\t\t\t\t\t\t\t\t\t\t\t\t\t\t\t<\/div>\n\t\t\t\t<\/div>\n\t\t\t\t\t<\/div>\n\t\t<\/div>\n\t\t\t\t\t<\/div>\n\t\t<\/section>\n\t\t\t\t<section class=\"penci-section penci-disSticky penci-structure-10 elementor-section elementor-top-section elementor-element elementor-element-fc441ae elementor-section-boxed elementor-section-height-default elementor-section-height-default\" data-id=\"fc441ae\" data-element_type=\"section\" data-e-type=\"section\">\n\t\t\t\t\t\t<div class=\"elementor-container elementor-column-gap-default\">\n\t\t\t\t\t<div class=\"penci-ercol-100 penci-ercol-order-1 penci-sticky-ct    elementor-column elementor-col-100 elementor-top-column elementor-element elementor-element-3f37769\" data-id=\"3f37769\" data-element_type=\"column\" data-e-type=\"column\">\n\t\t\t<div class=\"elementor-widget-wrap elementor-element-populated\">\n\t\t\t\t\t\t<div class=\"elementor-element elementor-element-dbbe430 elementor-widget elementor-widget-text-editor\" data-id=\"dbbe430\" data-element_type=\"widget\" data-e-type=\"widget\" data-widget_type=\"text-editor.default\">\n\t\t\t\t<div class=\"elementor-widget-container\">\n\t\t\t\t\t\t\t\t\t<p class=\"p1\">Their daughter, Cloe, brought a beautiful sense of spontaneity to the <a href=\"https:\/\/www.inmadelvalle.com\/en\/family-photoshoot-mallorca\/\"><strong>family session in Mallorca<\/strong><\/a>, turning every moment into something real and alive. From the very beginning, the goal was simple. Create a relaxed experience where the family could just be themselves, while capturing this special stage of their lives.<\/p>\t\t\t\t\t\t\t\t<\/div>\n\t\t\t\t<\/div>\n\t\t\t\t\t<\/div>\n\t\t<\/div>\n\t\t\t\t\t<\/div>\n\t\t<\/section>\n\t\t\t\t<section class=\"penci-section penci-disSticky penci-structure-10 elementor-section elementor-top-section elementor-element elementor-element-6c90c2b elementor-section-full_width elementor-section-height-default elementor-section-height-default\" data-id=\"6c90c2b\" data-element_type=\"section\" data-e-type=\"section\">\n\t\t\t\t\t\t<div class=\"elementor-container elementor-column-gap-default\">\n\t\t\t\t\t<div class=\"penci-ercol-100 penci-ercol-order-1 penci-sticky-ct    elementor-column elementor-col-100 elementor-top-column elementor-element elementor-element-6538b69\" data-id=\"6538b69\" data-element_type=\"column\" data-e-type=\"column\">\n\t\t\t<div class=\"elementor-widget-wrap elementor-element-populated\">\n\t\t\t\t\t\t<div class=\"elementor-element elementor-element-369e25a elementor-widget elementor-widget-image\" data-id=\"369e25a\" data-element_type=\"widget\" data-e-type=\"widget\" data-widget_type=\"image.default\">\n\t\t\t\t<div class=\"elementor-widget-container\">\n\t\t\t\t\t\t\t\t\t\t\t\t\t\t\t<img decoding=\"async\" width=\"787\" height=\"1266\" src=\"https:\/\/www.inmadelvalle.com\/wp-content\/uploads\/2026\/04\/family-maternity-photoshoot-mallorca-01.webp\" class=\"attachment-full size-full wp-image-61665\" alt=\"family walking in nature with daughter on father shoulders during a family maternity photoshoot Mallorca\" srcset=\"https:\/\/www.inmadelvalle.com\/wp-content\/uploads\/2026\/04\/family-maternity-photoshoot-mallorca-01.webp 787w, https:\/\/www.inmadelvalle.com\/wp-content\/uploads\/2026\/04\/family-maternity-photoshoot-mallorca-01-186x300.webp 186w, https:\/\/www.inmadelvalle.com\/wp-content\/uploads\/2026\/04\/family-maternity-photoshoot-mallorca-01-637x1024.webp 637w, https:\/\/www.inmadelvalle.com\/wp-content\/uploads\/2026\/04\/family-maternity-photoshoot-mallorca-01-768x1235.webp 768w, https:\/\/www.inmadelvalle.com\/wp-content\/uploads\/2026\/04\/family-maternity-photoshoot-mallorca-01-585x941.webp 585w\" sizes=\"(max-width: 787px) 100vw, 787px\" \/>\t\t\t\t\t\t\t\t\t\t\t\t\t\t\t<\/div>\n\t\t\t\t<\/div>\n\t\t\t\t\t<\/div>\n\t\t<\/div>\n\t\t\t\t\t<\/div>\n\t\t<\/section>\n\t\t\t\t<section class=\"penci-section penci-disSticky penci-structure-10 elementor-section elementor-top-section elementor-element elementor-element-fb2ec88 elementor-section-boxed elementor-section-height-default elementor-section-height-default\" data-id=\"fb2ec88\" data-element_type=\"section\" data-e-type=\"section\">\n\t\t\t\t\t\t<div class=\"elementor-container elementor-column-gap-default\">\n\t\t\t\t\t<div class=\"penci-ercol-100 penci-ercol-order-1 penci-sticky-ct    elementor-column elementor-col-100 elementor-top-column elementor-element elementor-element-52de678\" data-id=\"52de678\" data-element_type=\"column\" data-e-type=\"column\">\n\t\t\t<div class=\"elementor-widget-wrap elementor-element-populated\">\n\t\t\t\t\t\t<div class=\"elementor-element elementor-element-9d8c73e elementor-widget elementor-widget-heading\" data-id=\"9d8c73e\" data-element_type=\"widget\" data-e-type=\"widget\" data-widget_type=\"heading.default\">\n\t\t\t\t<div class=\"elementor-widget-container\">\n\t\t\t\t\t<h2 class=\"elementor-heading-title elementor-size-default\">Maternity and family photoshoot in Mallorca\n<\/h2>\t\t\t\t<\/div>\n\t\t\t\t<\/div>\n\t\t\t\t\t<\/div>\n\t\t<\/div>\n\t\t\t\t\t<\/div>\n\t\t<\/section>\n\t\t\t\t<section class=\"penci-section penci-disSticky penci-structure-10 elementor-section elementor-top-section elementor-element elementor-element-acb0b03 elementor-section-boxed elementor-section-height-default elementor-section-height-default\" data-id=\"acb0b03\" data-element_type=\"section\" data-e-type=\"section\">\n\t\t\t\t\t\t<div class=\"elementor-container elementor-column-gap-default\">\n\t\t\t\t\t<div class=\"penci-ercol-100 penci-ercol-order-1 penci-sticky-ct    elementor-column elementor-col-100 elementor-top-column elementor-element elementor-element-d38d3f6\" data-id=\"d38d3f6\" data-element_type=\"column\" data-e-type=\"column\">\n\t\t\t<div class=\"elementor-widget-wrap elementor-element-populated\">\n\t\t\t\t\t\t<div class=\"elementor-element elementor-element-ddefa95 elementor-widget elementor-widget-text-editor\" data-id=\"ddefa95\" data-element_type=\"widget\" data-e-type=\"widget\" data-widget_type=\"text-editor.default\">\n\t\t\t\t<div class=\"elementor-widget-container\">\n\t\t\t\t\t\t\t\t\t<h2 class=\"p1\"><b>A sunset session between nature and the sea<\/b><\/h2>\t\t\t\t\t\t\t\t<\/div>\n\t\t\t\t<\/div>\n\t\t\t\t\t<\/div>\n\t\t<\/div>\n\t\t\t\t\t<\/div>\n\t\t<\/section>\n\t\t\t\t<section class=\"penci-section penci-disSticky penci-structure-10 elementor-section elementor-top-section elementor-element elementor-element-d743363 elementor-section-boxed elementor-section-height-default elementor-section-height-default\" data-id=\"d743363\" data-element_type=\"section\" data-e-type=\"section\">\n\t\t\t\t\t\t<div class=\"elementor-container elementor-column-gap-default\">\n\t\t\t\t\t<div class=\"penci-ercol-100 penci-ercol-order-1 penci-sticky-ct    elementor-column elementor-col-100 elementor-top-column elementor-element elementor-element-965edd4\" data-id=\"965edd4\" data-element_type=\"column\" data-e-type=\"column\">\n\t\t\t<div class=\"elementor-widget-wrap elementor-element-populated\">\n\t\t\t\t\t\t<div class=\"elementor-element elementor-element-b4b3007 elementor-widget elementor-widget-text-editor\" data-id=\"b4b3007\" data-element_type=\"widget\" data-e-type=\"widget\" data-widget_type=\"text-editor.default\">\n\t\t\t\t<div class=\"elementor-widget-container\">\n\t\t\t\t\t\t\t\t\t<p class=\"p1\">We started the session in a quiet natural area, surrounded by Mediterranean trees. This setting allowed everyone to feel comfortable, especially Cloe, who could move freely, play, and explore. Moments like these are what make a <b>family maternity photoshoot Mallorca<\/b> feel authentic. There is no need to force anything. The connection between them naturally tells the story.<\/p>\t\t\t\t\t\t\t\t<\/div>\n\t\t\t\t<\/div>\n\t\t\t\t\t<\/div>\n\t\t<\/div>\n\t\t\t\t\t<\/div>\n\t\t<\/section>\n\t\t\t\t<section class=\"penci-section penci-disSticky penci-structure-10 elementor-section elementor-top-section elementor-element elementor-element-44ce4da elementor-section-boxed elementor-section-height-default elementor-section-height-default\" data-id=\"44ce4da\" data-element_type=\"section\" data-e-type=\"section\">\n\t\t\t\t\t\t<div class=\"elementor-container elementor-column-gap-default\">\n\t\t\t\t\t<div class=\"penci-ercol-100 penci-ercol-order-1 penci-sticky-ct    elementor-column elementor-col-100 elementor-top-column elementor-element elementor-element-c270c11\" data-id=\"c270c11\" data-element_type=\"column\" data-e-type=\"column\">\n\t\t\t<div class=\"elementor-widget-wrap elementor-element-populated\">\n\t\t\t\t\t\t<div class=\"elementor-element elementor-element-976e668 e-transform e-transform elementor-widget elementor-widget-html\" data-id=\"976e668\" data-element_type=\"widget\" data-e-type=\"widget\" data-settings=\"{&quot;_transform_translateX_effect&quot;:{&quot;unit&quot;:&quot;px&quot;,&quot;size&quot;:12,&quot;sizes&quot;:[]},&quot;_transform_scale_effect&quot;:{&quot;unit&quot;:&quot;px&quot;,&quot;size&quot;:1.3,&quot;sizes&quot;:[]},&quot;_transform_translateX_effect_tablet&quot;:{&quot;unit&quot;:&quot;px&quot;,&quot;size&quot;:&quot;&quot;,&quot;sizes&quot;:[]},&quot;_transform_translateX_effect_mobile&quot;:{&quot;unit&quot;:&quot;px&quot;,&quot;size&quot;:&quot;&quot;,&quot;sizes&quot;:[]},&quot;_transform_translateY_effect&quot;:{&quot;unit&quot;:&quot;px&quot;,&quot;size&quot;:&quot;&quot;,&quot;sizes&quot;:[]},&quot;_transform_translateY_effect_tablet&quot;:{&quot;unit&quot;:&quot;px&quot;,&quot;size&quot;:&quot;&quot;,&quot;sizes&quot;:[]},&quot;_transform_translateY_effect_mobile&quot;:{&quot;unit&quot;:&quot;px&quot;,&quot;size&quot;:&quot;&quot;,&quot;sizes&quot;:[]},&quot;_transform_scale_effect_tablet&quot;:{&quot;unit&quot;:&quot;px&quot;,&quot;size&quot;:&quot;&quot;,&quot;sizes&quot;:[]},&quot;_transform_scale_effect_mobile&quot;:{&quot;unit&quot;:&quot;px&quot;,&quot;size&quot;:&quot;&quot;,&quot;sizes&quot;:[]}}\" data-widget_type=\"html.default\">\n\t\t\t\t<div class=\"elementor-widget-container\">\n\t\t\t\t\t<h2 style=\"text-align: center\">\n  <a class=\"typeform-share button\" href=\"mailto:infoinmadelvalle@gmail.com\" style=\"text-decoration: none;background-color: #8F7A35;color: white;cursor: pointer;font-family: UNNA, Arial, sans-serif;font-size: 20px;line-height: 50px;text-align: center;margin: 0;height: 50px;padding: 0px 33px;border-radius: 25px;max-width: 100%;overflow: hidden;font-weight: bold\">\n    Contact to reserve your photoshoot\n  <\/a>\n<\/h2>\n\t\t\t\t<\/div>\n\t\t\t\t<\/div>\n\t\t\t\t\t<\/div>\n\t\t<\/div>\n\t\t\t\t\t<\/div>\n\t\t<\/section>\n\t\t\t\t<section class=\"penci-section penci-disSticky penci-structure-10 elementor-section elementor-top-section elementor-element elementor-element-5d29d38 elementor-section-full_width elementor-section-height-default elementor-section-height-default\" data-id=\"5d29d38\" data-element_type=\"section\" data-e-type=\"section\">\n\t\t\t\t\t\t<div class=\"elementor-container elementor-column-gap-default\">\n\t\t\t\t\t<div class=\"penci-ercol-100 penci-ercol-order-1 penci-sticky-ct    elementor-column elementor-col-100 elementor-top-column elementor-element elementor-element-e388605\" data-id=\"e388605\" data-element_type=\"column\" data-e-type=\"column\">\n\t\t\t<div class=\"elementor-widget-wrap elementor-element-populated\">\n\t\t\t\t\t\t<div class=\"elementor-element elementor-element-a0786fa elementor-widget elementor-widget-image\" data-id=\"a0786fa\" data-element_type=\"widget\" data-e-type=\"widget\" data-widget_type=\"image.default\">\n\t\t\t\t<div class=\"elementor-widget-container\">\n\t\t\t\t\t\t\t\t\t\t\t\t\t\t\t<img decoding=\"async\" width=\"787\" height=\"1181\" src=\"https:\/\/www.inmadelvalle.com\/wp-content\/uploads\/2026\/04\/family-maternity-photoshoot-mallorca-02.webp\" class=\"attachment-full size-full wp-image-61666\" alt=\"father walking with daughter on shoulders along a natural path during a family photoshoot in Mallorca\" srcset=\"https:\/\/www.inmadelvalle.com\/wp-content\/uploads\/2026\/04\/family-maternity-photoshoot-mallorca-02.webp 787w, https:\/\/www.inmadelvalle.com\/wp-content\/uploads\/2026\/04\/family-maternity-photoshoot-mallorca-02-200x300.webp 200w, https:\/\/www.inmadelvalle.com\/wp-content\/uploads\/2026\/04\/family-maternity-photoshoot-mallorca-02-682x1024.webp 682w, https:\/\/www.inmadelvalle.com\/wp-content\/uploads\/2026\/04\/family-maternity-photoshoot-mallorca-02-768x1152.webp 768w, https:\/\/www.inmadelvalle.com\/wp-content\/uploads\/2026\/04\/family-maternity-photoshoot-mallorca-02-585x878.webp 585w\" sizes=\"(max-width: 787px) 100vw, 787px\" \/>\t\t\t\t\t\t\t\t\t\t\t\t\t\t\t<\/div>\n\t\t\t\t<\/div>\n\t\t\t\t\t<\/div>\n\t\t<\/div>\n\t\t\t\t\t<\/div>\n\t\t<\/section>\n\t\t\t\t<section class=\"penci-section penci-disSticky penci-structure-10 elementor-section elementor-top-section elementor-element elementor-element-35c03ba elementor-section-boxed elementor-section-height-default elementor-section-height-default\" data-id=\"35c03ba\" data-element_type=\"section\" data-e-type=\"section\">\n\t\t\t\t\t\t<div class=\"elementor-container elementor-column-gap-default\">\n\t\t\t\t\t<div class=\"penci-ercol-100 penci-ercol-order-1 penci-sticky-ct    elementor-column elementor-col-100 elementor-top-column elementor-element elementor-element-1a6acad\" data-id=\"1a6acad\" data-element_type=\"column\" data-e-type=\"column\">\n\t\t\t<div class=\"elementor-widget-wrap elementor-element-populated\">\n\t\t\t\t\t\t<div class=\"elementor-element elementor-element-39a0796 elementor-widget elementor-widget-text-editor\" data-id=\"39a0796\" data-element_type=\"widget\" data-e-type=\"widget\" data-widget_type=\"text-editor.default\">\n\t\t\t\t<div class=\"elementor-widget-container\">\n\t\t\t\t\t\t\t\t\t<p class=\"p1\">As the light began to soften, we moved towards the beach. The sea, the warm tones, and the gentle breeze created the perfect atmosphere for more intimate images. Coralie\u2019s <a href=\"https:\/\/www.inmadelvalle.com\/en\/pregnant-shooting-in-mallorca\/\"><strong>pregnancy<\/strong> <\/a>added a deeper emotional layer. The way she held her belly, the way her partner looked at her, and the way Cloe interacted with her mother, everything reflected the beauty of a growing family.<\/p>\t\t\t\t\t\t\t\t<\/div>\n\t\t\t\t<\/div>\n\t\t\t\t\t<\/div>\n\t\t<\/div>\n\t\t\t\t\t<\/div>\n\t\t<\/section>\n\t\t\t\t<section class=\"penci-section penci-disSticky penci-structure-10 elementor-section elementor-top-section elementor-element elementor-element-6a0138a elementor-section-full_width elementor-section-height-default elementor-section-height-default\" data-id=\"6a0138a\" data-element_type=\"section\" data-e-type=\"section\">\n\t\t\t\t\t\t<div class=\"elementor-container elementor-column-gap-default\">\n\t\t\t\t\t<div class=\"penci-ercol-100 penci-ercol-order-1 penci-sticky-ct    elementor-column elementor-col-100 elementor-top-column elementor-element elementor-element-17656e9\" data-id=\"17656e9\" data-element_type=\"column\" data-e-type=\"column\">\n\t\t\t<div class=\"elementor-widget-wrap elementor-element-populated\">\n\t\t\t\t\t\t<div class=\"elementor-element elementor-element-ac2e4ad elementor-widget elementor-widget-image\" data-id=\"ac2e4ad\" data-element_type=\"widget\" data-e-type=\"widget\" data-widget_type=\"image.default\">\n\t\t\t\t<div class=\"elementor-widget-container\">\n\t\t\t\t\t\t\t\t\t\t\t\t\t\t\t<img loading=\"lazy\" decoding=\"async\" width=\"787\" height=\"1181\" src=\"https:\/\/www.inmadelvalle.com\/wp-content\/uploads\/2026\/04\/family-maternity-photoshoot-mallorca-04.webp\" class=\"attachment-full size-full wp-image-61668\" alt=\"family walking hand in hand on a forest path during a family maternity photoshoot Mallorca\" srcset=\"https:\/\/www.inmadelvalle.com\/wp-content\/uploads\/2026\/04\/family-maternity-photoshoot-mallorca-04.webp 787w, https:\/\/www.inmadelvalle.com\/wp-content\/uploads\/2026\/04\/family-maternity-photoshoot-mallorca-04-200x300.webp 200w, https:\/\/www.inmadelvalle.com\/wp-content\/uploads\/2026\/04\/family-maternity-photoshoot-mallorca-04-682x1024.webp 682w, https:\/\/www.inmadelvalle.com\/wp-content\/uploads\/2026\/04\/family-maternity-photoshoot-mallorca-04-768x1152.webp 768w, https:\/\/www.inmadelvalle.com\/wp-content\/uploads\/2026\/04\/family-maternity-photoshoot-mallorca-04-585x878.webp 585w\" sizes=\"(max-width: 787px) 100vw, 787px\" \/>\t\t\t\t\t\t\t\t\t\t\t\t\t\t\t<\/div>\n\t\t\t\t<\/div>\n\t\t\t\t\t<\/div>\n\t\t<\/div>\n\t\t\t\t\t<\/div>\n\t\t<\/section>\n\t\t\t\t<section class=\"penci-section penci-disSticky penci-structure-10 elementor-section elementor-top-section elementor-element elementor-element-248265f elementor-section-boxed elementor-section-height-default elementor-section-height-default\" data-id=\"248265f\" data-element_type=\"section\" data-e-type=\"section\">\n\t\t\t\t\t\t<div class=\"elementor-container elementor-column-gap-default\">\n\t\t\t\t\t<div class=\"penci-ercol-100 penci-ercol-order-1 penci-sticky-ct    elementor-column elementor-col-100 elementor-top-column elementor-element elementor-element-f1ac286\" data-id=\"f1ac286\" data-element_type=\"column\" data-e-type=\"column\">\n\t\t\t<div class=\"elementor-widget-wrap elementor-element-populated\">\n\t\t\t\t\t\t<div class=\"elementor-element elementor-element-d3c53c7 elementor-widget elementor-widget-heading\" data-id=\"d3c53c7\" data-element_type=\"widget\" data-e-type=\"widget\" data-widget_type=\"heading.default\">\n\t\t\t\t<div class=\"elementor-widget-container\">\n\t\t\t\t\t<h2 class=\"elementor-heading-title elementor-size-default\">Beach maternity photoshoot Mallorca\n<\/h2>\t\t\t\t<\/div>\n\t\t\t\t<\/div>\n\t\t\t\t\t<\/div>\n\t\t<\/div>\n\t\t\t\t\t<\/div>\n\t\t<\/section>\n\t\t\t\t<section class=\"penci-section penci-disSticky penci-structure-10 elementor-section elementor-top-section elementor-element elementor-element-0be00c7 elementor-section-boxed elementor-section-height-default elementor-section-height-default\" data-id=\"0be00c7\" data-element_type=\"section\" data-e-type=\"section\">\n\t\t\t\t\t\t<div class=\"elementor-container elementor-column-gap-default\">\n\t\t\t\t\t<div class=\"penci-ercol-100 penci-ercol-order-1 penci-sticky-ct    elementor-column elementor-col-100 elementor-top-column elementor-element elementor-element-eef80c9\" data-id=\"eef80c9\" data-element_type=\"column\" data-e-type=\"column\">\n\t\t\t<div class=\"elementor-widget-wrap elementor-element-populated\">\n\t\t\t\t\t\t<div class=\"elementor-element elementor-element-aba76c2 elementor-widget elementor-widget-text-editor\" data-id=\"aba76c2\" data-element_type=\"widget\" data-e-type=\"widget\" data-widget_type=\"text-editor.default\">\n\t\t\t\t<div class=\"elementor-widget-container\">\n\t\t\t\t\t\t\t\t\t<h2 class=\"p1\"><b>Capturing the balance between motherhood and family life<\/b><\/h2>\t\t\t\t\t\t\t\t<\/div>\n\t\t\t\t<\/div>\n\t\t\t\t\t<\/div>\n\t\t<\/div>\n\t\t\t\t\t<\/div>\n\t\t<\/section>\n\t\t\t\t<section class=\"penci-section penci-disSticky penci-structure-10 elementor-section elementor-top-section elementor-element elementor-element-1e80bc0 elementor-section-boxed elementor-section-height-default elementor-section-height-default\" data-id=\"1e80bc0\" data-element_type=\"section\" data-e-type=\"section\">\n\t\t\t\t\t\t<div class=\"elementor-container elementor-column-gap-default\">\n\t\t\t\t\t<div class=\"penci-ercol-100 penci-ercol-order-1 penci-sticky-ct    elementor-column elementor-col-100 elementor-top-column elementor-element elementor-element-766971f\" data-id=\"766971f\" data-element_type=\"column\" data-e-type=\"column\">\n\t\t\t<div class=\"elementor-widget-wrap elementor-element-populated\">\n\t\t\t\t\t\t<div class=\"elementor-element elementor-element-5ec2ee7 elementor-widget elementor-widget-text-editor\" data-id=\"5ec2ee7\" data-element_type=\"widget\" data-e-type=\"widget\" data-widget_type=\"text-editor.default\">\n\t\t\t\t<div class=\"elementor-widget-container\">\n\t\t\t\t\t\t\t\t\t<p class=\"p1\">One of the most special parts of this <a href=\"https:\/\/www.inmadelvalle.com\/en\/pregnancy-photography-in-mallorca\/\"><strong>pregnancy family session in Mallorca<\/strong> <\/a>was the balance between playful and emotional moments. On one side, there was laughter, movement, and energy. Cloe running along the beach, playing with her parents, and enjoying every second.<\/p>\t\t\t\t\t\t\t\t<\/div>\n\t\t\t\t<\/div>\n\t\t\t\t\t<\/div>\n\t\t<\/div>\n\t\t\t\t\t<\/div>\n\t\t<\/section>\n\t\t\t\t<section class=\"penci-section penci-disSticky penci-structure-20 elementor-section elementor-top-section elementor-element elementor-element-0162980 elementor-section-full_width elementor-section-height-default elementor-section-height-default\" data-id=\"0162980\" data-element_type=\"section\" data-e-type=\"section\">\n\t\t\t\t\t\t<div class=\"elementor-container elementor-column-gap-default\">\n\t\t\t\t\t<div class=\"penci-ercol-50 penci-ercol-order-1 penci-sticky-ct    elementor-column elementor-col-50 elementor-top-column elementor-element elementor-element-8e4eb40\" data-id=\"8e4eb40\" data-element_type=\"column\" data-e-type=\"column\">\n\t\t\t<div class=\"elementor-widget-wrap elementor-element-populated\">\n\t\t\t\t\t\t<div class=\"elementor-element elementor-element-ba98081 elementor-widget elementor-widget-image\" data-id=\"ba98081\" data-element_type=\"widget\" data-e-type=\"widget\" data-widget_type=\"image.default\">\n\t\t\t\t<div class=\"elementor-widget-container\">\n\t\t\t\t\t\t\t\t\t\t\t\t\t\t\t<img loading=\"lazy\" decoding=\"async\" width=\"637\" height=\"1024\" src=\"https:\/\/www.inmadelvalle.com\/wp-content\/uploads\/2026\/04\/family-maternity-photoshoot-mallorca-11-637x1024.webp\" class=\"attachment-large size-large wp-image-61675\" alt=\"parents walking together with their daughter on a forest path during a family maternity photoshoot Mallorca\" srcset=\"https:\/\/www.inmadelvalle.com\/wp-content\/uploads\/2026\/04\/family-maternity-photoshoot-mallorca-11-637x1024.webp 637w, https:\/\/www.inmadelvalle.com\/wp-content\/uploads\/2026\/04\/family-maternity-photoshoot-mallorca-11-186x300.webp 186w, https:\/\/www.inmadelvalle.com\/wp-content\/uploads\/2026\/04\/family-maternity-photoshoot-mallorca-11-768x1235.webp 768w, https:\/\/www.inmadelvalle.com\/wp-content\/uploads\/2026\/04\/family-maternity-photoshoot-mallorca-11-585x941.webp 585w, https:\/\/www.inmadelvalle.com\/wp-content\/uploads\/2026\/04\/family-maternity-photoshoot-mallorca-11.webp 787w\" sizes=\"(max-width: 637px) 100vw, 637px\" \/>\t\t\t\t\t\t\t\t\t\t\t\t\t\t\t<\/div>\n\t\t\t\t<\/div>\n\t\t\t\t\t<\/div>\n\t\t<\/div>\n\t\t\t\t<div class=\"penci-ercol-50 penci-ercol-order-2 penci-sticky-ct    elementor-column elementor-col-50 elementor-top-column elementor-element elementor-element-99f0121\" data-id=\"99f0121\" data-element_type=\"column\" data-e-type=\"column\">\n\t\t\t<div class=\"elementor-widget-wrap elementor-element-populated\">\n\t\t\t\t\t\t<div class=\"elementor-element elementor-element-20f77e4 elementor-widget elementor-widget-image\" data-id=\"20f77e4\" data-element_type=\"widget\" data-e-type=\"widget\" data-widget_type=\"image.default\">\n\t\t\t\t<div class=\"elementor-widget-container\">\n\t\t\t\t\t\t\t\t\t\t\t\t\t\t\t<img loading=\"lazy\" decoding=\"async\" width=\"1024\" height=\"683\" src=\"https:\/\/www.inmadelvalle.com\/wp-content\/uploads\/2026\/04\/family-maternity-photoshoot-mallorca-05-1024x683.webp\" class=\"attachment-large size-large wp-image-61669\" alt=\"family walking away with daughter looking at camera during a family photoshoot in Mallorca\" srcset=\"https:\/\/www.inmadelvalle.com\/wp-content\/uploads\/2026\/04\/family-maternity-photoshoot-mallorca-05-1024x683.webp 1024w, https:\/\/www.inmadelvalle.com\/wp-content\/uploads\/2026\/04\/family-maternity-photoshoot-mallorca-05-300x200.webp 300w, https:\/\/www.inmadelvalle.com\/wp-content\/uploads\/2026\/04\/family-maternity-photoshoot-mallorca-05-768x512.webp 768w, https:\/\/www.inmadelvalle.com\/wp-content\/uploads\/2026\/04\/family-maternity-photoshoot-mallorca-05-585x390.webp 585w, https:\/\/www.inmadelvalle.com\/wp-content\/uploads\/2026\/04\/family-maternity-photoshoot-mallorca-05-263x175.webp 263w, https:\/\/www.inmadelvalle.com\/wp-content\/uploads\/2026\/04\/family-maternity-photoshoot-mallorca-05.webp 1181w\" sizes=\"(max-width: 1024px) 100vw, 1024px\" \/>\t\t\t\t\t\t\t\t\t\t\t\t\t\t\t<\/div>\n\t\t\t\t<\/div>\n\t\t\t\t\t<\/div>\n\t\t<\/div>\n\t\t\t\t\t<\/div>\n\t\t<\/section>\n\t\t\t\t<section class=\"penci-section penci-disSticky penci-structure-10 elementor-section elementor-top-section elementor-element elementor-element-14b0a86 elementor-section-boxed elementor-section-height-default elementor-section-height-default\" data-id=\"14b0a86\" data-element_type=\"section\" data-e-type=\"section\">\n\t\t\t\t\t\t<div class=\"elementor-container elementor-column-gap-default\">\n\t\t\t\t\t<div class=\"penci-ercol-100 penci-ercol-order-1 penci-sticky-ct    elementor-column elementor-col-100 elementor-top-column elementor-element elementor-element-91f9184\" data-id=\"91f9184\" data-element_type=\"column\" data-e-type=\"column\">\n\t\t\t<div class=\"elementor-widget-wrap elementor-element-populated\">\n\t\t\t\t\t\t<div class=\"elementor-element elementor-element-c08331b e-transform e-transform elementor-widget elementor-widget-html\" data-id=\"c08331b\" data-element_type=\"widget\" data-e-type=\"widget\" data-settings=\"{&quot;_transform_translateX_effect&quot;:{&quot;unit&quot;:&quot;px&quot;,&quot;size&quot;:12,&quot;sizes&quot;:[]},&quot;_transform_scale_effect&quot;:{&quot;unit&quot;:&quot;px&quot;,&quot;size&quot;:1.3,&quot;sizes&quot;:[]},&quot;_transform_translateX_effect_tablet&quot;:{&quot;unit&quot;:&quot;px&quot;,&quot;size&quot;:&quot;&quot;,&quot;sizes&quot;:[]},&quot;_transform_translateX_effect_mobile&quot;:{&quot;unit&quot;:&quot;px&quot;,&quot;size&quot;:&quot;&quot;,&quot;sizes&quot;:[]},&quot;_transform_translateY_effect&quot;:{&quot;unit&quot;:&quot;px&quot;,&quot;size&quot;:&quot;&quot;,&quot;sizes&quot;:[]},&quot;_transform_translateY_effect_tablet&quot;:{&quot;unit&quot;:&quot;px&quot;,&quot;size&quot;:&quot;&quot;,&quot;sizes&quot;:[]},&quot;_transform_translateY_effect_mobile&quot;:{&quot;unit&quot;:&quot;px&quot;,&quot;size&quot;:&quot;&quot;,&quot;sizes&quot;:[]},&quot;_transform_scale_effect_tablet&quot;:{&quot;unit&quot;:&quot;px&quot;,&quot;size&quot;:&quot;&quot;,&quot;sizes&quot;:[]},&quot;_transform_scale_effect_mobile&quot;:{&quot;unit&quot;:&quot;px&quot;,&quot;size&quot;:&quot;&quot;,&quot;sizes&quot;:[]}}\" data-widget_type=\"html.default\">\n\t\t\t\t<div class=\"elementor-widget-container\">\n\t\t\t\t\t<!-- Elegant Vogue-style font -->\n<link href=\"https:\/\/fonts.googleapis.com\/css2?family=Playfair+Display:wght@500;600&display=swap\" rel=\"stylesheet\">\n\n<style>\n.instagram-button-wrapper {\n  display: flex;\n  justify-content: center;\n  align-items: center;\n  padding: 20px 20px;\n  background-color: #ffffff;\n}\n\n.elegant-instagram-button {\n  display: inline-block;\n  background-color: #ffffff !important;\n  color: #000000 !important; \/* Forced to black *\/\n  border: 2px solid #e8b4cc;\n  padding: 16px 28px;\n  border-radius: 40px;\n  font-size: 14px;\n  font-weight: 500;\n  text-decoration: none !important;\n  font-family: 'Playfair Display', serif !important;\n  transition: all 0.3s ease;\n  box-shadow: 0 6px 16px rgba(0, 0, 0, 0.04);\n  max-width: 90%;\n  text-align: center;\n  line-height: 1.5;\n}\n\n.elegant-instagram-button:hover {\n  background-color: #fceef4 !important;\n  color: #000000 !important;\n  box-shadow: 0 10px 30px rgba(0, 0, 0, 0.06);\n}\n<\/style>\n\n<div class=\"instagram-button-wrapper\">\n  <a class=\"elegant-instagram-button\"\n     href=\"https:\/\/www.instagram.com\/inmadelvallephotography\/\"\n     target=\"_blank\"\n     rel=\"noopener noreferrer\">\n     Follow me on Instagram @inmadelvallephotography to see more photoshoots in Mallorca, Mexico, and Italy\n  <\/a>\n<\/div>\t\t\t\t<\/div>\n\t\t\t\t<\/div>\n\t\t\t\t\t<\/div>\n\t\t<\/div>\n\t\t\t\t\t<\/div>\n\t\t<\/section>\n\t\t\t\t<section class=\"penci-section penci-disSticky penci-structure-10 elementor-section elementor-top-section elementor-element elementor-element-6e767a4 elementor-section-boxed elementor-section-height-default elementor-section-height-default\" data-id=\"6e767a4\" data-element_type=\"section\" data-e-type=\"section\">\n\t\t\t\t\t\t<div class=\"elementor-container elementor-column-gap-default\">\n\t\t\t\t\t<div class=\"penci-ercol-100 penci-ercol-order-1 penci-sticky-ct    elementor-column elementor-col-100 elementor-top-column elementor-element elementor-element-1d828b2\" data-id=\"1d828b2\" data-element_type=\"column\" data-e-type=\"column\">\n\t\t\t<div class=\"elementor-widget-wrap elementor-element-populated\">\n\t\t\t\t\t\t<div class=\"elementor-element elementor-element-b603bb6 elementor-widget elementor-widget-text-editor\" data-id=\"b603bb6\" data-element_type=\"widget\" data-e-type=\"widget\" data-widget_type=\"text-editor.default\">\n\t\t\t\t<div class=\"elementor-widget-container\">\n\t\t\t\t\t\t\t\t\t<p class=\"p1\">On the other side, there were quiet, intimate moments focused on Coralie and her pregnancy. These images are timeless, they capture not only how she looked, but how she felt. A <b>family maternity photoshoot Mallorca<\/b> is about both worlds, the present family and the new life that is about to arrive.<\/p>\t\t\t\t\t\t\t\t<\/div>\n\t\t\t\t<\/div>\n\t\t\t\t\t<\/div>\n\t\t<\/div>\n\t\t\t\t\t<\/div>\n\t\t<\/section>\n\t\t\t\t<section class=\"penci-section penci-disSticky penci-structure-10 elementor-section elementor-top-section elementor-element elementor-element-a54ac1d elementor-section-full_width elementor-section-height-default elementor-section-height-default\" data-id=\"a54ac1d\" data-element_type=\"section\" data-e-type=\"section\">\n\t\t\t\t\t\t<div class=\"elementor-container elementor-column-gap-default\">\n\t\t\t\t\t<div class=\"penci-ercol-100 penci-ercol-order-1 penci-sticky-ct    elementor-column elementor-col-100 elementor-top-column elementor-element elementor-element-320c308\" data-id=\"320c308\" data-element_type=\"column\" data-e-type=\"column\">\n\t\t\t<div class=\"elementor-widget-wrap elementor-element-populated\">\n\t\t\t\t\t\t<div class=\"elementor-element elementor-element-f824095 elementor-widget elementor-widget-image\" data-id=\"f824095\" data-element_type=\"widget\" data-e-type=\"widget\" data-widget_type=\"image.default\">\n\t\t\t\t<div class=\"elementor-widget-container\">\n\t\t\t\t\t\t\t\t\t\t\t\t\t\t\t<img loading=\"lazy\" decoding=\"async\" width=\"787\" height=\"1181\" src=\"https:\/\/www.inmadelvalle.com\/wp-content\/uploads\/2026\/04\/family-maternity-photoshoot-mallorca-07.webp\" class=\"attachment-full size-full wp-image-61671\" alt=\"family hugging on the beach during a maternity photoshoot in Mallorca\" srcset=\"https:\/\/www.inmadelvalle.com\/wp-content\/uploads\/2026\/04\/family-maternity-photoshoot-mallorca-07.webp 787w, https:\/\/www.inmadelvalle.com\/wp-content\/uploads\/2026\/04\/family-maternity-photoshoot-mallorca-07-200x300.webp 200w, https:\/\/www.inmadelvalle.com\/wp-content\/uploads\/2026\/04\/family-maternity-photoshoot-mallorca-07-682x1024.webp 682w, https:\/\/www.inmadelvalle.com\/wp-content\/uploads\/2026\/04\/family-maternity-photoshoot-mallorca-07-768x1152.webp 768w, https:\/\/www.inmadelvalle.com\/wp-content\/uploads\/2026\/04\/family-maternity-photoshoot-mallorca-07-585x878.webp 585w\" sizes=\"(max-width: 787px) 100vw, 787px\" \/>\t\t\t\t\t\t\t\t\t\t\t\t\t\t\t<\/div>\n\t\t\t\t<\/div>\n\t\t\t\t\t<\/div>\n\t\t<\/div>\n\t\t\t\t\t<\/div>\n\t\t<\/section>\n\t\t\t\t<section class=\"penci-section penci-disSticky penci-structure-10 elementor-section elementor-top-section elementor-element elementor-element-d1fa0e5 elementor-section-boxed elementor-section-height-default elementor-section-height-default\" data-id=\"d1fa0e5\" data-element_type=\"section\" data-e-type=\"section\">\n\t\t\t\t\t\t<div class=\"elementor-container elementor-column-gap-default\">\n\t\t\t\t\t<div class=\"penci-ercol-100 penci-ercol-order-1 penci-sticky-ct    elementor-column elementor-col-100 elementor-top-column elementor-element elementor-element-8b84d26\" data-id=\"8b84d26\" data-element_type=\"column\" data-e-type=\"column\">\n\t\t\t<div class=\"elementor-widget-wrap elementor-element-populated\">\n\t\t\t\t\t\t<div class=\"elementor-element elementor-element-6ffda8b elementor-widget elementor-widget-heading\" data-id=\"6ffda8b\" data-element_type=\"widget\" data-e-type=\"widget\" data-widget_type=\"heading.default\">\n\t\t\t\t<div class=\"elementor-widget-container\">\n\t\t\t\t\t<h2 class=\"elementor-heading-title elementor-size-default\">Mallorca family maternity photographer\n<\/h2>\t\t\t\t<\/div>\n\t\t\t\t<\/div>\n\t\t\t\t\t<\/div>\n\t\t<\/div>\n\t\t\t\t\t<\/div>\n\t\t<\/section>\n\t\t\t\t<section class=\"penci-section penci-disSticky penci-structure-10 elementor-section elementor-top-section elementor-element elementor-element-ba5e966 elementor-section-boxed elementor-section-height-default elementor-section-height-default\" data-id=\"ba5e966\" data-element_type=\"section\" data-e-type=\"section\">\n\t\t\t\t\t\t<div class=\"elementor-container elementor-column-gap-default\">\n\t\t\t\t\t<div class=\"penci-ercol-100 penci-ercol-order-1 penci-sticky-ct    elementor-column elementor-col-100 elementor-top-column elementor-element elementor-element-77c4589\" data-id=\"77c4589\" data-element_type=\"column\" data-e-type=\"column\">\n\t\t\t<div class=\"elementor-widget-wrap elementor-element-populated\">\n\t\t\t\t\t\t<div class=\"elementor-element elementor-element-88bc326 elementor-widget elementor-widget-text-editor\" data-id=\"88bc326\" data-element_type=\"widget\" data-e-type=\"widget\" data-widget_type=\"text-editor.default\">\n\t\t\t\t<div class=\"elementor-widget-container\">\n\t\t\t\t\t\t\t\t\t<h2 class=\"p1\"><b>Why Mallorca is the perfect place for this kind of session<\/b><\/h2>\t\t\t\t\t\t\t\t<\/div>\n\t\t\t\t<\/div>\n\t\t\t\t\t<\/div>\n\t\t<\/div>\n\t\t\t\t\t<\/div>\n\t\t<\/section>\n\t\t\t\t<section class=\"penci-section penci-disSticky penci-structure-10 elementor-section elementor-top-section elementor-element elementor-element-e2e9d38 elementor-section-boxed elementor-section-height-default elementor-section-height-default\" data-id=\"e2e9d38\" data-element_type=\"section\" data-e-type=\"section\">\n\t\t\t\t\t\t<div class=\"elementor-container elementor-column-gap-default\">\n\t\t\t\t\t<div class=\"penci-ercol-100 penci-ercol-order-1 penci-sticky-ct    elementor-column elementor-col-100 elementor-top-column elementor-element elementor-element-1feec40\" data-id=\"1feec40\" data-element_type=\"column\" data-e-type=\"column\">\n\t\t\t<div class=\"elementor-widget-wrap elementor-element-populated\">\n\t\t\t\t\t\t<div class=\"elementor-element elementor-element-b06733f elementor-widget elementor-widget-text-editor\" data-id=\"b06733f\" data-element_type=\"widget\" data-e-type=\"widget\" data-widget_type=\"text-editor.default\">\n\t\t\t\t<div class=\"elementor-widget-container\">\n\t\t\t\t\t\t\t\t\t<p class=\"p1\">Mallorca offers a unique combination of landscapes that make every session feel different. From natural paths surrounded by trees to open beaches with endless views. Choosing the right time of day is key. Sunset creates a soft and flattering light that enhances every detail without feeling artificial. This is why a <b>family maternity photoshoot Mallorca<\/b> is not just about taking photos. It is about creating an experience in the right place, at the right time.<\/p>\t\t\t\t\t\t\t\t<\/div>\n\t\t\t\t<\/div>\n\t\t\t\t\t<\/div>\n\t\t<\/div>\n\t\t\t\t\t<\/div>\n\t\t<\/section>\n\t\t\t\t<section class=\"penci-section penci-disSticky penci-structure-20 elementor-section elementor-top-section elementor-element elementor-element-628b8d6 elementor-section-full_width elementor-section-height-default elementor-section-height-default\" data-id=\"628b8d6\" data-element_type=\"section\" data-e-type=\"section\">\n\t\t\t\t\t\t<div class=\"elementor-container elementor-column-gap-default\">\n\t\t\t\t\t<div class=\"penci-ercol-50 penci-ercol-order-1 penci-sticky-ct    elementor-column elementor-col-50 elementor-top-column elementor-element elementor-element-253afcb\" data-id=\"253afcb\" data-element_type=\"column\" data-e-type=\"column\">\n\t\t\t<div class=\"elementor-widget-wrap elementor-element-populated\">\n\t\t\t\t\t\t<div class=\"elementor-element elementor-element-b9f2b02 elementor-widget elementor-widget-image\" data-id=\"b9f2b02\" data-element_type=\"widget\" data-e-type=\"widget\" data-widget_type=\"image.default\">\n\t\t\t\t<div class=\"elementor-widget-container\">\n\t\t\t\t\t\t\t\t\t\t\t\t\t\t\t<img loading=\"lazy\" decoding=\"async\" width=\"619\" height=\"1024\" src=\"https:\/\/www.inmadelvalle.com\/wp-content\/uploads\/2026\/04\/family-maternity-photoshoot-mallorca-09-619x1024.webp\" class=\"attachment-large size-large wp-image-61673\" alt=\"pregnant couple embracing on the beach during a family maternity photoshoot Mallorca\" srcset=\"https:\/\/www.inmadelvalle.com\/wp-content\/uploads\/2026\/04\/family-maternity-photoshoot-mallorca-09-619x1024.webp 619w, https:\/\/www.inmadelvalle.com\/wp-content\/uploads\/2026\/04\/family-maternity-photoshoot-mallorca-09-181x300.webp 181w, https:\/\/www.inmadelvalle.com\/wp-content\/uploads\/2026\/04\/family-maternity-photoshoot-mallorca-09-768x1270.webp 768w, https:\/\/www.inmadelvalle.com\/wp-content\/uploads\/2026\/04\/family-maternity-photoshoot-mallorca-09-585x967.webp 585w, https:\/\/www.inmadelvalle.com\/wp-content\/uploads\/2026\/04\/family-maternity-photoshoot-mallorca-09.webp 787w\" sizes=\"(max-width: 619px) 100vw, 619px\" \/>\t\t\t\t\t\t\t\t\t\t\t\t\t\t\t<\/div>\n\t\t\t\t<\/div>\n\t\t\t\t\t<\/div>\n\t\t<\/div>\n\t\t\t\t<div class=\"penci-ercol-50 penci-ercol-order-2 penci-sticky-ct    elementor-column elementor-col-50 elementor-top-column elementor-element elementor-element-8a3d8c0\" data-id=\"8a3d8c0\" data-element_type=\"column\" data-e-type=\"column\">\n\t\t\t<div class=\"elementor-widget-wrap elementor-element-populated\">\n\t\t\t\t\t\t<div class=\"elementor-element elementor-element-f5263f9 elementor-widget elementor-widget-image\" data-id=\"f5263f9\" data-element_type=\"widget\" data-e-type=\"widget\" data-widget_type=\"image.default\">\n\t\t\t\t<div class=\"elementor-widget-container\">\n\t\t\t\t\t\t\t\t\t\t\t\t\t\t\t<img loading=\"lazy\" decoding=\"async\" width=\"682\" height=\"1024\" src=\"https:\/\/www.inmadelvalle.com\/wp-content\/uploads\/2026\/04\/family-maternity-photoshoot-mallorca-06-682x1024.webp\" class=\"attachment-large size-large wp-image-61670\" alt=\"little girl running on the beach during a family photoshoot in Mallorca\" srcset=\"https:\/\/www.inmadelvalle.com\/wp-content\/uploads\/2026\/04\/family-maternity-photoshoot-mallorca-06-682x1024.webp 682w, https:\/\/www.inmadelvalle.com\/wp-content\/uploads\/2026\/04\/family-maternity-photoshoot-mallorca-06-200x300.webp 200w, https:\/\/www.inmadelvalle.com\/wp-content\/uploads\/2026\/04\/family-maternity-photoshoot-mallorca-06-768x1152.webp 768w, https:\/\/www.inmadelvalle.com\/wp-content\/uploads\/2026\/04\/family-maternity-photoshoot-mallorca-06-585x878.webp 585w, https:\/\/www.inmadelvalle.com\/wp-content\/uploads\/2026\/04\/family-maternity-photoshoot-mallorca-06.webp 787w\" sizes=\"(max-width: 682px) 100vw, 682px\" \/>\t\t\t\t\t\t\t\t\t\t\t\t\t\t\t<\/div>\n\t\t\t\t<\/div>\n\t\t\t\t\t<\/div>\n\t\t<\/div>\n\t\t\t\t\t<\/div>\n\t\t<\/section>\n\t\t\t\t<section class=\"penci-section penci-disSticky penci-structure-10 elementor-section elementor-top-section elementor-element elementor-element-0bb7326 elementor-section-boxed elementor-section-height-default elementor-section-height-default\" data-id=\"0bb7326\" data-element_type=\"section\" data-e-type=\"section\">\n\t\t\t\t\t\t<div class=\"elementor-container elementor-column-gap-default\">\n\t\t\t\t\t<div class=\"penci-ercol-100 penci-ercol-order-1 penci-sticky-ct    elementor-column elementor-col-100 elementor-top-column elementor-element elementor-element-3fe7424\" data-id=\"3fe7424\" data-element_type=\"column\" data-e-type=\"column\">\n\t\t\t<div class=\"elementor-widget-wrap elementor-element-populated\">\n\t\t\t\t\t\t<div class=\"elementor-element elementor-element-2126e9f elementor-widget elementor-widget-heading\" data-id=\"2126e9f\" data-element_type=\"widget\" data-e-type=\"widget\" data-widget_type=\"heading.default\">\n\t\t\t\t<div class=\"elementor-widget-container\">\n\t\t\t\t\t<h2 class=\"elementor-heading-title elementor-size-default\">Maternity and family photoshoot in Mallorca\n<\/h2>\t\t\t\t<\/div>\n\t\t\t\t<\/div>\n\t\t\t\t\t<\/div>\n\t\t<\/div>\n\t\t\t\t\t<\/div>\n\t\t<\/section>\n\t\t\t\t<section class=\"penci-section penci-disSticky penci-structure-10 elementor-section elementor-top-section elementor-element elementor-element-4aaca4e elementor-section-boxed elementor-section-height-default elementor-section-height-default\" data-id=\"4aaca4e\" data-element_type=\"section\" data-e-type=\"section\">\n\t\t\t\t\t\t<div class=\"elementor-container elementor-column-gap-default\">\n\t\t\t\t\t<div class=\"penci-ercol-100 penci-ercol-order-1 penci-sticky-ct    elementor-column elementor-col-100 elementor-top-column elementor-element elementor-element-21abedf\" data-id=\"21abedf\" data-element_type=\"column\" data-e-type=\"column\">\n\t\t\t<div class=\"elementor-widget-wrap elementor-element-populated\">\n\t\t\t\t\t\t<div class=\"elementor-element elementor-element-cf7f5c2 elementor-widget elementor-widget-text-editor\" data-id=\"cf7f5c2\" data-element_type=\"widget\" data-e-type=\"widget\" data-widget_type=\"text-editor.default\">\n\t\t\t\t<div class=\"elementor-widget-container\">\n\t\t\t\t\t\t\t\t\t<h2 class=\"p1\"><b>A relaxed and natural experience<\/b><\/h2>\t\t\t\t\t\t\t\t<\/div>\n\t\t\t\t<\/div>\n\t\t\t\t\t<\/div>\n\t\t<\/div>\n\t\t\t\t\t<\/div>\n\t\t<\/section>\n\t\t\t\t<section class=\"penci-section penci-disSticky penci-structure-10 elementor-section elementor-top-section elementor-element elementor-element-090264f elementor-section-full_width elementor-section-height-default elementor-section-height-default\" data-id=\"090264f\" data-element_type=\"section\" data-e-type=\"section\">\n\t\t\t\t\t\t<div class=\"elementor-container elementor-column-gap-default\">\n\t\t\t\t\t<div class=\"penci-ercol-100 penci-ercol-order-1 penci-sticky-ct    elementor-column elementor-col-100 elementor-top-column elementor-element elementor-element-f9a8b6b\" data-id=\"f9a8b6b\" data-element_type=\"column\" data-e-type=\"column\">\n\t\t\t<div class=\"elementor-widget-wrap elementor-element-populated\">\n\t\t\t\t\t\t<div class=\"elementor-element elementor-element-f8d3a62 elementor-widget elementor-widget-image\" data-id=\"f8d3a62\" data-element_type=\"widget\" data-e-type=\"widget\" data-widget_type=\"image.default\">\n\t\t\t\t<div class=\"elementor-widget-container\">\n\t\t\t\t\t\t\t\t\t\t\t\t\t\t\t<img loading=\"lazy\" decoding=\"async\" width=\"787\" height=\"1181\" src=\"https:\/\/www.inmadelvalle.com\/wp-content\/uploads\/2026\/04\/family-maternity-photoshoot-mallorca-14.webp\" class=\"attachment-full size-full wp-image-61678\" alt=\"father lifting daughter in the air on the beach during a family photoshoot in Mallorca\" srcset=\"https:\/\/www.inmadelvalle.com\/wp-content\/uploads\/2026\/04\/family-maternity-photoshoot-mallorca-14.webp 787w, https:\/\/www.inmadelvalle.com\/wp-content\/uploads\/2026\/04\/family-maternity-photoshoot-mallorca-14-200x300.webp 200w, https:\/\/www.inmadelvalle.com\/wp-content\/uploads\/2026\/04\/family-maternity-photoshoot-mallorca-14-682x1024.webp 682w, https:\/\/www.inmadelvalle.com\/wp-content\/uploads\/2026\/04\/family-maternity-photoshoot-mallorca-14-768x1152.webp 768w, https:\/\/www.inmadelvalle.com\/wp-content\/uploads\/2026\/04\/family-maternity-photoshoot-mallorca-14-585x878.webp 585w\" sizes=\"(max-width: 787px) 100vw, 787px\" \/>\t\t\t\t\t\t\t\t\t\t\t\t\t\t\t<\/div>\n\t\t\t\t<\/div>\n\t\t\t\t\t<\/div>\n\t\t<\/div>\n\t\t\t\t\t<\/div>\n\t\t<\/section>\n\t\t\t\t<section class=\"penci-section penci-disSticky penci-structure-10 elementor-section elementor-top-section elementor-element elementor-element-01fa425 elementor-section-boxed elementor-section-height-default elementor-section-height-default\" data-id=\"01fa425\" data-element_type=\"section\" data-e-type=\"section\">\n\t\t\t\t\t\t<div class=\"elementor-container elementor-column-gap-default\">\n\t\t\t\t\t<div class=\"penci-ercol-100 penci-ercol-order-1 penci-sticky-ct    elementor-column elementor-col-100 elementor-top-column elementor-element elementor-element-0a49b65\" data-id=\"0a49b65\" data-element_type=\"column\" data-e-type=\"column\">\n\t\t\t<div class=\"elementor-widget-wrap elementor-element-populated\">\n\t\t\t\t\t\t<div class=\"elementor-element elementor-element-67e30ad elementor-widget elementor-widget-text-editor\" data-id=\"67e30ad\" data-element_type=\"widget\" data-e-type=\"widget\" data-widget_type=\"text-editor.default\">\n\t\t\t\t<div class=\"elementor-widget-container\">\n\t\t\t\t\t\t\t\t\t<p class=\"p1\">During the session, there is no pressure and no strict posing. Everything is guided in a soft and natural way. This helps families feel comfortable, especially when children are involved. Cloe felt free to be herself, and that is exactly what makes the images feel honest and full of life. At the same time, we created space for more emotional moments, focusing on the connection between Coralie and her partner as they prepare to welcome Artur.<\/p>\t\t\t\t\t\t\t\t<\/div>\n\t\t\t\t<\/div>\n\t\t\t\t\t<\/div>\n\t\t<\/div>\n\t\t\t\t\t<\/div>\n\t\t<\/section>\n\t\t\t\t<section class=\"penci-section penci-disSticky penci-structure-10 elementor-section elementor-top-section elementor-element elementor-element-edcaac4 elementor-section-boxed elementor-section-height-default elementor-section-height-default\" data-id=\"edcaac4\" data-element_type=\"section\" data-e-type=\"section\">\n\t\t\t\t\t\t<div class=\"elementor-container elementor-column-gap-default\">\n\t\t\t\t\t<div class=\"penci-ercol-100 penci-ercol-order-1 penci-sticky-ct    elementor-column elementor-col-100 elementor-top-column elementor-element elementor-element-4f955d4\" data-id=\"4f955d4\" data-element_type=\"column\" data-e-type=\"column\">\n\t\t\t<div class=\"elementor-widget-wrap elementor-element-populated\">\n\t\t\t\t\t\t<div class=\"elementor-element elementor-element-f85fcf6 e-transform e-transform elementor-widget elementor-widget-html\" data-id=\"f85fcf6\" data-element_type=\"widget\" data-e-type=\"widget\" data-settings=\"{&quot;_transform_translateX_effect&quot;:{&quot;unit&quot;:&quot;px&quot;,&quot;size&quot;:12,&quot;sizes&quot;:[]},&quot;_transform_scale_effect&quot;:{&quot;unit&quot;:&quot;px&quot;,&quot;size&quot;:1.3,&quot;sizes&quot;:[]},&quot;_transform_translateX_effect_tablet&quot;:{&quot;unit&quot;:&quot;px&quot;,&quot;size&quot;:&quot;&quot;,&quot;sizes&quot;:[]},&quot;_transform_translateX_effect_mobile&quot;:{&quot;unit&quot;:&quot;px&quot;,&quot;size&quot;:&quot;&quot;,&quot;sizes&quot;:[]},&quot;_transform_translateY_effect&quot;:{&quot;unit&quot;:&quot;px&quot;,&quot;size&quot;:&quot;&quot;,&quot;sizes&quot;:[]},&quot;_transform_translateY_effect_tablet&quot;:{&quot;unit&quot;:&quot;px&quot;,&quot;size&quot;:&quot;&quot;,&quot;sizes&quot;:[]},&quot;_transform_translateY_effect_mobile&quot;:{&quot;unit&quot;:&quot;px&quot;,&quot;size&quot;:&quot;&quot;,&quot;sizes&quot;:[]},&quot;_transform_scale_effect_tablet&quot;:{&quot;unit&quot;:&quot;px&quot;,&quot;size&quot;:&quot;&quot;,&quot;sizes&quot;:[]},&quot;_transform_scale_effect_mobile&quot;:{&quot;unit&quot;:&quot;px&quot;,&quot;size&quot;:&quot;&quot;,&quot;sizes&quot;:[]}}\" data-widget_type=\"html.default\">\n\t\t\t\t<div class=\"elementor-widget-container\">\n\t\t\t\t\t<h2 style=\"text-align: center\">\n  <a class=\"typeform-share button\" href=\"mailto:infoinmadelvalle@gmail.com\" style=\"text-decoration: none;background-color: #8F7A35;color: white;cursor: pointer;font-family: UNNA, Arial, sans-serif;font-size: 20px;line-height: 50px;text-align: center;margin: 0;height: 50px;padding: 0px 33px;border-radius: 25px;max-width: 100%;overflow: hidden;font-weight: bold\">\n    Contact\n  <\/a>\n<\/h2>\n\t\t\t\t<\/div>\n\t\t\t\t<\/div>\n\t\t\t\t\t<\/div>\n\t\t<\/div>\n\t\t\t\t\t<\/div>\n\t\t<\/section>\n\t\t\t\t<section class=\"penci-section penci-disSticky penci-structure-10 elementor-section elementor-top-section elementor-element elementor-element-f02211e elementor-section-full_width elementor-section-height-default elementor-section-height-default\" data-id=\"f02211e\" data-element_type=\"section\" data-e-type=\"section\">\n\t\t\t\t\t\t<div class=\"elementor-container elementor-column-gap-default\">\n\t\t\t\t\t<div class=\"penci-ercol-100 penci-ercol-order-1 penci-sticky-ct    elementor-column elementor-col-100 elementor-top-column elementor-element elementor-element-fd5958d\" data-id=\"fd5958d\" data-element_type=\"column\" data-e-type=\"column\">\n\t\t\t<div class=\"elementor-widget-wrap elementor-element-populated\">\n\t\t\t\t\t\t<div class=\"elementor-element elementor-element-874fbea elementor-widget elementor-widget-image\" data-id=\"874fbea\" data-element_type=\"widget\" data-e-type=\"widget\" data-widget_type=\"image.default\">\n\t\t\t\t<div class=\"elementor-widget-container\">\n\t\t\t\t\t\t\t\t\t\t\t\t\t\t\t<img loading=\"lazy\" decoding=\"async\" width=\"1181\" height=\"823\" src=\"https:\/\/www.inmadelvalle.com\/wp-content\/uploads\/2026\/04\/family-maternity-photoshoot-mallorca-16.webp\" class=\"attachment-full size-full wp-image-61680\" alt=\"family relaxing on the beach during a family maternity photoshoot Mallorca\" srcset=\"https:\/\/www.inmadelvalle.com\/wp-content\/uploads\/2026\/04\/family-maternity-photoshoot-mallorca-16.webp 1181w, https:\/\/www.inmadelvalle.com\/wp-content\/uploads\/2026\/04\/family-maternity-photoshoot-mallorca-16-300x209.webp 300w, https:\/\/www.inmadelvalle.com\/wp-content\/uploads\/2026\/04\/family-maternity-photoshoot-mallorca-16-1024x714.webp 1024w, https:\/\/www.inmadelvalle.com\/wp-content\/uploads\/2026\/04\/family-maternity-photoshoot-mallorca-16-768x535.webp 768w, https:\/\/www.inmadelvalle.com\/wp-content\/uploads\/2026\/04\/family-maternity-photoshoot-mallorca-16-585x408.webp 585w\" sizes=\"(max-width: 1181px) 100vw, 1181px\" \/>\t\t\t\t\t\t\t\t\t\t\t\t\t\t\t<\/div>\n\t\t\t\t<\/div>\n\t\t\t\t\t<\/div>\n\t\t<\/div>\n\t\t\t\t\t<\/div>\n\t\t<\/section>\n\t\t\t\t<section class=\"penci-section penci-disSticky penci-structure-10 elementor-section elementor-top-section elementor-element elementor-element-974279a elementor-section-boxed elementor-section-height-default elementor-section-height-default\" data-id=\"974279a\" data-element_type=\"section\" data-e-type=\"section\">\n\t\t\t\t\t\t<div class=\"elementor-container elementor-column-gap-default\">\n\t\t\t\t\t<div class=\"penci-ercol-100 penci-ercol-order-1 penci-sticky-ct    elementor-column elementor-col-100 elementor-top-column elementor-element elementor-element-99e0194\" data-id=\"99e0194\" data-element_type=\"column\" data-e-type=\"column\">\n\t\t\t<div class=\"elementor-widget-wrap elementor-element-populated\">\n\t\t\t\t\t\t<div class=\"elementor-element elementor-element-c7a407c elementor-widget elementor-widget-heading\" data-id=\"c7a407c\" data-element_type=\"widget\" data-e-type=\"widget\" data-widget_type=\"heading.default\">\n\t\t\t\t<div class=\"elementor-widget-container\">\n\t\t\t\t\t<h2 class=\"elementor-heading-title elementor-size-default\">Family maternity photography Mallorca \n<\/h2>\t\t\t\t<\/div>\n\t\t\t\t<\/div>\n\t\t\t\t\t<\/div>\n\t\t<\/div>\n\t\t\t\t\t<\/div>\n\t\t<\/section>\n\t\t\t\t<section class=\"penci-section penci-disSticky penci-structure-10 elementor-section elementor-top-section elementor-element elementor-element-b318726 elementor-section-boxed elementor-section-height-default elementor-section-height-default\" data-id=\"b318726\" data-element_type=\"section\" data-e-type=\"section\">\n\t\t\t\t\t\t<div class=\"elementor-container elementor-column-gap-default\">\n\t\t\t\t\t<div class=\"penci-ercol-100 penci-ercol-order-1 penci-sticky-ct    elementor-column elementor-col-100 elementor-top-column elementor-element elementor-element-660d40e\" data-id=\"660d40e\" data-element_type=\"column\" data-e-type=\"column\">\n\t\t\t<div class=\"elementor-widget-wrap elementor-element-populated\">\n\t\t\t\t\t\t<div class=\"elementor-element elementor-element-f6b05d3 elementor-widget elementor-widget-text-editor\" data-id=\"f6b05d3\" data-element_type=\"widget\" data-e-type=\"widget\" data-widget_type=\"text-editor.default\">\n\t\t\t\t<div class=\"elementor-widget-container\">\n\t\t\t\t\t\t\t\t\t<h2 class=\"p1\"><b>A memory before everything changes<\/b><\/h2>\t\t\t\t\t\t\t\t<\/div>\n\t\t\t\t<\/div>\n\t\t\t\t\t<\/div>\n\t\t<\/div>\n\t\t\t\t\t<\/div>\n\t\t<\/section>\n\t\t\t\t<section class=\"penci-section penci-disSticky penci-structure-10 elementor-section elementor-top-section elementor-element elementor-element-f81c740 elementor-section-boxed elementor-section-height-default elementor-section-height-default\" data-id=\"f81c740\" data-element_type=\"section\" data-e-type=\"section\">\n\t\t\t\t\t\t<div class=\"elementor-container elementor-column-gap-default\">\n\t\t\t\t\t<div class=\"penci-ercol-100 penci-ercol-order-1 penci-sticky-ct    elementor-column elementor-col-100 elementor-top-column elementor-element elementor-element-8657b11\" data-id=\"8657b11\" data-element_type=\"column\" data-e-type=\"column\">\n\t\t\t<div class=\"elementor-widget-wrap elementor-element-populated\">\n\t\t\t\t\t\t<div class=\"elementor-element elementor-element-a553e17 elementor-widget elementor-widget-text-editor\" data-id=\"a553e17\" data-element_type=\"widget\" data-e-type=\"widget\" data-widget_type=\"text-editor.default\">\n\t\t\t\t<div class=\"elementor-widget-container\">\n\t\t\t\t\t\t\t\t\t<p class=\"p1\">This <a href=\"https:\/\/www.inmadelvalle.com\/en\/family-photoshoot-in-mallorca\/\"><strong>family session in Mallorca<\/strong><\/a> represents a moment in between. A family as it is now, just before it grows. For Coralie and her family, these images will always remind them of this stage. The anticipation, the calm, and the love before meeting their baby boy. That is the essence of a <b>family maternity photoshoot Mallorca<\/b>, creating memories that will become more meaningful with time.<\/p>\t\t\t\t\t\t\t\t<\/div>\n\t\t\t\t<\/div>\n\t\t\t\t\t<\/div>\n\t\t<\/div>\n\t\t\t\t\t<\/div>\n\t\t<\/section>\n\t\t\t\t<section class=\"penci-section penci-disSticky penci-structure-20 elementor-section elementor-top-section elementor-element elementor-element-bd9c31c elementor-section-full_width elementor-section-height-default elementor-section-height-default\" data-id=\"bd9c31c\" data-element_type=\"section\" data-e-type=\"section\">\n\t\t\t\t\t\t<div class=\"elementor-container elementor-column-gap-default\">\n\t\t\t\t\t<div class=\"penci-ercol-50 penci-ercol-order-1 penci-sticky-ct    elementor-column elementor-col-50 elementor-top-column elementor-element elementor-element-885d41d\" data-id=\"885d41d\" data-element_type=\"column\" data-e-type=\"column\">\n\t\t\t<div class=\"elementor-widget-wrap elementor-element-populated\">\n\t\t\t\t\t\t<div class=\"elementor-element elementor-element-2853c62 elementor-widget elementor-widget-image\" data-id=\"2853c62\" data-element_type=\"widget\" data-e-type=\"widget\" data-widget_type=\"image.default\">\n\t\t\t\t<div class=\"elementor-widget-container\">\n\t\t\t\t\t\t\t\t\t\t\t\t\t\t\t<img loading=\"lazy\" decoding=\"async\" width=\"682\" height=\"1024\" src=\"https:\/\/www.inmadelvalle.com\/wp-content\/uploads\/2026\/04\/family-maternity-photoshoot-mallorca-13-682x1024.webp\" class=\"attachment-large size-large wp-image-61677\" alt=\"family walking along the beach with child playing in the background during a family photoshoot in Mallorca\" srcset=\"https:\/\/www.inmadelvalle.com\/wp-content\/uploads\/2026\/04\/family-maternity-photoshoot-mallorca-13-682x1024.webp 682w, https:\/\/www.inmadelvalle.com\/wp-content\/uploads\/2026\/04\/family-maternity-photoshoot-mallorca-13-200x300.webp 200w, https:\/\/www.inmadelvalle.com\/wp-content\/uploads\/2026\/04\/family-maternity-photoshoot-mallorca-13-768x1152.webp 768w, https:\/\/www.inmadelvalle.com\/wp-content\/uploads\/2026\/04\/family-maternity-photoshoot-mallorca-13-585x878.webp 585w, https:\/\/www.inmadelvalle.com\/wp-content\/uploads\/2026\/04\/family-maternity-photoshoot-mallorca-13.webp 787w\" sizes=\"(max-width: 682px) 100vw, 682px\" \/>\t\t\t\t\t\t\t\t\t\t\t\t\t\t\t<\/div>\n\t\t\t\t<\/div>\n\t\t\t\t\t<\/div>\n\t\t<\/div>\n\t\t\t\t<div class=\"penci-ercol-50 penci-ercol-order-2 penci-sticky-ct    elementor-column elementor-col-50 elementor-top-column elementor-element elementor-element-c50d298\" data-id=\"c50d298\" data-element_type=\"column\" data-e-type=\"column\">\n\t\t\t<div class=\"elementor-widget-wrap elementor-element-populated\">\n\t\t\t\t\t\t<div class=\"elementor-element elementor-element-cfb8932 elementor-widget elementor-widget-image\" data-id=\"cfb8932\" data-element_type=\"widget\" data-e-type=\"widget\" data-widget_type=\"image.default\">\n\t\t\t\t<div class=\"elementor-widget-container\">\n\t\t\t\t\t\t\t\t\t\t\t\t\t\t\t<img loading=\"lazy\" decoding=\"async\" width=\"683\" height=\"1024\" src=\"https:\/\/www.inmadelvalle.com\/wp-content\/uploads\/2026\/04\/family-maternity-photoshoot-mallorca-12-683x1024.webp\" class=\"attachment-large size-large wp-image-61676\" alt=\"family walking together along the coastline during a family maternity photoshoot Mallorca\" srcset=\"https:\/\/www.inmadelvalle.com\/wp-content\/uploads\/2026\/04\/family-maternity-photoshoot-mallorca-12-683x1024.webp 683w, https:\/\/www.inmadelvalle.com\/wp-content\/uploads\/2026\/04\/family-maternity-photoshoot-mallorca-12-200x300.webp 200w, https:\/\/www.inmadelvalle.com\/wp-content\/uploads\/2026\/04\/family-maternity-photoshoot-mallorca-12-768x1152.webp 768w, https:\/\/www.inmadelvalle.com\/wp-content\/uploads\/2026\/04\/family-maternity-photoshoot-mallorca-12-585x877.webp 585w, https:\/\/www.inmadelvalle.com\/wp-content\/uploads\/2026\/04\/family-maternity-photoshoot-mallorca-12.webp 787w\" sizes=\"(max-width: 683px) 100vw, 683px\" \/>\t\t\t\t\t\t\t\t\t\t\t\t\t\t\t<\/div>\n\t\t\t\t<\/div>\n\t\t\t\t\t<\/div>\n\t\t<\/div>\n\t\t\t\t\t<\/div>\n\t\t<\/section>\n\t\t\t\t<section class=\"penci-section penci-disSticky penci-structure-10 elementor-section elementor-top-section elementor-element elementor-element-390c9c8 elementor-section-boxed elementor-section-height-default elementor-section-height-default\" data-id=\"390c9c8\" data-element_type=\"section\" data-e-type=\"section\">\n\t\t\t\t\t\t<div class=\"elementor-container elementor-column-gap-default\">\n\t\t\t\t\t<div class=\"penci-ercol-100 penci-ercol-order-1 penci-sticky-ct    elementor-column elementor-col-100 elementor-top-column elementor-element elementor-element-5c2ea98\" data-id=\"5c2ea98\" data-element_type=\"column\" data-e-type=\"column\">\n\t\t\t<div class=\"elementor-widget-wrap elementor-element-populated\">\n\t\t\t\t\t\t<div class=\"elementor-element elementor-element-8387d5e elementor-widget elementor-widget-heading\" data-id=\"8387d5e\" data-element_type=\"widget\" data-e-type=\"widget\" data-widget_type=\"heading.default\">\n\t\t\t\t<div class=\"elementor-widget-container\">\n\t\t\t\t\t<h2 class=\"elementor-heading-title elementor-size-default\">Natural family maternity photography Mallorca\n<\/h2>\t\t\t\t<\/div>\n\t\t\t\t<\/div>\n\t\t\t\t\t<\/div>\n\t\t<\/div>\n\t\t\t\t\t<\/div>\n\t\t<\/section>\n\t\t\t\t<section class=\"penci-section penci-disSticky penci-structure-10 elementor-section elementor-top-section elementor-element elementor-element-45139a2 elementor-section-boxed elementor-section-height-default elementor-section-height-default\" data-id=\"45139a2\" data-element_type=\"section\" data-e-type=\"section\">\n\t\t\t\t\t\t<div class=\"elementor-container elementor-column-gap-default\">\n\t\t\t\t\t<div class=\"penci-ercol-100 penci-ercol-order-1 penci-sticky-ct    elementor-column elementor-col-100 elementor-top-column elementor-element elementor-element-1c60b05\" data-id=\"1c60b05\" data-element_type=\"column\" data-e-type=\"column\">\n\t\t\t<div class=\"elementor-widget-wrap elementor-element-populated\">\n\t\t\t\t\t\t<div class=\"elementor-element elementor-element-99a2c33 elementor-widget elementor-widget-text-editor\" data-id=\"99a2c33\" data-element_type=\"widget\" data-e-type=\"widget\" data-widget_type=\"text-editor.default\">\n\t\t\t\t<div class=\"elementor-widget-container\">\n\t\t\t\t\t\t\t\t\t<h2 class=\"p1\"><b>Book your pregnancy and family photoshoot in Mallorca<\/b><\/h2>\t\t\t\t\t\t\t\t<\/div>\n\t\t\t\t<\/div>\n\t\t\t\t\t<\/div>\n\t\t<\/div>\n\t\t\t\t\t<\/div>\n\t\t<\/section>\n\t\t\t\t<section class=\"penci-section penci-disSticky penci-structure-10 elementor-section elementor-top-section elementor-element elementor-element-277c614 elementor-section-boxed elementor-section-height-default elementor-section-height-default\" data-id=\"277c614\" data-element_type=\"section\" data-e-type=\"section\">\n\t\t\t\t\t\t<div class=\"elementor-container elementor-column-gap-default\">\n\t\t\t\t\t<div class=\"penci-ercol-100 penci-ercol-order-1 penci-sticky-ct    elementor-column elementor-col-100 elementor-top-column elementor-element elementor-element-b0b7083\" data-id=\"b0b7083\" data-element_type=\"column\" data-e-type=\"column\">\n\t\t\t<div class=\"elementor-widget-wrap elementor-element-populated\">\n\t\t\t\t\t\t<div class=\"elementor-element elementor-element-b28d2a1 elementor-widget elementor-widget-text-editor\" data-id=\"b28d2a1\" data-element_type=\"widget\" data-e-type=\"widget\" data-widget_type=\"text-editor.default\">\n\t\t\t\t<div class=\"elementor-widget-container\">\n\t\t\t\t\t\t\t\t\t<p class=\"p1\">If you are planning a trip to Mallorca and want to capture this special stage of your life, I would love to help you. Whether you are expecting a baby, traveling with your family, or both, this experience is designed to feel natural, relaxed, and meaningful.<\/p><p class=\"p1\">Get in touch to book your <b>family maternity photoshoot Mallorca<\/b>, and let\u2019s create something truly special together.<\/p>\t\t\t\t\t\t\t\t<\/div>\n\t\t\t\t<\/div>\n\t\t\t\t\t<\/div>\n\t\t<\/div>\n\t\t\t\t\t<\/div>\n\t\t<\/section>\n\t\t\t\t<section class=\"penci-section penci-disSticky penci-structure-10 elementor-section elementor-top-section elementor-element elementor-element-69feed2 elementor-section-full_width elementor-section-height-default elementor-section-height-default\" data-id=\"69feed2\" data-element_type=\"section\" data-e-type=\"section\">\n\t\t\t\t\t\t<div class=\"elementor-container elementor-column-gap-default\">\n\t\t\t\t\t<div class=\"penci-ercol-100 penci-ercol-order-1 penci-sticky-ct    elementor-column elementor-col-100 elementor-top-column elementor-element elementor-element-0ab836a\" data-id=\"0ab836a\" data-element_type=\"column\" data-e-type=\"column\">\n\t\t\t<div class=\"elementor-widget-wrap elementor-element-populated\">\n\t\t\t\t\t\t<div class=\"elementor-element elementor-element-786bcf8 elementor-widget elementor-widget-image\" data-id=\"786bcf8\" data-element_type=\"widget\" data-e-type=\"widget\" data-widget_type=\"image.default\">\n\t\t\t\t<div class=\"elementor-widget-container\">\n\t\t\t\t\t\t\t\t\t\t\t\t\t\t\t<img loading=\"lazy\" decoding=\"async\" width=\"787\" height=\"1181\" src=\"https:\/\/www.inmadelvalle.com\/wp-content\/uploads\/2026\/04\/family-maternity-photoshoot-mallorca-08.webp\" class=\"attachment-full size-full wp-image-61672\" alt=\"pregnant woman sitting on the beach during a maternity photoshoot in Mallorca\" srcset=\"https:\/\/www.inmadelvalle.com\/wp-content\/uploads\/2026\/04\/family-maternity-photoshoot-mallorca-08.webp 787w, https:\/\/www.inmadelvalle.com\/wp-content\/uploads\/2026\/04\/family-maternity-photoshoot-mallorca-08-200x300.webp 200w, https:\/\/www.inmadelvalle.com\/wp-content\/uploads\/2026\/04\/family-maternity-photoshoot-mallorca-08-682x1024.webp 682w, https:\/\/www.inmadelvalle.com\/wp-content\/uploads\/2026\/04\/family-maternity-photoshoot-mallorca-08-768x1152.webp 768w, https:\/\/www.inmadelvalle.com\/wp-content\/uploads\/2026\/04\/family-maternity-photoshoot-mallorca-08-585x878.webp 585w\" sizes=\"(max-width: 787px) 100vw, 787px\" \/>\t\t\t\t\t\t\t\t\t\t\t\t\t\t\t<\/div>\n\t\t\t\t<\/div>\n\t\t\t\t\t<\/div>\n\t\t<\/div>\n\t\t\t\t\t<\/div>\n\t\t<\/section>\n\t\t\t\t<section class=\"penci-section penci-disSticky penci-structure-10 elementor-section elementor-top-section elementor-element elementor-element-fc67ca2 elementor-section-boxed elementor-section-height-default elementor-section-height-default\" data-id=\"fc67ca2\" data-element_type=\"section\" data-e-type=\"section\">\n\t\t\t\t\t\t<div class=\"elementor-container elementor-column-gap-default\">\n\t\t\t\t\t<div class=\"penci-ercol-100 penci-ercol-order-1 penci-sticky-ct    elementor-column elementor-col-100 elementor-top-column elementor-element elementor-element-c4ab502\" data-id=\"c4ab502\" data-element_type=\"column\" data-e-type=\"column\">\n\t\t\t<div class=\"elementor-widget-wrap elementor-element-populated\">\n\t\t\t\t\t\t<div class=\"elementor-element elementor-element-681bb37 elementor-widget elementor-widget-text-editor\" data-id=\"681bb37\" data-element_type=\"widget\" data-e-type=\"widget\" data-widget_type=\"text-editor.default\">\n\t\t\t\t<div class=\"elementor-widget-container\">\n\t\t\t\t\t\t\t\t\t<p><strong>Contact : infoinmadelvalle@gmail.com<\/strong><\/p>\t\t\t\t\t\t\t\t<\/div>\n\t\t\t\t<\/div>\n\t\t\t\t\t<\/div>\n\t\t<\/div>\n\t\t\t\t\t<\/div>\n\t\t<\/section>\n\t\t\t\t<section class=\"penci-section penci-disSticky penci-structure-10 elementor-section elementor-top-section elementor-element elementor-element-e47933b elementor-section-boxed elementor-section-height-default elementor-section-height-default\" data-id=\"e47933b\" data-element_type=\"section\" data-e-type=\"section\">\n\t\t\t\t\t\t<div class=\"elementor-container elementor-column-gap-default\">\n\t\t\t\t\t<div class=\"penci-ercol-100 penci-ercol-order-1 penci-sticky-ct    elementor-column elementor-col-100 elementor-top-column elementor-element elementor-element-c20dd99\" data-id=\"c20dd99\" data-element_type=\"column\" data-e-type=\"column\">\n\t\t\t<div class=\"elementor-widget-wrap elementor-element-populated\">\n\t\t\t\t\t\t<div class=\"elementor-element elementor-element-98eb6c8 e-transform e-transform elementor-widget elementor-widget-html\" data-id=\"98eb6c8\" data-element_type=\"widget\" data-e-type=\"widget\" data-settings=\"{&quot;_transform_translateX_effect&quot;:{&quot;unit&quot;:&quot;px&quot;,&quot;size&quot;:12,&quot;sizes&quot;:[]},&quot;_transform_scale_effect&quot;:{&quot;unit&quot;:&quot;px&quot;,&quot;size&quot;:1.3,&quot;sizes&quot;:[]},&quot;_transform_translateX_effect_tablet&quot;:{&quot;unit&quot;:&quot;px&quot;,&quot;size&quot;:&quot;&quot;,&quot;sizes&quot;:[]},&quot;_transform_translateX_effect_mobile&quot;:{&quot;unit&quot;:&quot;px&quot;,&quot;size&quot;:&quot;&quot;,&quot;sizes&quot;:[]},&quot;_transform_translateY_effect&quot;:{&quot;unit&quot;:&quot;px&quot;,&quot;size&quot;:&quot;&quot;,&quot;sizes&quot;:[]},&quot;_transform_translateY_effect_tablet&quot;:{&quot;unit&quot;:&quot;px&quot;,&quot;size&quot;:&quot;&quot;,&quot;sizes&quot;:[]},&quot;_transform_translateY_effect_mobile&quot;:{&quot;unit&quot;:&quot;px&quot;,&quot;size&quot;:&quot;&quot;,&quot;sizes&quot;:[]},&quot;_transform_scale_effect_tablet&quot;:{&quot;unit&quot;:&quot;px&quot;,&quot;size&quot;:&quot;&quot;,&quot;sizes&quot;:[]},&quot;_transform_scale_effect_mobile&quot;:{&quot;unit&quot;:&quot;px&quot;,&quot;size&quot;:&quot;&quot;,&quot;sizes&quot;:[]}}\" data-widget_type=\"html.default\">\n\t\t\t\t<div class=\"elementor-widget-container\">\n\t\t\t\t\t<!-- Elegant Vogue-style font -->\n<link href=\"https:\/\/fonts.googleapis.com\/css2?family=Playfair+Display:wght@500;600&display=swap\" rel=\"stylesheet\">\n\n<style>\n.instagram-button-wrapper {\n  display: flex;\n  justify-content: center;\n  align-items: center;\n  padding: 20px 20px;\n  background-color: #ffffff;\n}\n\n.elegant-instagram-button {\n  display: inline-block;\n  background-color: #ffffff !important;\n  color: #000000 !important; \/* Forced to black *\/\n  border: 2px solid #e8b4cc;\n  padding: 16px 28px;\n  border-radius: 40px;\n  font-size: 14px;\n  font-weight: 500;\n  text-decoration: none !important;\n  font-family: 'Playfair Display', serif !important;\n  transition: all 0.3s ease;\n  box-shadow: 0 6px 16px rgba(0, 0, 0, 0.04);\n  max-width: 90%;\n  text-align: center;\n  line-height: 1.5;\n}\n\n.elegant-instagram-button:hover {\n  background-color: #fceef4 !important;\n  color: #000000 !important;\n  box-shadow: 0 10px 30px rgba(0, 0, 0, 0.06);\n}\n<\/style>\n\n<div class=\"instagram-button-wrapper\">\n  <a class=\"elegant-instagram-button\"\n     href=\"https:\/\/www.instagram.com\/inmadelvallephotography\/\"\n     target=\"_blank\"\n     rel=\"noopener noreferrer\">\n     Follow me on Instagram @inmadelvallephotography to see more photoshoots in Mallorca, Mexico, and Italy\n  <\/a>\n<\/div>\t\t\t\t<\/div>\n\t\t\t\t<\/div>\n\t\t\t\t\t<\/div>\n\t\t<\/div>\n\t\t\t\t\t<\/div>\n\t\t<\/section>\n\t\t\t\t<section class=\"penci-section penci-disSticky penci-structure-10 elementor-section elementor-top-section elementor-element elementor-element-cda86fe elementor-section-boxed elementor-section-height-default elementor-section-height-default\" data-id=\"cda86fe\" data-element_type=\"section\" data-e-type=\"section\">\n\t\t\t\t\t\t<div class=\"elementor-container elementor-column-gap-default\">\n\t\t\t\t\t<div class=\"penci-ercol-100 penci-ercol-order-1 penci-sticky-ct    elementor-column elementor-col-100 elementor-top-column elementor-element elementor-element-e4c6356\" data-id=\"e4c6356\" data-element_type=\"column\" data-e-type=\"column\">\n\t\t\t<div class=\"elementor-widget-wrap elementor-element-populated\">\n\t\t\t\t\t\t<div class=\"elementor-element elementor-element-1d94145 e-transform e-transform elementor-widget elementor-widget-html\" data-id=\"1d94145\" data-element_type=\"widget\" data-e-type=\"widget\" data-settings=\"{&quot;_transform_translateX_effect&quot;:{&quot;unit&quot;:&quot;px&quot;,&quot;size&quot;:12,&quot;sizes&quot;:[]},&quot;_transform_scale_effect&quot;:{&quot;unit&quot;:&quot;px&quot;,&quot;size&quot;:1.3,&quot;sizes&quot;:[]},&quot;_transform_translateX_effect_tablet&quot;:{&quot;unit&quot;:&quot;px&quot;,&quot;size&quot;:&quot;&quot;,&quot;sizes&quot;:[]},&quot;_transform_translateX_effect_mobile&quot;:{&quot;unit&quot;:&quot;px&quot;,&quot;size&quot;:&quot;&quot;,&quot;sizes&quot;:[]},&quot;_transform_translateY_effect&quot;:{&quot;unit&quot;:&quot;px&quot;,&quot;size&quot;:&quot;&quot;,&quot;sizes&quot;:[]},&quot;_transform_translateY_effect_tablet&quot;:{&quot;unit&quot;:&quot;px&quot;,&quot;size&quot;:&quot;&quot;,&quot;sizes&quot;:[]},&quot;_transform_translateY_effect_mobile&quot;:{&quot;unit&quot;:&quot;px&quot;,&quot;size&quot;:&quot;&quot;,&quot;sizes&quot;:[]},&quot;_transform_scale_effect_tablet&quot;:{&quot;unit&quot;:&quot;px&quot;,&quot;size&quot;:&quot;&quot;,&quot;sizes&quot;:[]},&quot;_transform_scale_effect_mobile&quot;:{&quot;unit&quot;:&quot;px&quot;,&quot;size&quot;:&quot;&quot;,&quot;sizes&quot;:[]}}\" data-widget_type=\"html.default\">\n\t\t\t\t<div class=\"elementor-widget-container\">\n\t\t\t\t\t<h2 style=\"text-align: center\">\n  <a class=\"typeform-share button\" href=\"mailto:infoinmadelvalle@gmail.com\" style=\"text-decoration: none;background-color: #8F7A35;color: white;cursor: pointer;font-family: UNNA, Arial, sans-serif;font-size: 20px;line-height: 50px;text-align: center;margin: 0;height: 50px;padding: 0px 33px;border-radius: 25px;max-width: 100%;overflow: hidden;font-weight: bold\">\n    Contact\n  <\/a>\n<\/h2>\n\t\t\t\t<\/div>\n\t\t\t\t<\/div>\n\t\t\t\t\t<\/div>\n\t\t<\/div>\n\t\t\t\t\t<\/div>\n\t\t<\/section>\n\t\t\t\t<section class=\"penci-section penci-disSticky penci-structure-10 elementor-section elementor-top-section elementor-element elementor-element-9d4cd06 elementor-section-boxed elementor-section-height-default elementor-section-height-default\" data-id=\"9d4cd06\" data-element_type=\"section\" data-e-type=\"section\">\n\t\t\t\t\t\t<div class=\"elementor-container elementor-column-gap-default\">\n\t\t\t\t\t<div class=\"penci-ercol-100 penci-ercol-order-1 penci-sticky-ct    elementor-column elementor-col-100 elementor-top-column elementor-element elementor-element-4652b84\" data-id=\"4652b84\" data-element_type=\"column\" data-e-type=\"column\">\n\t\t\t<div class=\"elementor-widget-wrap elementor-element-populated\">\n\t\t\t\t\t\t<div class=\"elementor-element elementor-element-dbdaf0e elementor-widget elementor-widget-text-editor\" data-id=\"dbdaf0e\" data-element_type=\"widget\" data-e-type=\"widget\" data-widget_type=\"text-editor.default\">\n\t\t\t\t<div class=\"elementor-widget-container\">\n\t\t\t\t\t\t\t\t\t<h3><span data-olk-copy-source=\"MessageBody\"> \u00a0Inma del Valle fot\u00f3grafo de bodas en Mallorca, Mexico e Italia y books fotogr\u00e1ficos.<\/span><\/h3>\t\t\t\t\t\t\t\t<\/div>\n\t\t\t\t<\/div>\n\t\t\t\t\t<\/div>\n\t\t<\/div>\n\t\t\t\t\t<\/div>\n\t\t<\/section>\n\t\t\t\t<section class=\"penci-section penci-disSticky penci-structure-10 elementor-section elementor-top-section elementor-element elementor-element-1e0bd77 elementor-section-boxed elementor-section-height-default elementor-section-height-default\" data-id=\"1e0bd77\" data-element_type=\"section\" data-e-type=\"section\">\n\t\t\t\t\t\t<div class=\"elementor-container elementor-column-gap-default\">\n\t\t\t\t\t<div class=\"penci-ercol-100 penci-ercol-order-1 penci-sticky-ct    elementor-column elementor-col-100 elementor-top-column elementor-element elementor-element-bca2905\" data-id=\"bca2905\" data-element_type=\"column\" data-e-type=\"column\">\n\t\t\t<div class=\"elementor-widget-wrap elementor-element-populated\">\n\t\t\t\t\t\t<div class=\"elementor-element elementor-element-457e6e4 elementor-widget elementor-widget-heading\" data-id=\"457e6e4\" data-element_type=\"widget\" data-e-type=\"widget\" data-widget_type=\"heading.default\">\n\t\t\t\t<div class=\"elementor-widget-container\">\n\t\t\t\t\t<h2 class=\"elementor-heading-title elementor-size-default\">Family maternity photoshoot Mallorca<\/h2>\t\t\t\t<\/div>\n\t\t\t\t<\/div>\n\t\t\t\t\t<\/div>\n\t\t<\/div>\n\t\t\t\t\t<\/div>\n\t\t<\/section>\n\t\t\t\t<\/div>\n\t\t\n\n<div class=\"kk-star-ratings kksr-auto kksr-align-center kksr-valign-bottom\"\n    data-payload='{&quot;align&quot;:&quot;center&quot;,&quot;id&quot;:&quot;61650&quot;,&quot;slug&quot;:&quot;default&quot;,&quot;valign&quot;:&quot;bottom&quot;,&quot;ignore&quot;:&quot;&quot;,&quot;reference&quot;:&quot;auto&quot;,&quot;class&quot;:&quot;&quot;,&quot;count&quot;:&quot;0&quot;,&quot;legendonly&quot;:&quot;&quot;,&quot;readonly&quot;:&quot;&quot;,&quot;score&quot;:&quot;0&quot;,&quot;starsonly&quot;:&quot;&quot;,&quot;best&quot;:&quot;5&quot;,&quot;gap&quot;:&quot;4&quot;,&quot;greet&quot;:&quot;Valora este art\u00edculo, gracias por tu opini\u00f3n&quot;,&quot;legend&quot;:&quot;0\\\/5 - (0 votes)&quot;,&quot;size&quot;:&quot;24&quot;,&quot;title&quot;:&quot;Family maternity photoshoot Mallorca&quot;,&quot;width&quot;:&quot;0&quot;,&quot;_legend&quot;:&quot;{score}\\\/{best} - ({count} {votes})&quot;,&quot;font_factor&quot;:&quot;1.25&quot;}'>\n            \n<div class=\"kksr-stars\">\n    \n<div class=\"kksr-stars-inactive\">\n            <div class=\"kksr-star\" data-star=\"1\" style=\"padding-right: 4px\">\n            \n\n<div class=\"kksr-icon\" style=\"width: 24px; height: 24px;\"><\/div>\n        <\/div>\n            <div class=\"kksr-star\" data-star=\"2\" style=\"padding-right: 4px\">\n            \n\n<div class=\"kksr-icon\" style=\"width: 24px; height: 24px;\"><\/div>\n        <\/div>\n            <div class=\"kksr-star\" data-star=\"3\" style=\"padding-right: 4px\">\n            \n\n<div class=\"kksr-icon\" style=\"width: 24px; height: 24px;\"><\/div>\n        <\/div>\n            <div class=\"kksr-star\" data-star=\"4\" style=\"padding-right: 4px\">\n            \n\n<div class=\"kksr-icon\" style=\"width: 24px; height: 24px;\"><\/div>\n        <\/div>\n            <div class=\"kksr-star\" data-star=\"5\" style=\"padding-right: 4px\">\n            \n\n<div class=\"kksr-icon\" style=\"width: 24px; height: 24px;\"><\/div>\n        <\/div>\n    <\/div>\n    \n<div class=\"kksr-stars-active\" style=\"width: 0px;\">\n            <div class=\"kksr-star\" style=\"padding-right: 4px\">\n            \n\n<div class=\"kksr-icon\" style=\"width: 24px; height: 24px;\"><\/div>\n        <\/div>\n            <div class=\"kksr-star\" style=\"padding-right: 4px\">\n            \n\n<div class=\"kksr-icon\" style=\"width: 24px; height: 24px;\"><\/div>\n        <\/div>\n            <div class=\"kksr-star\" style=\"padding-right: 4px\">\n            \n\n<div class=\"kksr-icon\" style=\"width: 24px; height: 24px;\"><\/div>\n        <\/div>\n            <div class=\"kksr-star\" style=\"padding-right: 4px\">\n            \n\n<div class=\"kksr-icon\" style=\"width: 24px; height: 24px;\"><\/div>\n        <\/div>\n            <div class=\"kksr-star\" style=\"padding-right: 4px\">\n            \n\n<div class=\"kksr-icon\" style=\"width: 24px; height: 24px;\"><\/div>\n        <\/div>\n    <\/div>\n<\/div>\n                \n\n<div class=\"kksr-legend\" style=\"font-size: 19.2px;\">\n            <span class=\"kksr-muted\">Valora este art\u00edculo, gracias por tu opini\u00f3n<\/span>\n    <\/div>\n    <\/div>\n","protected":false},"excerpt":{"rendered":"<p>Family maternity photoshoot Mallorca. A natural pregnancy and family photoshoot in Mallorca by the sea There are moments in life&hellip;<\/p>\n","protected":false},"author":6,"featured_media":61667,"comment_status":"open","ping_status":"open","sticky":false,"template":"","format":"standard","meta":{"_acf_changed":false,"_lmt_disableupdate":"","_lmt_disable":"","footnotes":""},"categories":[4408,5095],"tags":[5446,4819,4817],"class_list":["post-61650","post","type-post","status-publish","format-standard","has-post-thumbnail","hentry","category-family-shootings","category-pregnant-shooting-in-mallorca","tag-family-maternity-photoshoot-mallorca","tag-family-photographer-in-mallorca","tag-pregnancy-photographer-in-mallorca"],"acf":[],"yoast_head":"<!-- This site is optimized with the Yoast SEO Premium plugin v27.5 (Yoast SEO v27.5) - https:\/\/yoast.com\/product\/yoast-seo-premium-wordpress\/ -->\n<title>Family maternity photoshoot Mallorca by Inma del Valle.<\/title>\n<meta name=\"description\" content=\"Family maternity photoshoot Mallorca by Inma del Valle. Natural and emotional images for families expecting a baby.\" \/>\n<meta name=\"robots\" content=\"index, follow, max-snippet:-1, max-image-preview:large, max-video-preview:-1\" \/>\n<link rel=\"canonical\" href=\"https:\/\/www.inmadelvalle.com\/en\/family-maternity-photoshoot-mallorca\/\" \/>\n<meta property=\"og:locale\" content=\"en_US\" \/>\n<meta property=\"og:type\" content=\"article\" \/>\n<meta property=\"og:title\" content=\"Family maternity photoshoot Mallorca\" \/>\n<meta property=\"og:description\" content=\"Family maternity photoshoot Mallorca by Inma del Valle. Natural and emotional images for families expecting a baby.\" \/>\n<meta property=\"og:url\" content=\"https:\/\/www.inmadelvalle.com\/en\/family-maternity-photoshoot-mallorca\/\" \/>\n<meta property=\"og:site_name\" content=\"[English] Photographers Mallorca | Inma del Valle | Wedding photographers Mallorca\" \/>\n<meta property=\"article:publisher\" content=\"https:\/\/es-la.facebook.com\/InmadelValle\" \/>\n<meta property=\"article:published_time\" content=\"2026-04-30T15:36:11+00:00\" \/>\n<meta property=\"article:modified_time\" content=\"2026-04-30T15:36:20+00:00\" \/>\n<meta property=\"og:image\" content=\"https:\/\/www.inmadelvalle.com\/wp-content\/uploads\/2026\/04\/family-maternity-photoshoot-mallorca-03.webp\" \/>\n\t<meta property=\"og:image:width\" content=\"787\" \/>\n\t<meta property=\"og:image:height\" content=\"1181\" \/>\n\t<meta property=\"og:image:type\" content=\"image\/webp\" \/>\n<meta name=\"author\" content=\"Inma del Valle bueno\" \/>\n<meta name=\"twitter:card\" content=\"summary_large_image\" \/>\n<meta name=\"twitter:creator\" content=\"@Emibel1984\" \/>\n<meta name=\"twitter:site\" content=\"@Emibel1984\" \/>\n<meta name=\"twitter:label1\" content=\"Written by\" \/>\n\t<meta name=\"twitter:data1\" content=\"Inma del Valle bueno\" \/>\n\t<meta name=\"twitter:label2\" content=\"Est. reading time\" \/>\n\t<meta name=\"twitter:data2\" content=\"7 minutes\" \/>\n<script type=\"application\/ld+json\" class=\"yoast-schema-graph\">{\"@context\":\"https:\\\/\\\/schema.org\",\"@graph\":[{\"@type\":\"Article\",\"@id\":\"https:\\\/\\\/www.inmadelvalle.com\\\/en\\\/family-maternity-photoshoot-mallorca\\\/#article\",\"isPartOf\":{\"@id\":\"https:\\\/\\\/www.inmadelvalle.com\\\/en\\\/family-maternity-photoshoot-mallorca\\\/\"},\"author\":{\"name\":\"Inma del Valle bueno\",\"@id\":\"https:\\\/\\\/www.inmadelvalle.com\\\/en\\\/#\\\/schema\\\/person\\\/f94481be855aef5eb03d66daea5f63a0\"},\"headline\":\"Family maternity photoshoot Mallorca\",\"datePublished\":\"2026-04-30T15:36:11+00:00\",\"dateModified\":\"2026-04-30T15:36:20+00:00\",\"mainEntityOfPage\":{\"@id\":\"https:\\\/\\\/www.inmadelvalle.com\\\/en\\\/family-maternity-photoshoot-mallorca\\\/\"},\"wordCount\":757,\"commentCount\":0,\"publisher\":{\"@id\":\"https:\\\/\\\/www.inmadelvalle.com\\\/en\\\/#organization\"},\"image\":{\"@id\":\"https:\\\/\\\/www.inmadelvalle.com\\\/en\\\/family-maternity-photoshoot-mallorca\\\/#primaryimage\"},\"thumbnailUrl\":\"https:\\\/\\\/www.inmadelvalle.com\\\/wp-content\\\/uploads\\\/2026\\\/04\\\/family-maternity-photoshoot-mallorca-03.webp\",\"keywords\":[\"family maternity photoshoot Mallorca\",\"Family photographer in Mallorca\",\"Pregnancy photographer in Mallorca\"],\"articleSection\":[\"Family shootings\",\"pregnant shooting in mallorca\"],\"inLanguage\":\"en-US\",\"potentialAction\":[{\"@type\":\"CommentAction\",\"name\":\"Comment\",\"target\":[\"https:\\\/\\\/www.inmadelvalle.com\\\/en\\\/family-maternity-photoshoot-mallorca\\\/#respond\"]}]},{\"@type\":\"WebPage\",\"@id\":\"https:\\\/\\\/www.inmadelvalle.com\\\/en\\\/family-maternity-photoshoot-mallorca\\\/\",\"url\":\"https:\\\/\\\/www.inmadelvalle.com\\\/en\\\/family-maternity-photoshoot-mallorca\\\/\",\"name\":\"Family maternity photoshoot Mallorca by Inma del Valle.\",\"isPartOf\":{\"@id\":\"https:\\\/\\\/www.inmadelvalle.com\\\/en\\\/#website\"},\"primaryImageOfPage\":{\"@id\":\"https:\\\/\\\/www.inmadelvalle.com\\\/en\\\/family-maternity-photoshoot-mallorca\\\/#primaryimage\"},\"image\":{\"@id\":\"https:\\\/\\\/www.inmadelvalle.com\\\/en\\\/family-maternity-photoshoot-mallorca\\\/#primaryimage\"},\"thumbnailUrl\":\"https:\\\/\\\/www.inmadelvalle.com\\\/wp-content\\\/uploads\\\/2026\\\/04\\\/family-maternity-photoshoot-mallorca-03.webp\",\"datePublished\":\"2026-04-30T15:36:11+00:00\",\"dateModified\":\"2026-04-30T15:36:20+00:00\",\"description\":\"Family maternity photoshoot Mallorca by Inma del Valle. Natural and emotional images for families expecting a baby.\",\"breadcrumb\":{\"@id\":\"https:\\\/\\\/www.inmadelvalle.com\\\/en\\\/family-maternity-photoshoot-mallorca\\\/#breadcrumb\"},\"inLanguage\":\"en-US\",\"potentialAction\":[{\"@type\":\"ReadAction\",\"target\":[\"https:\\\/\\\/www.inmadelvalle.com\\\/en\\\/family-maternity-photoshoot-mallorca\\\/\"]}]},{\"@type\":\"ImageObject\",\"inLanguage\":\"en-US\",\"@id\":\"https:\\\/\\\/www.inmadelvalle.com\\\/en\\\/family-maternity-photoshoot-mallorca\\\/#primaryimage\",\"url\":\"https:\\\/\\\/www.inmadelvalle.com\\\/wp-content\\\/uploads\\\/2026\\\/04\\\/family-maternity-photoshoot-mallorca-03.webp\",\"contentUrl\":\"https:\\\/\\\/www.inmadelvalle.com\\\/wp-content\\\/uploads\\\/2026\\\/04\\\/family-maternity-photoshoot-mallorca-03.webp\",\"width\":787,\"height\":1181,\"caption\":\"A joyful family moment surrounded by warm sunset light in nature\"},{\"@type\":\"BreadcrumbList\",\"@id\":\"https:\\\/\\\/www.inmadelvalle.com\\\/en\\\/family-maternity-photoshoot-mallorca\\\/#breadcrumb\",\"itemListElement\":[{\"@type\":\"ListItem\",\"position\":1,\"name\":\"Portada\",\"item\":\"https:\\\/\\\/www.inmadelvalle.com\\\/en\\\/\"},{\"@type\":\"ListItem\",\"position\":2,\"name\":\"Family maternity photoshoot Mallorca\"}]},{\"@type\":\"WebSite\",\"@id\":\"https:\\\/\\\/www.inmadelvalle.com\\\/en\\\/#website\",\"url\":\"https:\\\/\\\/www.inmadelvalle.com\\\/en\\\/\",\"name\":\"[English] Photographers Mallorca | Inma del Valle | Wedding photographers Mallorca\",\"description\":\"[English] Fot\u00f3grafo en Mallorca | Inma del Valle | Fot\u00f3grafos de bodas en Mallorca | Ten un recuerdo original y elegante del d\u00eda de tu boda. Wedding photographer.\",\"publisher\":{\"@id\":\"https:\\\/\\\/www.inmadelvalle.com\\\/en\\\/#organization\"},\"potentialAction\":[{\"@type\":\"SearchAction\",\"target\":{\"@type\":\"EntryPoint\",\"urlTemplate\":\"https:\\\/\\\/www.inmadelvalle.com\\\/en\\\/?s={search_term_string}\"},\"query-input\":{\"@type\":\"PropertyValueSpecification\",\"valueRequired\":true,\"valueName\":\"search_term_string\"}}],\"inLanguage\":\"en-US\"},{\"@type\":\"Organization\",\"@id\":\"https:\\\/\\\/www.inmadelvalle.com\\\/en\\\/#organization\",\"name\":\"Inma del Valle fotograf\u00eda\",\"url\":\"https:\\\/\\\/www.inmadelvalle.com\\\/en\\\/\",\"logo\":{\"@type\":\"ImageObject\",\"inLanguage\":\"en-US\",\"@id\":\"https:\\\/\\\/www.inmadelvalle.com\\\/en\\\/#\\\/schema\\\/logo\\\/image\\\/\",\"url\":\"https:\\\/\\\/www.inmadelvalle.com\\\/wp-content\\\/uploads\\\/2018\\\/11\\\/foto\u0301grafo-en-mallorca-logo.png\",\"contentUrl\":\"https:\\\/\\\/www.inmadelvalle.com\\\/wp-content\\\/uploads\\\/2018\\\/11\\\/foto\u0301grafo-en-mallorca-logo.png\",\"width\":486,\"height\":408,\"caption\":\"Inma del Valle fotograf\u00eda\"},\"image\":{\"@id\":\"https:\\\/\\\/www.inmadelvalle.com\\\/en\\\/#\\\/schema\\\/logo\\\/image\\\/\"},\"sameAs\":[\"https:\\\/\\\/es-la.facebook.com\\\/InmadelValle\",\"https:\\\/\\\/x.com\\\/Emibel1984\",\"https:\\\/\\\/www.instagram.com\\\/inmadelvallephotography\\\/\",\"https:\\\/\\\/www.linkedin.com\\\/in\\\/inmadelvalle\\\/\",\"https:\\\/\\\/www.pinterest.es\\\/inmadelvalle\\\/\"],\"description\":\"Destination wedding photographer based in Mallorca, specializing in luxury and intimate weddings across Mallorca, Ibiza, Italy and Mexico. Known for a natural, editorial and emotion driven approach, offering a personalized experience for couples from all over the world.\",\"email\":\"infoinmadelvalle@gmail.com\",\"telephone\":\"+34616866588\",\"legalName\":\"Inma del Valle fotograf\u00eda\"},{\"@type\":\"Person\",\"@id\":\"https:\\\/\\\/www.inmadelvalle.com\\\/en\\\/#\\\/schema\\\/person\\\/f94481be855aef5eb03d66daea5f63a0\",\"name\":\"Inma del Valle bueno\",\"image\":{\"@type\":\"ImageObject\",\"inLanguage\":\"en-US\",\"@id\":\"https:\\\/\\\/secure.gravatar.com\\\/avatar\\\/ea904d2bb0314860683cb151385904055a4f14eb3d9d9b9d94b3afc96e1507fb?s=96&d=mm&r=g\",\"url\":\"https:\\\/\\\/secure.gravatar.com\\\/avatar\\\/ea904d2bb0314860683cb151385904055a4f14eb3d9d9b9d94b3afc96e1507fb?s=96&d=mm&r=g\",\"contentUrl\":\"https:\\\/\\\/secure.gravatar.com\\\/avatar\\\/ea904d2bb0314860683cb151385904055a4f14eb3d9d9b9d94b3afc96e1507fb?s=96&d=mm&r=g\",\"caption\":\"Inma del Valle bueno\"}}]}<\/script>\n<!-- \/ Yoast SEO Premium plugin. -->","yoast_head_json":{"title":"Family maternity photoshoot Mallorca by Inma del Valle.","description":"Family maternity photoshoot Mallorca by Inma del Valle. Natural and emotional images for families expecting a baby.","robots":{"index":"index","follow":"follow","max-snippet":"max-snippet:-1","max-image-preview":"max-image-preview:large","max-video-preview":"max-video-preview:-1"},"canonical":"https:\/\/www.inmadelvalle.com\/en\/family-maternity-photoshoot-mallorca\/","og_locale":"en_US","og_type":"article","og_title":"Family maternity photoshoot Mallorca","og_description":"Family maternity photoshoot Mallorca by Inma del Valle. Natural and emotional images for families expecting a baby.","og_url":"https:\/\/www.inmadelvalle.com\/en\/family-maternity-photoshoot-mallorca\/","og_site_name":"[English] Photographers Mallorca | Inma del Valle | Wedding photographers Mallorca","article_publisher":"https:\/\/es-la.facebook.com\/InmadelValle","article_published_time":"2026-04-30T15:36:11+00:00","article_modified_time":"2026-04-30T15:36:20+00:00","og_image":[{"width":787,"height":1181,"url":"https:\/\/www.inmadelvalle.com\/wp-content\/uploads\/2026\/04\/family-maternity-photoshoot-mallorca-03.webp","type":"image\/webp"}],"author":"Inma del Valle bueno","twitter_card":"summary_large_image","twitter_creator":"@Emibel1984","twitter_site":"@Emibel1984","twitter_misc":{"Written by":"Inma del Valle bueno","Est. reading time":"7 minutes"},"schema":{"@context":"https:\/\/schema.org","@graph":[{"@type":"Article","@id":"https:\/\/www.inmadelvalle.com\/en\/family-maternity-photoshoot-mallorca\/#article","isPartOf":{"@id":"https:\/\/www.inmadelvalle.com\/en\/family-maternity-photoshoot-mallorca\/"},"author":{"name":"Inma del Valle bueno","@id":"https:\/\/www.inmadelvalle.com\/en\/#\/schema\/person\/f94481be855aef5eb03d66daea5f63a0"},"headline":"Family maternity photoshoot Mallorca","datePublished":"2026-04-30T15:36:11+00:00","dateModified":"2026-04-30T15:36:20+00:00","mainEntityOfPage":{"@id":"https:\/\/www.inmadelvalle.com\/en\/family-maternity-photoshoot-mallorca\/"},"wordCount":757,"commentCount":0,"publisher":{"@id":"https:\/\/www.inmadelvalle.com\/en\/#organization"},"image":{"@id":"https:\/\/www.inmadelvalle.com\/en\/family-maternity-photoshoot-mallorca\/#primaryimage"},"thumbnailUrl":"https:\/\/www.inmadelvalle.com\/wp-content\/uploads\/2026\/04\/family-maternity-photoshoot-mallorca-03.webp","keywords":["family maternity photoshoot Mallorca","Family photographer in Mallorca","Pregnancy photographer in Mallorca"],"articleSection":["Family shootings","pregnant shooting in mallorca"],"inLanguage":"en-US","potentialAction":[{"@type":"CommentAction","name":"Comment","target":["https:\/\/www.inmadelvalle.com\/en\/family-maternity-photoshoot-mallorca\/#respond"]}]},{"@type":"WebPage","@id":"https:\/\/www.inmadelvalle.com\/en\/family-maternity-photoshoot-mallorca\/","url":"https:\/\/www.inmadelvalle.com\/en\/family-maternity-photoshoot-mallorca\/","name":"Family maternity photoshoot Mallorca by Inma del Valle.","isPartOf":{"@id":"https:\/\/www.inmadelvalle.com\/en\/#website"},"primaryImageOfPage":{"@id":"https:\/\/www.inmadelvalle.com\/en\/family-maternity-photoshoot-mallorca\/#primaryimage"},"image":{"@id":"https:\/\/www.inmadelvalle.com\/en\/family-maternity-photoshoot-mallorca\/#primaryimage"},"thumbnailUrl":"https:\/\/www.inmadelvalle.com\/wp-content\/uploads\/2026\/04\/family-maternity-photoshoot-mallorca-03.webp","datePublished":"2026-04-30T15:36:11+00:00","dateModified":"2026-04-30T15:36:20+00:00","description":"Family maternity photoshoot Mallorca by Inma del Valle. Natural and emotional images for families expecting a baby.","breadcrumb":{"@id":"https:\/\/www.inmadelvalle.com\/en\/family-maternity-photoshoot-mallorca\/#breadcrumb"},"inLanguage":"en-US","potentialAction":[{"@type":"ReadAction","target":["https:\/\/www.inmadelvalle.com\/en\/family-maternity-photoshoot-mallorca\/"]}]},{"@type":"ImageObject","inLanguage":"en-US","@id":"https:\/\/www.inmadelvalle.com\/en\/family-maternity-photoshoot-mallorca\/#primaryimage","url":"https:\/\/www.inmadelvalle.com\/wp-content\/uploads\/2026\/04\/family-maternity-photoshoot-mallorca-03.webp","contentUrl":"https:\/\/www.inmadelvalle.com\/wp-content\/uploads\/2026\/04\/family-maternity-photoshoot-mallorca-03.webp","width":787,"height":1181,"caption":"A joyful family moment surrounded by warm sunset light in nature"},{"@type":"BreadcrumbList","@id":"https:\/\/www.inmadelvalle.com\/en\/family-maternity-photoshoot-mallorca\/#breadcrumb","itemListElement":[{"@type":"ListItem","position":1,"name":"Portada","item":"https:\/\/www.inmadelvalle.com\/en\/"},{"@type":"ListItem","position":2,"name":"Family maternity photoshoot Mallorca"}]},{"@type":"WebSite","@id":"https:\/\/www.inmadelvalle.com\/en\/#website","url":"https:\/\/www.inmadelvalle.com\/en\/","name":"[English] Photographers Mallorca | Inma del Valle | Wedding photographers Mallorca","description":"[English] Fot\u00f3grafo en Mallorca | Inma del Valle | Fot\u00f3grafos de bodas en Mallorca | Ten un recuerdo original y elegante del d\u00eda de tu boda. Wedding photographer.","publisher":{"@id":"https:\/\/www.inmadelvalle.com\/en\/#organization"},"potentialAction":[{"@type":"SearchAction","target":{"@type":"EntryPoint","urlTemplate":"https:\/\/www.inmadelvalle.com\/en\/?s={search_term_string}"},"query-input":{"@type":"PropertyValueSpecification","valueRequired":true,"valueName":"search_term_string"}}],"inLanguage":"en-US"},{"@type":"Organization","@id":"https:\/\/www.inmadelvalle.com\/en\/#organization","name":"Inma del Valle fotograf\u00eda","url":"https:\/\/www.inmadelvalle.com\/en\/","logo":{"@type":"ImageObject","inLanguage":"en-US","@id":"https:\/\/www.inmadelvalle.com\/en\/#\/schema\/logo\/image\/","url":"https:\/\/www.inmadelvalle.com\/wp-content\/uploads\/2018\/11\/foto\u0301grafo-en-mallorca-logo.png","contentUrl":"https:\/\/www.inmadelvalle.com\/wp-content\/uploads\/2018\/11\/foto\u0301grafo-en-mallorca-logo.png","width":486,"height":408,"caption":"Inma del Valle fotograf\u00eda"},"image":{"@id":"https:\/\/www.inmadelvalle.com\/en\/#\/schema\/logo\/image\/"},"sameAs":["https:\/\/es-la.facebook.com\/InmadelValle","https:\/\/x.com\/Emibel1984","https:\/\/www.instagram.com\/inmadelvallephotography\/","https:\/\/www.linkedin.com\/in\/inmadelvalle\/","https:\/\/www.pinterest.es\/inmadelvalle\/"],"description":"Destination wedding photographer based in Mallorca, specializing in luxury and intimate weddings across Mallorca, Ibiza, Italy and Mexico. Known for a natural, editorial and emotion driven approach, offering a personalized experience for couples from all over the world.","email":"infoinmadelvalle@gmail.com","telephone":"+34616866588","legalName":"Inma del Valle fotograf\u00eda"},{"@type":"Person","@id":"https:\/\/www.inmadelvalle.com\/en\/#\/schema\/person\/f94481be855aef5eb03d66daea5f63a0","name":"Inma del Valle bueno","image":{"@type":"ImageObject","inLanguage":"en-US","@id":"https:\/\/secure.gravatar.com\/avatar\/ea904d2bb0314860683cb151385904055a4f14eb3d9d9b9d94b3afc96e1507fb?s=96&d=mm&r=g","url":"https:\/\/secure.gravatar.com\/avatar\/ea904d2bb0314860683cb151385904055a4f14eb3d9d9b9d94b3afc96e1507fb?s=96&d=mm&r=g","contentUrl":"https:\/\/secure.gravatar.com\/avatar\/ea904d2bb0314860683cb151385904055a4f14eb3d9d9b9d94b3afc96e1507fb?s=96&d=mm&r=g","caption":"Inma del Valle bueno"}}]}},"_links":{"self":[{"href":"https:\/\/www.inmadelvalle.com\/en\/wp-json\/wp\/v2\/posts\/61650","targetHints":{"allow":["GET"]}}],"collection":[{"href":"https:\/\/www.inmadelvalle.com\/en\/wp-json\/wp\/v2\/posts"}],"about":[{"href":"https:\/\/www.inmadelvalle.com\/en\/wp-json\/wp\/v2\/types\/post"}],"author":[{"embeddable":true,"href":"https:\/\/www.inmadelvalle.com\/en\/wp-json\/wp\/v2\/users\/6"}],"replies":[{"embeddable":true,"href":"https:\/\/www.inmadelvalle.com\/en\/wp-json\/wp\/v2\/comments?post=61650"}],"version-history":[{"count":5,"href":"https:\/\/www.inmadelvalle.com\/en\/wp-json\/wp\/v2\/posts\/61650\/revisions"}],"predecessor-version":[{"id":61689,"href":"https:\/\/www.inmadelvalle.com\/en\/wp-json\/wp\/v2\/posts\/61650\/revisions\/61689"}],"wp:featuredmedia":[{"embeddable":true,"href":"https:\/\/www.inmadelvalle.com\/en\/wp-json\/wp\/v2\/media\/61667"}],"wp:attachment":[{"href":"https:\/\/www.inmadelvalle.com\/en\/wp-json\/wp\/v2\/media?parent=61650"}],"wp:term":[{"taxonomy":"category","embeddable":true,"href":"https:\/\/www.inmadelvalle.com\/en\/wp-json\/wp\/v2\/categories?post=61650"},{"taxonomy":"post_tag","embeddable":true,"href":"https:\/\/www.inmadelvalle.com\/en\/wp-json\/wp\/v2\/tags?post=61650"}],"curies":[{"name":"wp","href":"https:\/\/api.w.org\/{rel}","templated":true}]}}