{"id":61803,"date":"2026-05-01T16:21:42","date_gmt":"2026-05-01T14:21:42","guid":{"rendered":"https:\/\/www.inmadelvalle.com\/?p=61803"},"modified":"2026-05-01T16:21:51","modified_gmt":"2026-05-01T14:21:51","slug":"first-photo-book-in-mallorca","status":"publish","type":"post","link":"https:\/\/www.inmadelvalle.com\/en\/first-photo-book-in-mallorca\/","title":{"rendered":"First photo book in Mallorca"},"content":{"rendered":"\t\t<div data-elementor-type=\"wp-post\" data-elementor-id=\"61803\" class=\"elementor elementor-61803 elementor-61742\">\n\t\t\t\t\t\t<section class=\"penci-section penci-disSticky penci-structure-10 elementor-section elementor-top-section elementor-element elementor-element-afc365f elementor-section-boxed elementor-section-height-default elementor-section-height-default\" data-id=\"afc365f\" data-element_type=\"section\" data-e-type=\"section\">\n\t\t\t\t\t\t<div class=\"elementor-container elementor-column-gap-default\">\n\t\t\t\t\t<div class=\"penci-ercol-100 penci-ercol-order-1 penci-sticky-ct    elementor-column elementor-col-100 elementor-top-column elementor-element elementor-element-4def6d9\" data-id=\"4def6d9\" data-element_type=\"column\" data-e-type=\"column\">\n\t\t\t<div class=\"elementor-widget-wrap elementor-element-populated\">\n\t\t\t\t\t\t<div class=\"elementor-element elementor-element-63f7640 elementor-widget elementor-widget-text-editor\" data-id=\"63f7640\" data-element_type=\"widget\" data-e-type=\"widget\" data-widget_type=\"text-editor.default\">\n\t\t\t\t<div class=\"elementor-widget-container\">\n\t\t\t\t\t\t\t\t\t<p>First photo book in Mallorca.<\/p>\t\t\t\t\t\t\t\t<\/div>\n\t\t\t\t<\/div>\n\t\t\t\t\t<\/div>\n\t\t<\/div>\n\t\t\t\t\t<\/div>\n\t\t<\/section>\n\t\t\t\t<section class=\"penci-section penci-disSticky penci-structure-10 elementor-section elementor-top-section elementor-element elementor-element-176c84c elementor-section-boxed elementor-section-height-default elementor-section-height-default\" data-id=\"176c84c\" data-element_type=\"section\" data-e-type=\"section\">\n\t\t\t\t\t\t<div class=\"elementor-container elementor-column-gap-default\">\n\t\t\t\t\t<div class=\"penci-ercol-100 penci-ercol-order-1 penci-sticky-ct    elementor-column elementor-col-100 elementor-top-column elementor-element elementor-element-2a703d0\" data-id=\"2a703d0\" data-element_type=\"column\" data-e-type=\"column\">\n\t\t\t<div class=\"elementor-widget-wrap elementor-element-populated\">\n\t\t\t\t\t\t<div class=\"elementor-element elementor-element-ca7f2f2 elementor-widget elementor-widget-text-editor\" data-id=\"ca7f2f2\" data-element_type=\"widget\" data-e-type=\"widget\" data-widget_type=\"text-editor.default\">\n\t\t\t\t<div class=\"elementor-widget-container\">\n\t\t\t\t\t\t\t\t\t<h2 class=\"p1\">The perfect time to get started<\/h2>\t\t\t\t\t\t\t\t<\/div>\n\t\t\t\t<\/div>\n\t\t\t\t\t<\/div>\n\t\t<\/div>\n\t\t\t\t\t<\/div>\n\t\t<\/section>\n\t\t\t\t<section class=\"penci-section penci-disSticky penci-structure-10 elementor-section elementor-top-section elementor-element elementor-element-364bc35 elementor-section-boxed elementor-section-height-default elementor-section-height-default\" data-id=\"364bc35\" data-element_type=\"section\" data-e-type=\"section\">\n\t\t\t\t\t\t<div class=\"elementor-container elementor-column-gap-default\">\n\t\t\t\t\t<div class=\"penci-ercol-100 penci-ercol-order-1 penci-sticky-ct    elementor-column elementor-col-100 elementor-top-column elementor-element elementor-element-c39b7c7\" data-id=\"c39b7c7\" data-element_type=\"column\" data-e-type=\"column\">\n\t\t\t<div class=\"elementor-widget-wrap elementor-element-populated\">\n\t\t\t\t\t\t<div class=\"elementor-element elementor-element-47601ca elementor-widget elementor-widget-text-editor\" data-id=\"47601ca\" data-element_type=\"widget\" data-e-type=\"widget\" data-widget_type=\"text-editor.default\">\n\t\t\t\t<div class=\"elementor-widget-container\">\n\t\t\t\t\t\t\t\t\t<p>There are decisions that change the way you see yourself, and doing your <strong>first photo book in Mallorca<\/strong> is one of them. It doesn\u2019t matter your age or whether you have experience in front of the camera. Today, the world of fashion, advertising, and social media is looking for real people, with personality and natural presence. That\u2019s why choosing a <a href=\"https:\/\/www.inmadelvalle.com\/en\/childrens-portfolio-photographer-in-mallorca\/\"><strong>professional<\/strong> <strong>photo book in Mallorca<\/strong><\/a> can be the beginning of something much bigger than you imagine.<\/p>\t\t\t\t\t\t\t\t<\/div>\n\t\t\t\t<\/div>\n\t\t\t\t\t<\/div>\n\t\t<\/div>\n\t\t\t\t\t<\/div>\n\t\t<\/section>\n\t\t\t\t<section class=\"penci-section penci-disSticky penci-structure-10 elementor-section elementor-top-section elementor-element elementor-element-f322cee elementor-section-full_width elementor-section-height-default elementor-section-height-default\" data-id=\"f322cee\" data-element_type=\"section\" data-e-type=\"section\">\n\t\t\t\t\t\t<div class=\"elementor-container elementor-column-gap-default\">\n\t\t\t\t\t<div class=\"penci-ercol-100 penci-ercol-order-1 penci-sticky-ct    elementor-column elementor-col-100 elementor-top-column elementor-element elementor-element-d1f60ba\" data-id=\"d1f60ba\" data-element_type=\"column\" data-e-type=\"column\">\n\t\t\t<div class=\"elementor-widget-wrap elementor-element-populated\">\n\t\t\t\t\t\t<div class=\"elementor-element elementor-element-9f9684d elementor-widget elementor-widget-image\" data-id=\"9f9684d\" data-element_type=\"widget\" data-e-type=\"widget\" data-widget_type=\"image.default\">\n\t\t\t\t<div class=\"elementor-widget-container\">\n\t\t\t\t\t\t\t\t\t\t\t\t\t\t\t<img fetchpriority=\"high\" decoding=\"async\" width=\"787\" height=\"976\" src=\"https:\/\/www.inmadelvalle.com\/wp-content\/uploads\/2026\/05\/first-photo-book-in-mallorca-05.jpg\" class=\"attachment-full size-full wp-image-61815\" alt=\"woman posing in studio for portfolio\" srcset=\"https:\/\/www.inmadelvalle.com\/wp-content\/uploads\/2026\/05\/first-photo-book-in-mallorca-05.jpg 787w, https:\/\/www.inmadelvalle.com\/wp-content\/uploads\/2026\/05\/first-photo-book-in-mallorca-05-242x300.jpg 242w, https:\/\/www.inmadelvalle.com\/wp-content\/uploads\/2026\/05\/first-photo-book-in-mallorca-05-768x952.jpg 768w, https:\/\/www.inmadelvalle.com\/wp-content\/uploads\/2026\/05\/first-photo-book-in-mallorca-05-585x725.jpg 585w\" sizes=\"(max-width: 787px) 100vw, 787px\" \/>\t\t\t\t\t\t\t\t\t\t\t\t\t\t\t<\/div>\n\t\t\t\t<\/div>\n\t\t\t\t\t<\/div>\n\t\t<\/div>\n\t\t\t\t\t<\/div>\n\t\t<\/section>\n\t\t\t\t<section class=\"penci-section penci-disSticky penci-structure-10 elementor-section elementor-top-section elementor-element elementor-element-472e95a elementor-section-boxed elementor-section-height-default elementor-section-height-default\" data-id=\"472e95a\" data-element_type=\"section\" data-e-type=\"section\">\n\t\t\t\t\t\t<div class=\"elementor-container elementor-column-gap-default\">\n\t\t\t\t\t<div class=\"penci-ercol-100 penci-ercol-order-1 penci-sticky-ct    elementor-column elementor-col-100 elementor-top-column elementor-element elementor-element-b630b5a\" data-id=\"b630b5a\" data-element_type=\"column\" data-e-type=\"column\">\n\t\t\t<div class=\"elementor-widget-wrap elementor-element-populated\">\n\t\t\t\t\t\t<div class=\"elementor-element elementor-element-57c2bb5 elementor-widget elementor-widget-text-editor\" data-id=\"57c2bb5\" data-element_type=\"widget\" data-e-type=\"widget\" data-widget_type=\"text-editor.default\">\n\t\t\t\t<div class=\"elementor-widget-container\">\n\t\t\t\t\t\t\t\t\t<p class=\"p1\">Many people believe that you need to \u201cbe good enough\u201d before doing a <a href=\"https:\/\/www.inmadelvalle.com\/en\/photo-book-for-agencies-in-mallorca\/\"><strong>\u00a0professionnal\u00a0 book in Mallorca<\/strong><\/a>, but it\u2019s actually the opposite. It is the book that helps you discover your potential, build confidence, and show your best version. Both for adults and children, a well directed <strong>professional photoshoot in Mallorca<\/strong> can make all the difference.<\/p>\t\t\t\t\t\t\t\t<\/div>\n\t\t\t\t<\/div>\n\t\t\t\t\t<\/div>\n\t\t<\/div>\n\t\t\t\t\t<\/div>\n\t\t<\/section>\n\t\t\t\t<section class=\"penci-section penci-disSticky penci-structure-10 elementor-section elementor-top-section elementor-element elementor-element-256ca04 elementor-section-full_width elementor-section-height-default elementor-section-height-default\" data-id=\"256ca04\" data-element_type=\"section\" data-e-type=\"section\">\n\t\t\t\t\t\t<div class=\"elementor-container elementor-column-gap-default\">\n\t\t\t\t\t<div class=\"penci-ercol-100 penci-ercol-order-1 penci-sticky-ct    elementor-column elementor-col-100 elementor-top-column elementor-element elementor-element-faaf3ec\" data-id=\"faaf3ec\" data-element_type=\"column\" data-e-type=\"column\">\n\t\t\t<div class=\"elementor-widget-wrap elementor-element-populated\">\n\t\t\t\t\t\t<div class=\"elementor-element elementor-element-a869a5a elementor-widget elementor-widget-image\" data-id=\"a869a5a\" data-element_type=\"widget\" data-e-type=\"widget\" data-widget_type=\"image.default\">\n\t\t\t\t<div class=\"elementor-widget-container\">\n\t\t\t\t\t\t\t\t\t\t\t\t\t\t\t<img decoding=\"async\" width=\"787\" height=\"1181\" src=\"https:\/\/www.inmadelvalle.com\/wp-content\/uploads\/2026\/05\/first-photo-book-in-mallorca-14.webp\" class=\"attachment-full size-full wp-image-61824\" alt=\"smiling child in studio photoshoot\" srcset=\"https:\/\/www.inmadelvalle.com\/wp-content\/uploads\/2026\/05\/first-photo-book-in-mallorca-14.webp 787w, https:\/\/www.inmadelvalle.com\/wp-content\/uploads\/2026\/05\/first-photo-book-in-mallorca-14-200x300.webp 200w, https:\/\/www.inmadelvalle.com\/wp-content\/uploads\/2026\/05\/first-photo-book-in-mallorca-14-682x1024.webp 682w, https:\/\/www.inmadelvalle.com\/wp-content\/uploads\/2026\/05\/first-photo-book-in-mallorca-14-768x1152.webp 768w, https:\/\/www.inmadelvalle.com\/wp-content\/uploads\/2026\/05\/first-photo-book-in-mallorca-14-585x878.webp 585w\" sizes=\"(max-width: 787px) 100vw, 787px\" \/>\t\t\t\t\t\t\t\t\t\t\t\t\t\t\t<\/div>\n\t\t\t\t<\/div>\n\t\t\t\t\t<\/div>\n\t\t<\/div>\n\t\t\t\t\t<\/div>\n\t\t<\/section>\n\t\t\t\t<section class=\"penci-section penci-disSticky penci-structure-10 elementor-section elementor-top-section elementor-element elementor-element-5747804 elementor-section-boxed elementor-section-height-default elementor-section-height-default\" data-id=\"5747804\" data-element_type=\"section\" data-e-type=\"section\">\n\t\t\t\t\t\t<div class=\"elementor-container elementor-column-gap-default\">\n\t\t\t\t\t<div class=\"penci-ercol-100 penci-ercol-order-1 penci-sticky-ct    elementor-column elementor-col-100 elementor-top-column elementor-element elementor-element-1ed2b7b\" data-id=\"1ed2b7b\" data-element_type=\"column\" data-e-type=\"column\">\n\t\t\t<div class=\"elementor-widget-wrap elementor-element-populated\">\n\t\t\t\t\t\t<div class=\"elementor-element elementor-element-cc00406 elementor-widget elementor-widget-heading\" data-id=\"cc00406\" data-element_type=\"widget\" data-e-type=\"widget\" data-widget_type=\"heading.default\">\n\t\t\t\t<div class=\"elementor-widget-container\">\n\t\t\t\t\t<h2 class=\"elementor-heading-title elementor-size-default\">How to create your first photo book in Mallorca\n<\/h2>\t\t\t\t<\/div>\n\t\t\t\t<\/div>\n\t\t\t\t\t<\/div>\n\t\t<\/div>\n\t\t\t\t\t<\/div>\n\t\t<\/section>\n\t\t\t\t<section class=\"penci-section penci-disSticky penci-structure-10 elementor-section elementor-top-section elementor-element elementor-element-aa755c0 elementor-section-boxed elementor-section-height-default elementor-section-height-default\" data-id=\"aa755c0\" data-element_type=\"section\" data-e-type=\"section\">\n\t\t\t\t\t\t<div class=\"elementor-container elementor-column-gap-default\">\n\t\t\t\t\t<div class=\"penci-ercol-100 penci-ercol-order-1 penci-sticky-ct    elementor-column elementor-col-100 elementor-top-column elementor-element elementor-element-77188b1\" data-id=\"77188b1\" data-element_type=\"column\" data-e-type=\"column\">\n\t\t\t<div class=\"elementor-widget-wrap elementor-element-populated\">\n\t\t\t\t\t\t<div class=\"elementor-element elementor-element-740daaf elementor-widget elementor-widget-text-editor\" data-id=\"740daaf\" data-element_type=\"widget\" data-e-type=\"widget\" data-widget_type=\"text-editor.default\">\n\t\t\t\t<div class=\"elementor-widget-container\">\n\t\t\t\t\t\t\t\t\t<h2 class=\"p1\">An experience designed to bring out the best in you<\/h2>\t\t\t\t\t\t\t\t<\/div>\n\t\t\t\t<\/div>\n\t\t\t\t\t<\/div>\n\t\t<\/div>\n\t\t\t\t\t<\/div>\n\t\t<\/section>\n\t\t\t\t<section class=\"penci-section penci-disSticky penci-structure-10 elementor-section elementor-top-section elementor-element elementor-element-ab4a1ac elementor-section-boxed elementor-section-height-default elementor-section-height-default\" data-id=\"ab4a1ac\" data-element_type=\"section\" data-e-type=\"section\">\n\t\t\t\t\t\t<div class=\"elementor-container elementor-column-gap-default\">\n\t\t\t\t\t<div class=\"penci-ercol-100 penci-ercol-order-1 penci-sticky-ct    elementor-column elementor-col-100 elementor-top-column elementor-element elementor-element-c8c3799\" data-id=\"c8c3799\" data-element_type=\"column\" data-e-type=\"column\">\n\t\t\t<div class=\"elementor-widget-wrap elementor-element-populated\">\n\t\t\t\t\t\t<div class=\"elementor-element elementor-element-fa7a2e9 elementor-widget elementor-widget-text-editor\" data-id=\"fa7a2e9\" data-element_type=\"widget\" data-e-type=\"widget\" data-widget_type=\"text-editor.default\">\n\t\t\t\t<div class=\"elementor-widget-container\">\n\t\t\t\t\t\t\t\t\t<p>Creating your <strong>first photo book in Mallorca<\/strong> is not just about posing in front of a <a href=\"https:\/\/www.canon.es\/\"><strong>camera<\/strong><\/a>. It is a complete experience where everything is carefully designed so you feel comfortable from the very beginning. The direction, the light, the setting, and every detail are planned to ensure the images truly reflect who you are.<\/p>\t\t\t\t\t\t\t\t<\/div>\n\t\t\t\t<\/div>\n\t\t\t\t\t<\/div>\n\t\t<\/div>\n\t\t\t\t\t<\/div>\n\t\t<\/section>\n\t\t\t\t<section class=\"penci-section penci-disSticky penci-structure-20 elementor-section elementor-top-section elementor-element elementor-element-cb2c155 elementor-section-full_width elementor-section-height-default elementor-section-height-default\" data-id=\"cb2c155\" data-element_type=\"section\" data-e-type=\"section\">\n\t\t\t\t\t\t<div class=\"elementor-container elementor-column-gap-default\">\n\t\t\t\t\t<div class=\"penci-ercol-50 penci-ercol-order-1 penci-sticky-ct    elementor-column elementor-col-50 elementor-top-column elementor-element elementor-element-3c9d7a9\" data-id=\"3c9d7a9\" data-element_type=\"column\" data-e-type=\"column\">\n\t\t\t<div class=\"elementor-widget-wrap elementor-element-populated\">\n\t\t\t\t\t\t<div class=\"elementor-element elementor-element-f229be3 elementor-widget elementor-widget-image\" data-id=\"f229be3\" data-element_type=\"widget\" data-e-type=\"widget\" data-widget_type=\"image.default\">\n\t\t\t\t<div class=\"elementor-widget-container\">\n\t\t\t\t\t\t\t\t\t\t\t\t\t\t\t<img decoding=\"async\" width=\"662\" height=\"1024\" src=\"https:\/\/www.inmadelvalle.com\/wp-content\/uploads\/2026\/05\/first-photo-book-in-mallorca-10-662x1024.webp\" class=\"attachment-large size-large wp-image-61820\" alt=\"close up smiling child portrait\" srcset=\"https:\/\/www.inmadelvalle.com\/wp-content\/uploads\/2026\/05\/first-photo-book-in-mallorca-10-662x1024.webp 662w, https:\/\/www.inmadelvalle.com\/wp-content\/uploads\/2026\/05\/first-photo-book-in-mallorca-10-194x300.webp 194w, https:\/\/www.inmadelvalle.com\/wp-content\/uploads\/2026\/05\/first-photo-book-in-mallorca-10-768x1188.webp 768w, https:\/\/www.inmadelvalle.com\/wp-content\/uploads\/2026\/05\/first-photo-book-in-mallorca-10-585x905.webp 585w, https:\/\/www.inmadelvalle.com\/wp-content\/uploads\/2026\/05\/first-photo-book-in-mallorca-10.webp 787w\" sizes=\"(max-width: 662px) 100vw, 662px\" \/>\t\t\t\t\t\t\t\t\t\t\t\t\t\t\t<\/div>\n\t\t\t\t<\/div>\n\t\t\t\t\t<\/div>\n\t\t<\/div>\n\t\t\t\t<div class=\"penci-ercol-50 penci-ercol-order-2 penci-sticky-ct    elementor-column elementor-col-50 elementor-top-column elementor-element elementor-element-b631528\" data-id=\"b631528\" data-element_type=\"column\" data-e-type=\"column\">\n\t\t\t<div class=\"elementor-widget-wrap elementor-element-populated\">\n\t\t\t\t\t\t<div class=\"elementor-element elementor-element-e16b623 elementor-widget elementor-widget-image\" data-id=\"e16b623\" data-element_type=\"widget\" data-e-type=\"widget\" data-widget_type=\"image.default\">\n\t\t\t\t<div class=\"elementor-widget-container\">\n\t\t\t\t\t\t\t\t\t\t\t\t\t\t\t<img loading=\"lazy\" decoding=\"async\" width=\"1024\" height=\"714\" src=\"https:\/\/www.inmadelvalle.com\/wp-content\/uploads\/2026\/05\/first-photo-book-in-mallorca-06-1024x714.jpg\" class=\"attachment-large size-large wp-image-61816\" alt=\"child with dog during photoshoot\" srcset=\"https:\/\/www.inmadelvalle.com\/wp-content\/uploads\/2026\/05\/first-photo-book-in-mallorca-06-1024x714.jpg 1024w, https:\/\/www.inmadelvalle.com\/wp-content\/uploads\/2026\/05\/first-photo-book-in-mallorca-06-300x209.jpg 300w, https:\/\/www.inmadelvalle.com\/wp-content\/uploads\/2026\/05\/first-photo-book-in-mallorca-06-768x536.jpg 768w, https:\/\/www.inmadelvalle.com\/wp-content\/uploads\/2026\/05\/first-photo-book-in-mallorca-06-585x408.jpg 585w, https:\/\/www.inmadelvalle.com\/wp-content\/uploads\/2026\/05\/first-photo-book-in-mallorca-06.jpg 1181w\" sizes=\"(max-width: 1024px) 100vw, 1024px\" \/>\t\t\t\t\t\t\t\t\t\t\t\t\t\t\t<\/div>\n\t\t\t\t<\/div>\n\t\t\t\t\t<\/div>\n\t\t<\/div>\n\t\t\t\t\t<\/div>\n\t\t<\/section>\n\t\t\t\t<section class=\"penci-section penci-disSticky penci-structure-10 elementor-section elementor-top-section elementor-element elementor-element-9dfb346 elementor-section-boxed elementor-section-height-default elementor-section-height-default\" data-id=\"9dfb346\" data-element_type=\"section\" data-e-type=\"section\">\n\t\t\t\t\t\t<div class=\"elementor-container elementor-column-gap-default\">\n\t\t\t\t\t<div class=\"penci-ercol-100 penci-ercol-order-1 penci-sticky-ct    elementor-column elementor-col-100 elementor-top-column elementor-element elementor-element-8ff1b72\" data-id=\"8ff1b72\" data-element_type=\"column\" data-e-type=\"column\">\n\t\t\t<div class=\"elementor-widget-wrap elementor-element-populated\">\n\t\t\t\t\t\t<div class=\"elementor-element elementor-element-3d2d33a e-transform e-transform elementor-widget elementor-widget-html\" data-id=\"3d2d33a\" data-element_type=\"widget\" data-e-type=\"widget\" data-settings=\"{&quot;_transform_translateX_effect&quot;:{&quot;unit&quot;:&quot;px&quot;,&quot;size&quot;:12,&quot;sizes&quot;:[]},&quot;_transform_scale_effect&quot;:{&quot;unit&quot;:&quot;px&quot;,&quot;size&quot;:1.3,&quot;sizes&quot;:[]},&quot;_transform_translateX_effect_tablet&quot;:{&quot;unit&quot;:&quot;px&quot;,&quot;size&quot;:&quot;&quot;,&quot;sizes&quot;:[]},&quot;_transform_translateX_effect_mobile&quot;:{&quot;unit&quot;:&quot;px&quot;,&quot;size&quot;:&quot;&quot;,&quot;sizes&quot;:[]},&quot;_transform_translateY_effect&quot;:{&quot;unit&quot;:&quot;px&quot;,&quot;size&quot;:&quot;&quot;,&quot;sizes&quot;:[]},&quot;_transform_translateY_effect_tablet&quot;:{&quot;unit&quot;:&quot;px&quot;,&quot;size&quot;:&quot;&quot;,&quot;sizes&quot;:[]},&quot;_transform_translateY_effect_mobile&quot;:{&quot;unit&quot;:&quot;px&quot;,&quot;size&quot;:&quot;&quot;,&quot;sizes&quot;:[]},&quot;_transform_scale_effect_tablet&quot;:{&quot;unit&quot;:&quot;px&quot;,&quot;size&quot;:&quot;&quot;,&quot;sizes&quot;:[]},&quot;_transform_scale_effect_mobile&quot;:{&quot;unit&quot;:&quot;px&quot;,&quot;size&quot;:&quot;&quot;,&quot;sizes&quot;:[]}}\" data-widget_type=\"html.default\">\n\t\t\t\t<div class=\"elementor-widget-container\">\n\t\t\t\t\t<h2 style=\"text-align: center\">\n  <a class=\"typeform-share button\" href=\"mailto:infoinmadelvalle@gmail.com\" style=\"text-decoration: none;background-color: #8F7A35;color: white;cursor: pointer;font-family: UNNA, Arial, sans-serif;font-size: 20px;line-height: 50px;text-align: center;margin: 0;height: 50px;padding: 0px 33px;border-radius: 25px;max-width: 100%;overflow: hidden;font-weight: bold\">\n    Contact us and book your photo shoot\n  <\/a>\n<\/h2>\n\t\t\t\t<\/div>\n\t\t\t\t<\/div>\n\t\t\t\t\t<\/div>\n\t\t<\/div>\n\t\t\t\t\t<\/div>\n\t\t<\/section>\n\t\t\t\t<section class=\"penci-section penci-disSticky penci-structure-10 elementor-section elementor-top-section elementor-element elementor-element-cb4166f elementor-section-boxed elementor-section-height-default elementor-section-height-default\" data-id=\"cb4166f\" data-element_type=\"section\" data-e-type=\"section\">\n\t\t\t\t\t\t<div class=\"elementor-container elementor-column-gap-default\">\n\t\t\t\t\t<div class=\"penci-ercol-100 penci-ercol-order-1 penci-sticky-ct    elementor-column elementor-col-100 elementor-top-column elementor-element elementor-element-dda0021\" data-id=\"dda0021\" data-element_type=\"column\" data-e-type=\"column\">\n\t\t\t<div class=\"elementor-widget-wrap elementor-element-populated\">\n\t\t\t\t\t\t<div class=\"elementor-element elementor-element-f416787 elementor-widget elementor-widget-text-editor\" data-id=\"f416787\" data-element_type=\"widget\" data-e-type=\"widget\" data-widget_type=\"text-editor.default\">\n\t\t\t\t<div class=\"elementor-widget-container\">\n\t\t\t\t\t\t\t\t\t<p class=\"p1\">With children, the <a href=\"https:\/\/www.inmadelvalle.com\/en\/professional-childrens-photography-book-in-mallorca\/\"><strong>photoshoot in Mallorca<\/strong> <\/a>becomes a game. The goal is for them to have fun, move freely, and show their true essence without pressure. With adults, the aim is to build confidence, break the initial shyness, and achieve a natural look that translates into elegant and authentic images. It is not about creating something artificial, but about enhancing what you already have.<\/p>\t\t\t\t\t\t\t\t<\/div>\n\t\t\t\t<\/div>\n\t\t\t\t\t<\/div>\n\t\t<\/div>\n\t\t\t\t\t<\/div>\n\t\t<\/section>\n\t\t\t\t<section class=\"penci-section penci-disSticky penci-structure-10 elementor-section elementor-top-section elementor-element elementor-element-f6f5f17 elementor-section-full_width elementor-section-height-default elementor-section-height-default\" data-id=\"f6f5f17\" data-element_type=\"section\" data-e-type=\"section\">\n\t\t\t\t\t\t<div class=\"elementor-container elementor-column-gap-default\">\n\t\t\t\t\t<div class=\"penci-ercol-100 penci-ercol-order-1 penci-sticky-ct    elementor-column elementor-col-100 elementor-top-column elementor-element elementor-element-62f9066\" data-id=\"62f9066\" data-element_type=\"column\" data-e-type=\"column\">\n\t\t\t<div class=\"elementor-widget-wrap elementor-element-populated\">\n\t\t\t\t\t\t<div class=\"elementor-element elementor-element-7d44462 elementor-widget elementor-widget-image\" data-id=\"7d44462\" data-element_type=\"widget\" data-e-type=\"widget\" data-widget_type=\"image.default\">\n\t\t\t\t<div class=\"elementor-widget-container\">\n\t\t\t\t\t\t\t\t\t\t\t\t\t\t\t<img loading=\"lazy\" decoding=\"async\" width=\"787\" height=\"997\" src=\"https:\/\/www.inmadelvalle.com\/wp-content\/uploads\/2026\/05\/first-photo-book-in-mallorca-01.jpg\" class=\"attachment-full size-full wp-image-61811\" alt=\"male model posing shirtless in studio\" srcset=\"https:\/\/www.inmadelvalle.com\/wp-content\/uploads\/2026\/05\/first-photo-book-in-mallorca-01.jpg 787w, https:\/\/www.inmadelvalle.com\/wp-content\/uploads\/2026\/05\/first-photo-book-in-mallorca-01-237x300.jpg 237w, https:\/\/www.inmadelvalle.com\/wp-content\/uploads\/2026\/05\/first-photo-book-in-mallorca-01-768x973.jpg 768w, https:\/\/www.inmadelvalle.com\/wp-content\/uploads\/2026\/05\/first-photo-book-in-mallorca-01-585x741.jpg 585w\" sizes=\"(max-width: 787px) 100vw, 787px\" \/>\t\t\t\t\t\t\t\t\t\t\t\t\t\t\t<\/div>\n\t\t\t\t<\/div>\n\t\t\t\t\t<\/div>\n\t\t<\/div>\n\t\t\t\t\t<\/div>\n\t\t<\/section>\n\t\t\t\t<section class=\"penci-section penci-disSticky penci-structure-10 elementor-section elementor-top-section elementor-element elementor-element-5b59f92 elementor-section-boxed elementor-section-height-default elementor-section-height-default\" data-id=\"5b59f92\" data-element_type=\"section\" data-e-type=\"section\">\n\t\t\t\t\t\t<div class=\"elementor-container elementor-column-gap-default\">\n\t\t\t\t\t<div class=\"penci-ercol-100 penci-ercol-order-1 penci-sticky-ct    elementor-column elementor-col-100 elementor-top-column elementor-element elementor-element-38daa2c\" data-id=\"38daa2c\" data-element_type=\"column\" data-e-type=\"column\">\n\t\t\t<div class=\"elementor-widget-wrap elementor-element-populated\">\n\t\t\t\t\t\t<div class=\"elementor-element elementor-element-f562a36 elementor-widget elementor-widget-heading\" data-id=\"f562a36\" data-element_type=\"widget\" data-e-type=\"widget\" data-widget_type=\"heading.default\">\n\t\t\t\t<div class=\"elementor-widget-container\">\n\t\t\t\t\t<h2 class=\"elementor-heading-title elementor-size-default\">Professional photo shoot in Mallorca\n<\/h2>\t\t\t\t<\/div>\n\t\t\t\t<\/div>\n\t\t\t\t\t<\/div>\n\t\t<\/div>\n\t\t\t\t\t<\/div>\n\t\t<\/section>\n\t\t\t\t<section class=\"penci-section penci-disSticky penci-structure-10 elementor-section elementor-top-section elementor-element elementor-element-5c7fbf1 elementor-section-boxed elementor-section-height-default elementor-section-height-default\" data-id=\"5c7fbf1\" data-element_type=\"section\" data-e-type=\"section\">\n\t\t\t\t\t\t<div class=\"elementor-container elementor-column-gap-default\">\n\t\t\t\t\t<div class=\"penci-ercol-100 penci-ercol-order-1 penci-sticky-ct    elementor-column elementor-col-100 elementor-top-column elementor-element elementor-element-1530a29\" data-id=\"1530a29\" data-element_type=\"column\" data-e-type=\"column\">\n\t\t\t<div class=\"elementor-widget-wrap elementor-element-populated\">\n\t\t\t\t\t\t<div class=\"elementor-element elementor-element-4c03793 elementor-widget elementor-widget-text-editor\" data-id=\"4c03793\" data-element_type=\"widget\" data-e-type=\"widget\" data-widget_type=\"text-editor.default\">\n\t\t\t\t<div class=\"elementor-widget-container\">\n\t\t\t\t\t\t\t\t\t<h2 class=\"p1\">Why a professional book makes all the difference<\/h2>\t\t\t\t\t\t\t\t<\/div>\n\t\t\t\t<\/div>\n\t\t\t\t\t<\/div>\n\t\t<\/div>\n\t\t\t\t\t<\/div>\n\t\t<\/section>\n\t\t\t\t<section class=\"penci-section penci-disSticky penci-structure-10 elementor-section elementor-top-section elementor-element elementor-element-05efb15 elementor-section-boxed elementor-section-height-default elementor-section-height-default\" data-id=\"05efb15\" data-element_type=\"section\" data-e-type=\"section\">\n\t\t\t\t\t\t<div class=\"elementor-container elementor-column-gap-default\">\n\t\t\t\t\t<div class=\"penci-ercol-100 penci-ercol-order-1 penci-sticky-ct    elementor-column elementor-col-100 elementor-top-column elementor-element elementor-element-04c9676\" data-id=\"04c9676\" data-element_type=\"column\" data-e-type=\"column\">\n\t\t\t<div class=\"elementor-widget-wrap elementor-element-populated\">\n\t\t\t\t\t\t<div class=\"elementor-element elementor-element-9c70c39 elementor-widget elementor-widget-text-editor\" data-id=\"9c70c39\" data-element_type=\"widget\" data-e-type=\"widget\" data-widget_type=\"text-editor.default\">\n\t\t\t\t<div class=\"elementor-widget-container\">\n\t\t\t\t\t\t\t\t\t<p>Today, first impressions are everything. If you are thinking about entering the world of modeling, advertising, or simply want to have a high quality memory, a <a href=\"https:\/\/www.inmadelvalle.com\/en\/fashion-shoot-in-mallorca\/\"><strong>professional photo book in Mallorca<\/strong> <\/a>becomes your best introduction.<\/p><p>A well done <strong>first photo book in Mallorca<\/strong> can open doors, as it conveys professionalism, confidence, and style. Agencies and brands increasingly value real profiles, with natural expressions and far from anything forced.<\/p>\t\t\t\t\t\t\t\t<\/div>\n\t\t\t\t<\/div>\n\t\t\t\t\t<\/div>\n\t\t<\/div>\n\t\t\t\t\t<\/div>\n\t\t<\/section>\n\t\t\t\t<section class=\"penci-section penci-disSticky penci-structure-10 elementor-section elementor-top-section elementor-element elementor-element-91f0697 elementor-section-full_width elementor-section-height-default elementor-section-height-default\" data-id=\"91f0697\" data-element_type=\"section\" data-e-type=\"section\">\n\t\t\t\t\t\t<div class=\"elementor-container elementor-column-gap-default\">\n\t\t\t\t\t<div class=\"penci-ercol-100 penci-ercol-order-1 penci-sticky-ct    elementor-column elementor-col-100 elementor-top-column elementor-element elementor-element-41334a5\" data-id=\"41334a5\" data-element_type=\"column\" data-e-type=\"column\">\n\t\t\t<div class=\"elementor-widget-wrap elementor-element-populated\">\n\t\t\t\t\t\t<div class=\"elementor-element elementor-element-b4b3615 elementor-widget elementor-widget-image\" data-id=\"b4b3615\" data-element_type=\"widget\" data-e-type=\"widget\" data-widget_type=\"image.default\">\n\t\t\t\t<div class=\"elementor-widget-container\">\n\t\t\t\t\t\t\t\t\t\t\t\t\t\t\t<img loading=\"lazy\" decoding=\"async\" width=\"787\" height=\"1024\" src=\"https:\/\/www.inmadelvalle.com\/wp-content\/uploads\/2026\/05\/first-photo-book-in-mallorca-16.jpg\" class=\"attachment-full size-full wp-image-61826\" alt=\"young boy in hoodie during photoshoot\" srcset=\"https:\/\/www.inmadelvalle.com\/wp-content\/uploads\/2026\/05\/first-photo-book-in-mallorca-16.jpg 787w, https:\/\/www.inmadelvalle.com\/wp-content\/uploads\/2026\/05\/first-photo-book-in-mallorca-16-231x300.jpg 231w, https:\/\/www.inmadelvalle.com\/wp-content\/uploads\/2026\/05\/first-photo-book-in-mallorca-16-768x999.jpg 768w, https:\/\/www.inmadelvalle.com\/wp-content\/uploads\/2026\/05\/first-photo-book-in-mallorca-16-585x761.jpg 585w\" sizes=\"(max-width: 787px) 100vw, 787px\" \/>\t\t\t\t\t\t\t\t\t\t\t\t\t\t\t<\/div>\n\t\t\t\t<\/div>\n\t\t\t\t\t<\/div>\n\t\t<\/div>\n\t\t\t\t\t<\/div>\n\t\t<\/section>\n\t\t\t\t<section class=\"penci-section penci-disSticky penci-structure-10 elementor-section elementor-top-section elementor-element elementor-element-6e53e16 elementor-section-boxed elementor-section-height-default elementor-section-height-default\" data-id=\"6e53e16\" data-element_type=\"section\" data-e-type=\"section\">\n\t\t\t\t\t\t<div class=\"elementor-container elementor-column-gap-default\">\n\t\t\t\t\t<div class=\"penci-ercol-100 penci-ercol-order-1 penci-sticky-ct    elementor-column elementor-col-100 elementor-top-column elementor-element elementor-element-d6892ef\" data-id=\"d6892ef\" data-element_type=\"column\" data-e-type=\"column\">\n\t\t\t<div class=\"elementor-widget-wrap elementor-element-populated\">\n\t\t\t\t\t\t<div class=\"elementor-element elementor-element-a0b5eb2 e-transform e-transform elementor-widget elementor-widget-html\" data-id=\"a0b5eb2\" data-element_type=\"widget\" data-e-type=\"widget\" data-settings=\"{&quot;_transform_translateX_effect&quot;:{&quot;unit&quot;:&quot;px&quot;,&quot;size&quot;:12,&quot;sizes&quot;:[]},&quot;_transform_scale_effect&quot;:{&quot;unit&quot;:&quot;px&quot;,&quot;size&quot;:1.3,&quot;sizes&quot;:[]},&quot;_transform_translateX_effect_tablet&quot;:{&quot;unit&quot;:&quot;px&quot;,&quot;size&quot;:&quot;&quot;,&quot;sizes&quot;:[]},&quot;_transform_translateX_effect_mobile&quot;:{&quot;unit&quot;:&quot;px&quot;,&quot;size&quot;:&quot;&quot;,&quot;sizes&quot;:[]},&quot;_transform_translateY_effect&quot;:{&quot;unit&quot;:&quot;px&quot;,&quot;size&quot;:&quot;&quot;,&quot;sizes&quot;:[]},&quot;_transform_translateY_effect_tablet&quot;:{&quot;unit&quot;:&quot;px&quot;,&quot;size&quot;:&quot;&quot;,&quot;sizes&quot;:[]},&quot;_transform_translateY_effect_mobile&quot;:{&quot;unit&quot;:&quot;px&quot;,&quot;size&quot;:&quot;&quot;,&quot;sizes&quot;:[]},&quot;_transform_scale_effect_tablet&quot;:{&quot;unit&quot;:&quot;px&quot;,&quot;size&quot;:&quot;&quot;,&quot;sizes&quot;:[]},&quot;_transform_scale_effect_mobile&quot;:{&quot;unit&quot;:&quot;px&quot;,&quot;size&quot;:&quot;&quot;,&quot;sizes&quot;:[]}}\" data-widget_type=\"html.default\">\n\t\t\t\t<div class=\"elementor-widget-container\">\n\t\t\t\t\t<!-- Elegant Vogue-style font -->\n<link href=\"https:\/\/fonts.googleapis.com\/css2?family=Playfair+Display:wght@500;600&display=swap\" rel=\"stylesheet\">\n\n<style>\n.instagram-button-wrapper {\n  display: flex;\n  justify-content: center;\n  align-items: center;\n  padding: 20px 20px;\n  background-color: #ffffff;\n}\n\n.elegant-instagram-button {\n  display: inline-block;\n  background-color: #ffffff !important;\n  color: #000000 !important; \/* Forced to black *\/\n  border: 2px solid #e8b4cc;\n  padding: 16px 28px;\n  border-radius: 40px;\n  font-size: 14px;\n  font-weight: 500;\n  text-decoration: none !important;\n  font-family: 'Playfair Display', serif !important;\n  transition: all 0.3s ease;\n  box-shadow: 0 6px 16px rgba(0, 0, 0, 0.04);\n  max-width: 90%;\n  text-align: center;\n  line-height: 1.5;\n}\n\n.elegant-instagram-button:hover {\n  background-color: #fceef4 !important;\n  color: #000000 !important;\n  box-shadow: 0 10px 30px rgba(0, 0, 0, 0.06);\n}\n<\/style>\n\n<div class=\"instagram-button-wrapper\">\n  <a class=\"elegant-instagram-button\"\n     href=\"https:\/\/www.instagram.com\/inmadelvallephotography\/\"\n     target=\"_blank\"\n     rel=\"noopener noreferrer\">\n     Follow me on Instagram @inmadelvallephotography to see more books and weddings in Mallorca, Mexico, and Italy\n  <\/a>\n<\/div>\t\t\t\t<\/div>\n\t\t\t\t<\/div>\n\t\t\t\t\t<\/div>\n\t\t<\/div>\n\t\t\t\t\t<\/div>\n\t\t<\/section>\n\t\t\t\t<section class=\"penci-section penci-disSticky penci-structure-10 elementor-section elementor-top-section elementor-element elementor-element-07ce8bf elementor-section-boxed elementor-section-height-default elementor-section-height-default\" data-id=\"07ce8bf\" data-element_type=\"section\" data-e-type=\"section\">\n\t\t\t\t\t\t<div class=\"elementor-container elementor-column-gap-default\">\n\t\t\t\t\t<div class=\"penci-ercol-100 penci-ercol-order-1 penci-sticky-ct    elementor-column elementor-col-100 elementor-top-column elementor-element elementor-element-4bfba6b\" data-id=\"4bfba6b\" data-element_type=\"column\" data-e-type=\"column\">\n\t\t\t<div class=\"elementor-widget-wrap elementor-element-populated\">\n\t\t\t\t\t\t<div class=\"elementor-element elementor-element-38af0fd elementor-widget elementor-widget-text-editor\" data-id=\"38af0fd\" data-element_type=\"widget\" data-e-type=\"widget\" data-widget_type=\"text-editor.default\">\n\t\t\t\t<div class=\"elementor-widget-container\">\n\t\t\t\t\t\t\t\t\t<p>In addition, <strong>you don\u2019t need any previous experience<\/strong>. Many people who decide to create a book start from zero. What really matters is having a photographer like me who knows how to guide you and bring out the best in you at every moment. A <strong>first photo book in Mallorca<\/strong> is not just a session, it is an experience that brings together setting, emotion, and aesthetics in one result.<\/p>\t\t\t\t\t\t\t\t<\/div>\n\t\t\t\t<\/div>\n\t\t\t\t\t<\/div>\n\t\t<\/div>\n\t\t\t\t\t<\/div>\n\t\t<\/section>\n\t\t\t\t<section class=\"penci-section penci-disSticky penci-structure-20 elementor-section elementor-top-section elementor-element elementor-element-da2c343 elementor-section-full_width elementor-section-height-default elementor-section-height-default\" data-id=\"da2c343\" data-element_type=\"section\" data-e-type=\"section\">\n\t\t\t\t\t\t<div class=\"elementor-container elementor-column-gap-default\">\n\t\t\t\t\t<div class=\"penci-ercol-50 penci-ercol-order-1 penci-sticky-ct    elementor-column elementor-col-50 elementor-top-column elementor-element elementor-element-ef69eeb\" data-id=\"ef69eeb\" data-element_type=\"column\" data-e-type=\"column\">\n\t\t\t<div class=\"elementor-widget-wrap elementor-element-populated\">\n\t\t\t\t\t\t<div class=\"elementor-element elementor-element-deb2016 elementor-widget elementor-widget-image\" data-id=\"deb2016\" data-element_type=\"widget\" data-e-type=\"widget\" data-widget_type=\"image.default\">\n\t\t\t\t<div class=\"elementor-widget-container\">\n\t\t\t\t\t\t\t\t\t\t\t\t\t\t\t<img loading=\"lazy\" decoding=\"async\" width=\"695\" height=\"1024\" src=\"https:\/\/www.inmadelvalle.com\/wp-content\/uploads\/2026\/05\/first-photo-book-in-mallorca-08-695x1024.jpg\" class=\"attachment-large size-large wp-image-61818\" alt=\"child sitting on stool in studio\" srcset=\"https:\/\/www.inmadelvalle.com\/wp-content\/uploads\/2026\/05\/first-photo-book-in-mallorca-08-695x1024.jpg 695w, https:\/\/www.inmadelvalle.com\/wp-content\/uploads\/2026\/05\/first-photo-book-in-mallorca-08-204x300.jpg 204w, https:\/\/www.inmadelvalle.com\/wp-content\/uploads\/2026\/05\/first-photo-book-in-mallorca-08-768x1131.jpg 768w, https:\/\/www.inmadelvalle.com\/wp-content\/uploads\/2026\/05\/first-photo-book-in-mallorca-08-585x862.jpg 585w, https:\/\/www.inmadelvalle.com\/wp-content\/uploads\/2026\/05\/first-photo-book-in-mallorca-08.jpg 787w\" sizes=\"(max-width: 695px) 100vw, 695px\" \/>\t\t\t\t\t\t\t\t\t\t\t\t\t\t\t<\/div>\n\t\t\t\t<\/div>\n\t\t\t\t\t<\/div>\n\t\t<\/div>\n\t\t\t\t<div class=\"penci-ercol-50 penci-ercol-order-2 penci-sticky-ct    elementor-column elementor-col-50 elementor-top-column elementor-element elementor-element-febb0de\" data-id=\"febb0de\" data-element_type=\"column\" data-e-type=\"column\">\n\t\t\t<div class=\"elementor-widget-wrap elementor-element-populated\">\n\t\t\t\t\t\t<div class=\"elementor-element elementor-element-2325ab5 elementor-widget elementor-widget-image\" data-id=\"2325ab5\" data-element_type=\"widget\" data-e-type=\"widget\" data-widget_type=\"image.default\">\n\t\t\t\t<div class=\"elementor-widget-container\">\n\t\t\t\t\t\t\t\t\t\t\t\t\t\t\t<img loading=\"lazy\" decoding=\"async\" width=\"787\" height=\"976\" src=\"https:\/\/www.inmadelvalle.com\/wp-content\/uploads\/2026\/05\/first-photo-book-in-mallorca-12.jpg\" class=\"attachment-large size-large wp-image-61822\" alt=\"child jumping happily during photoshoot\" srcset=\"https:\/\/www.inmadelvalle.com\/wp-content\/uploads\/2026\/05\/first-photo-book-in-mallorca-12.jpg 787w, https:\/\/www.inmadelvalle.com\/wp-content\/uploads\/2026\/05\/first-photo-book-in-mallorca-12-242x300.jpg 242w, https:\/\/www.inmadelvalle.com\/wp-content\/uploads\/2026\/05\/first-photo-book-in-mallorca-12-768x952.jpg 768w, https:\/\/www.inmadelvalle.com\/wp-content\/uploads\/2026\/05\/first-photo-book-in-mallorca-12-585x725.jpg 585w\" sizes=\"(max-width: 787px) 100vw, 787px\" \/>\t\t\t\t\t\t\t\t\t\t\t\t\t\t\t<\/div>\n\t\t\t\t<\/div>\n\t\t\t\t\t<\/div>\n\t\t<\/div>\n\t\t\t\t\t<\/div>\n\t\t<\/section>\n\t\t\t\t<section class=\"penci-section penci-disSticky penci-structure-10 elementor-section elementor-top-section elementor-element elementor-element-1e962e7 elementor-section-boxed elementor-section-height-default elementor-section-height-default\" data-id=\"1e962e7\" data-element_type=\"section\" data-e-type=\"section\">\n\t\t\t\t\t\t<div class=\"elementor-container elementor-column-gap-default\">\n\t\t\t\t\t<div class=\"penci-ercol-100 penci-ercol-order-1 penci-sticky-ct    elementor-column elementor-col-100 elementor-top-column elementor-element elementor-element-cccc6bb\" data-id=\"cccc6bb\" data-element_type=\"column\" data-e-type=\"column\">\n\t\t\t<div class=\"elementor-widget-wrap elementor-element-populated\">\n\t\t\t\t\t\t<div class=\"elementor-element elementor-element-61b87e9 elementor-widget elementor-widget-heading\" data-id=\"61b87e9\" data-element_type=\"widget\" data-e-type=\"widget\" data-widget_type=\"heading.default\">\n\t\t\t\t<div class=\"elementor-widget-container\">\n\t\t\t\t\t<h2 class=\"elementor-heading-title elementor-size-default\">What to do before putting together your first photo book\n<\/h2>\t\t\t\t<\/div>\n\t\t\t\t<\/div>\n\t\t\t\t\t<\/div>\n\t\t<\/div>\n\t\t\t\t\t<\/div>\n\t\t<\/section>\n\t\t\t\t<section class=\"penci-section penci-disSticky penci-structure-10 elementor-section elementor-top-section elementor-element elementor-element-aaae47b elementor-section-boxed elementor-section-height-default elementor-section-height-default\" data-id=\"aaae47b\" data-element_type=\"section\" data-e-type=\"section\">\n\t\t\t\t\t\t<div class=\"elementor-container elementor-column-gap-default\">\n\t\t\t\t\t<div class=\"penci-ercol-100 penci-ercol-order-1 penci-sticky-ct    elementor-column elementor-col-100 elementor-top-column elementor-element elementor-element-9384ce9\" data-id=\"9384ce9\" data-element_type=\"column\" data-e-type=\"column\">\n\t\t\t<div class=\"elementor-widget-wrap elementor-element-populated\">\n\t\t\t\t\t\t<div class=\"elementor-element elementor-element-cde4241 elementor-widget elementor-widget-text-editor\" data-id=\"cde4241\" data-element_type=\"widget\" data-e-type=\"widget\" data-widget_type=\"text-editor.default\">\n\t\t\t\t<div class=\"elementor-widget-container\">\n\t\t\t\t\t\t\t\t\t<h2 class=\"p1\">For children and adults, a real opportunity<\/h2>\t\t\t\t\t\t\t\t<\/div>\n\t\t\t\t<\/div>\n\t\t\t\t\t<\/div>\n\t\t<\/div>\n\t\t\t\t\t<\/div>\n\t\t<\/section>\n\t\t\t\t<section class=\"penci-section penci-disSticky penci-structure-10 elementor-section elementor-top-section elementor-element elementor-element-df07416 elementor-section-full_width elementor-section-height-default elementor-section-height-default\" data-id=\"df07416\" data-element_type=\"section\" data-e-type=\"section\">\n\t\t\t\t\t\t<div class=\"elementor-container elementor-column-gap-default\">\n\t\t\t\t\t<div class=\"penci-ercol-100 penci-ercol-order-1 penci-sticky-ct    elementor-column elementor-col-100 elementor-top-column elementor-element elementor-element-8f448b9\" data-id=\"8f448b9\" data-element_type=\"column\" data-e-type=\"column\">\n\t\t\t<div class=\"elementor-widget-wrap elementor-element-populated\">\n\t\t\t\t\t\t<div class=\"elementor-element elementor-element-5c56e46 elementor-widget elementor-widget-image\" data-id=\"5c56e46\" data-element_type=\"widget\" data-e-type=\"widget\" data-widget_type=\"image.default\">\n\t\t\t\t<div class=\"elementor-widget-container\">\n\t\t\t\t\t\t\t\t\t\t\t\t\t\t\t<img loading=\"lazy\" decoding=\"async\" width=\"787\" height=\"1007\" src=\"https:\/\/www.inmadelvalle.com\/wp-content\/uploads\/2026\/05\/first-photo-book-in-mallorca-04.jpg\" class=\"attachment-full size-full wp-image-61814\" alt=\"black and white female portrait\" srcset=\"https:\/\/www.inmadelvalle.com\/wp-content\/uploads\/2026\/05\/first-photo-book-in-mallorca-04.jpg 787w, https:\/\/www.inmadelvalle.com\/wp-content\/uploads\/2026\/05\/first-photo-book-in-mallorca-04-234x300.jpg 234w, https:\/\/www.inmadelvalle.com\/wp-content\/uploads\/2026\/05\/first-photo-book-in-mallorca-04-768x983.jpg 768w, https:\/\/www.inmadelvalle.com\/wp-content\/uploads\/2026\/05\/first-photo-book-in-mallorca-04-585x749.jpg 585w\" sizes=\"(max-width: 787px) 100vw, 787px\" \/>\t\t\t\t\t\t\t\t\t\t\t\t\t\t\t<\/div>\n\t\t\t\t<\/div>\n\t\t\t\t\t<\/div>\n\t\t<\/div>\n\t\t\t\t\t<\/div>\n\t\t<\/section>\n\t\t\t\t<section class=\"penci-section penci-disSticky penci-structure-10 elementor-section elementor-top-section elementor-element elementor-element-d205258 elementor-section-boxed elementor-section-height-default elementor-section-height-default\" data-id=\"d205258\" data-element_type=\"section\" data-e-type=\"section\">\n\t\t\t\t\t\t<div class=\"elementor-container elementor-column-gap-default\">\n\t\t\t\t\t<div class=\"penci-ercol-100 penci-ercol-order-1 penci-sticky-ct    elementor-column elementor-col-100 elementor-top-column elementor-element elementor-element-ad78745\" data-id=\"ad78745\" data-element_type=\"column\" data-e-type=\"column\">\n\t\t\t<div class=\"elementor-widget-wrap elementor-element-populated\">\n\t\t\t\t\t\t<div class=\"elementor-element elementor-element-9686f1d elementor-widget elementor-widget-text-editor\" data-id=\"9686f1d\" data-element_type=\"widget\" data-e-type=\"widget\" data-widget_type=\"text-editor.default\">\n\t\t\t\t<div class=\"elementor-widget-container\">\n\t\t\t\t\t\t\t\t\t<p>Many families decide to create a <a href=\"https:\/\/www.inmadelvalle.com\/en\/model-photo-book-mallorca\/\"><strong>model photo book in Mallorca<\/strong><\/a> for their children without really knowing how far it can go. Sometimes, they are simply looking for a beautiful memory. Other times, they discover that their child has a special natural presence in front of the camera.<\/p><p>The same happens with adults. Some do it out of curiosity, to try something new, or to break away from their routine. And in that process, they discover a new way of seeing themselves, more confident and more powerful. The first step is always the most important. You don\u2019t need to have everything figured out, you just need to give yourself the chance to try.<\/p>\t\t\t\t\t\t\t\t<\/div>\n\t\t\t\t<\/div>\n\t\t\t\t\t<\/div>\n\t\t<\/div>\n\t\t\t\t\t<\/div>\n\t\t<\/section>\n\t\t\t\t<section class=\"penci-section penci-disSticky penci-structure-20 elementor-section elementor-top-section elementor-element elementor-element-b3d03a5 elementor-section-full_width elementor-section-height-default elementor-section-height-default\" data-id=\"b3d03a5\" data-element_type=\"section\" data-e-type=\"section\">\n\t\t\t\t\t\t<div class=\"elementor-container elementor-column-gap-default\">\n\t\t\t\t\t<div class=\"penci-ercol-50 penci-ercol-order-1 penci-sticky-ct    elementor-column elementor-col-50 elementor-top-column elementor-element elementor-element-d27de81\" data-id=\"d27de81\" data-element_type=\"column\" data-e-type=\"column\">\n\t\t\t<div class=\"elementor-widget-wrap elementor-element-populated\">\n\t\t\t\t\t\t<div class=\"elementor-element elementor-element-262a2ce elementor-widget elementor-widget-image\" data-id=\"262a2ce\" data-element_type=\"widget\" data-e-type=\"widget\" data-widget_type=\"image.default\">\n\t\t\t\t<div class=\"elementor-widget-container\">\n\t\t\t\t\t\t\t\t\t\t\t\t\t\t\t<img loading=\"lazy\" decoding=\"async\" width=\"787\" height=\"1019\" src=\"https:\/\/www.inmadelvalle.com\/wp-content\/uploads\/2026\/05\/first-photo-book-in-mallorca-07.jpg\" class=\"attachment-large size-large wp-image-61817\" alt=\"child jumping in dress during photoshoot\" srcset=\"https:\/\/www.inmadelvalle.com\/wp-content\/uploads\/2026\/05\/first-photo-book-in-mallorca-07.jpg 787w, https:\/\/www.inmadelvalle.com\/wp-content\/uploads\/2026\/05\/first-photo-book-in-mallorca-07-232x300.jpg 232w, https:\/\/www.inmadelvalle.com\/wp-content\/uploads\/2026\/05\/first-photo-book-in-mallorca-07-768x994.jpg 768w, https:\/\/www.inmadelvalle.com\/wp-content\/uploads\/2026\/05\/first-photo-book-in-mallorca-07-585x757.jpg 585w\" sizes=\"(max-width: 787px) 100vw, 787px\" \/>\t\t\t\t\t\t\t\t\t\t\t\t\t\t\t<\/div>\n\t\t\t\t<\/div>\n\t\t\t\t\t<\/div>\n\t\t<\/div>\n\t\t\t\t<div class=\"penci-ercol-50 penci-ercol-order-2 penci-sticky-ct    elementor-column elementor-col-50 elementor-top-column elementor-element elementor-element-7ab522e\" data-id=\"7ab522e\" data-element_type=\"column\" data-e-type=\"column\">\n\t\t\t<div class=\"elementor-widget-wrap elementor-element-populated\">\n\t\t\t\t\t\t<div class=\"elementor-element elementor-element-bfa67b1 elementor-widget elementor-widget-image\" data-id=\"bfa67b1\" data-element_type=\"widget\" data-e-type=\"widget\" data-widget_type=\"image.default\">\n\t\t\t\t<div class=\"elementor-widget-container\">\n\t\t\t\t\t\t\t\t\t\t\t\t\t\t\t<img loading=\"lazy\" decoding=\"async\" width=\"739\" height=\"1024\" src=\"https:\/\/www.inmadelvalle.com\/wp-content\/uploads\/2026\/05\/first-photo-book-in-mallorca-11-739x1024.webp\" class=\"attachment-large size-large wp-image-61821\" alt=\"child standing pose in studio\" srcset=\"https:\/\/www.inmadelvalle.com\/wp-content\/uploads\/2026\/05\/first-photo-book-in-mallorca-11-739x1024.webp 739w, https:\/\/www.inmadelvalle.com\/wp-content\/uploads\/2026\/05\/first-photo-book-in-mallorca-11-217x300.webp 217w, https:\/\/www.inmadelvalle.com\/wp-content\/uploads\/2026\/05\/first-photo-book-in-mallorca-11-768x1064.webp 768w, https:\/\/www.inmadelvalle.com\/wp-content\/uploads\/2026\/05\/first-photo-book-in-mallorca-11-585x810.webp 585w, https:\/\/www.inmadelvalle.com\/wp-content\/uploads\/2026\/05\/first-photo-book-in-mallorca-11.webp 787w\" sizes=\"(max-width: 739px) 100vw, 739px\" \/>\t\t\t\t\t\t\t\t\t\t\t\t\t\t\t<\/div>\n\t\t\t\t<\/div>\n\t\t\t\t\t<\/div>\n\t\t<\/div>\n\t\t\t\t\t<\/div>\n\t\t<\/section>\n\t\t\t\t<section class=\"penci-section penci-disSticky penci-structure-10 elementor-section elementor-top-section elementor-element elementor-element-26f193a elementor-section-boxed elementor-section-height-default elementor-section-height-default\" data-id=\"26f193a\" data-element_type=\"section\" data-e-type=\"section\">\n\t\t\t\t\t\t<div class=\"elementor-container elementor-column-gap-default\">\n\t\t\t\t\t<div class=\"penci-ercol-100 penci-ercol-order-1 penci-sticky-ct    elementor-column elementor-col-100 elementor-top-column elementor-element elementor-element-7c435d9\" data-id=\"7c435d9\" data-element_type=\"column\" data-e-type=\"column\">\n\t\t\t<div class=\"elementor-widget-wrap elementor-element-populated\">\n\t\t\t\t\t\t<div class=\"elementor-element elementor-element-435ce01 e-transform e-transform elementor-widget elementor-widget-html\" data-id=\"435ce01\" data-element_type=\"widget\" data-e-type=\"widget\" data-settings=\"{&quot;_transform_translateX_effect&quot;:{&quot;unit&quot;:&quot;px&quot;,&quot;size&quot;:12,&quot;sizes&quot;:[]},&quot;_transform_scale_effect&quot;:{&quot;unit&quot;:&quot;px&quot;,&quot;size&quot;:1.3,&quot;sizes&quot;:[]},&quot;_transform_translateX_effect_tablet&quot;:{&quot;unit&quot;:&quot;px&quot;,&quot;size&quot;:&quot;&quot;,&quot;sizes&quot;:[]},&quot;_transform_translateX_effect_mobile&quot;:{&quot;unit&quot;:&quot;px&quot;,&quot;size&quot;:&quot;&quot;,&quot;sizes&quot;:[]},&quot;_transform_translateY_effect&quot;:{&quot;unit&quot;:&quot;px&quot;,&quot;size&quot;:&quot;&quot;,&quot;sizes&quot;:[]},&quot;_transform_translateY_effect_tablet&quot;:{&quot;unit&quot;:&quot;px&quot;,&quot;size&quot;:&quot;&quot;,&quot;sizes&quot;:[]},&quot;_transform_translateY_effect_mobile&quot;:{&quot;unit&quot;:&quot;px&quot;,&quot;size&quot;:&quot;&quot;,&quot;sizes&quot;:[]},&quot;_transform_scale_effect_tablet&quot;:{&quot;unit&quot;:&quot;px&quot;,&quot;size&quot;:&quot;&quot;,&quot;sizes&quot;:[]},&quot;_transform_scale_effect_mobile&quot;:{&quot;unit&quot;:&quot;px&quot;,&quot;size&quot;:&quot;&quot;,&quot;sizes&quot;:[]}}\" data-widget_type=\"html.default\">\n\t\t\t\t<div class=\"elementor-widget-container\">\n\t\t\t\t\t<h2 style=\"text-align: center\">\n  <a class=\"typeform-share button\" href=\"mailto:infoinmadelvalle@gmail.com\" style=\"text-decoration: none;background-color: #8F7A35;color: white;cursor: pointer;font-family: UNNA, Arial, sans-serif;font-size: 20px;line-height: 50px;text-align: center;margin: 0;height: 50px;padding: 0px 33px;border-radius: 25px;max-width: 100%;overflow: hidden;font-weight: bold\">\n    Contact us now and book\n  <\/a>\n<\/h2>\n\t\t\t\t<\/div>\n\t\t\t\t<\/div>\n\t\t\t\t\t<\/div>\n\t\t<\/div>\n\t\t\t\t\t<\/div>\n\t\t<\/section>\n\t\t\t\t<section class=\"penci-section penci-disSticky penci-structure-10 elementor-section elementor-top-section elementor-element elementor-element-8c34a26 elementor-section-boxed elementor-section-height-default elementor-section-height-default\" data-id=\"8c34a26\" data-element_type=\"section\" data-e-type=\"section\">\n\t\t\t\t\t\t<div class=\"elementor-container elementor-column-gap-default\">\n\t\t\t\t\t<div class=\"penci-ercol-100 penci-ercol-order-1 penci-sticky-ct    elementor-column elementor-col-100 elementor-top-column elementor-element elementor-element-16fc643\" data-id=\"16fc643\" data-element_type=\"column\" data-e-type=\"column\">\n\t\t\t<div class=\"elementor-widget-wrap elementor-element-populated\">\n\t\t\t\t\t\t<div class=\"elementor-element elementor-element-bb45d91 elementor-widget elementor-widget-heading\" data-id=\"bb45d91\" data-element_type=\"widget\" data-e-type=\"widget\" data-widget_type=\"heading.default\">\n\t\t\t\t<div class=\"elementor-widget-container\">\n\t\t\t\t\t<h2 class=\"elementor-heading-title elementor-size-default\">How to get started in modelling in Mallorca\n<\/h2>\t\t\t\t<\/div>\n\t\t\t\t<\/div>\n\t\t\t\t\t<\/div>\n\t\t<\/div>\n\t\t\t\t\t<\/div>\n\t\t<\/section>\n\t\t\t\t<section class=\"penci-section penci-disSticky penci-structure-10 elementor-section elementor-top-section elementor-element elementor-element-03ec213 elementor-section-full_width elementor-section-height-default elementor-section-height-default\" data-id=\"03ec213\" data-element_type=\"section\" data-e-type=\"section\">\n\t\t\t\t\t\t<div class=\"elementor-container elementor-column-gap-default\">\n\t\t\t\t\t<div class=\"penci-ercol-100 penci-ercol-order-1 penci-sticky-ct    elementor-column elementor-col-100 elementor-top-column elementor-element elementor-element-b4efbc0\" data-id=\"b4efbc0\" data-element_type=\"column\" data-e-type=\"column\">\n\t\t\t<div class=\"elementor-widget-wrap elementor-element-populated\">\n\t\t\t\t\t\t<div class=\"elementor-element elementor-element-4ea41dd elementor-widget elementor-widget-image\" data-id=\"4ea41dd\" data-element_type=\"widget\" data-e-type=\"widget\" data-widget_type=\"image.default\">\n\t\t\t\t<div class=\"elementor-widget-container\">\n\t\t\t\t\t\t\t\t\t\t\t\t\t\t\t<img loading=\"lazy\" decoding=\"async\" width=\"787\" height=\"1181\" src=\"https:\/\/www.inmadelvalle.com\/wp-content\/uploads\/2026\/05\/first-photo-book-in-mallorca-17.webp\" class=\"attachment-full size-full wp-image-61827\" alt=\"black and white portrait for male model portfolio\" srcset=\"https:\/\/www.inmadelvalle.com\/wp-content\/uploads\/2026\/05\/first-photo-book-in-mallorca-17.webp 787w, https:\/\/www.inmadelvalle.com\/wp-content\/uploads\/2026\/05\/first-photo-book-in-mallorca-17-200x300.webp 200w, https:\/\/www.inmadelvalle.com\/wp-content\/uploads\/2026\/05\/first-photo-book-in-mallorca-17-682x1024.webp 682w, https:\/\/www.inmadelvalle.com\/wp-content\/uploads\/2026\/05\/first-photo-book-in-mallorca-17-768x1152.webp 768w, https:\/\/www.inmadelvalle.com\/wp-content\/uploads\/2026\/05\/first-photo-book-in-mallorca-17-585x878.webp 585w\" sizes=\"(max-width: 787px) 100vw, 787px\" \/>\t\t\t\t\t\t\t\t\t\t\t\t\t\t\t<\/div>\n\t\t\t\t<\/div>\n\t\t\t\t\t<\/div>\n\t\t<\/div>\n\t\t\t\t\t<\/div>\n\t\t<\/section>\n\t\t\t\t<section class=\"penci-section penci-disSticky penci-structure-10 elementor-section elementor-top-section elementor-element elementor-element-dee4f11 elementor-section-boxed elementor-section-height-default elementor-section-height-default\" data-id=\"dee4f11\" data-element_type=\"section\" data-e-type=\"section\">\n\t\t\t\t\t\t<div class=\"elementor-container elementor-column-gap-default\">\n\t\t\t\t\t<div class=\"penci-ercol-100 penci-ercol-order-1 penci-sticky-ct    elementor-column elementor-col-100 elementor-top-column elementor-element elementor-element-0bb723a\" data-id=\"0bb723a\" data-element_type=\"column\" data-e-type=\"column\">\n\t\t\t<div class=\"elementor-widget-wrap elementor-element-populated\">\n\t\t\t\t\t\t<div class=\"elementor-element elementor-element-84b41aa elementor-widget elementor-widget-text-editor\" data-id=\"84b41aa\" data-element_type=\"widget\" data-e-type=\"widget\" data-widget_type=\"text-editor.default\">\n\t\t\t\t<div class=\"elementor-widget-container\">\n\t\t\t\t\t\t\t\t\t<h2 class=\"p1\">More than just photos, an experience to remember<\/h2>\t\t\t\t\t\t\t\t<\/div>\n\t\t\t\t<\/div>\n\t\t\t\t\t<\/div>\n\t\t<\/div>\n\t\t\t\t\t<\/div>\n\t\t<\/section>\n\t\t\t\t<section class=\"penci-section penci-disSticky penci-structure-10 elementor-section elementor-top-section elementor-element elementor-element-522e67f elementor-section-boxed elementor-section-height-default elementor-section-height-default\" data-id=\"522e67f\" data-element_type=\"section\" data-e-type=\"section\">\n\t\t\t\t\t\t<div class=\"elementor-container elementor-column-gap-default\">\n\t\t\t\t\t<div class=\"penci-ercol-100 penci-ercol-order-1 penci-sticky-ct    elementor-column elementor-col-100 elementor-top-column elementor-element elementor-element-47c606d\" data-id=\"47c606d\" data-element_type=\"column\" data-e-type=\"column\">\n\t\t\t<div class=\"elementor-widget-wrap elementor-element-populated\">\n\t\t\t\t\t\t<div class=\"elementor-element elementor-element-ff4a289 elementor-widget elementor-widget-text-editor\" data-id=\"ff4a289\" data-element_type=\"widget\" data-e-type=\"widget\" data-widget_type=\"text-editor.default\">\n\t\t\t\t<div class=\"elementor-widget-container\">\n\t\t\t\t\t\t\t\t\t<p>What makes a <strong>professional photo book in Mallorca<\/strong> truly special is not only the final images, but everything that happens during the session. The connection, the trust, and the small spontaneous moments.<\/p><p>Every gesture, every look, and every smile become part of a story that is being created in that very moment. That is why a <strong>first photo book in Mallorca<\/strong> becomes more than just photographs, it becomes a memory that lasts over time.<\/p>\t\t\t\t\t\t\t\t<\/div>\n\t\t\t\t<\/div>\n\t\t\t\t\t<\/div>\n\t\t<\/div>\n\t\t\t\t\t<\/div>\n\t\t<\/section>\n\t\t\t\t<section class=\"penci-section penci-disSticky penci-structure-10 elementor-section elementor-top-section elementor-element elementor-element-a0870a9 elementor-section-full_width elementor-section-height-default elementor-section-height-default\" data-id=\"a0870a9\" data-element_type=\"section\" data-e-type=\"section\">\n\t\t\t\t\t\t<div class=\"elementor-container elementor-column-gap-default\">\n\t\t\t\t\t<div class=\"penci-ercol-100 penci-ercol-order-1 penci-sticky-ct    elementor-column elementor-col-100 elementor-top-column elementor-element elementor-element-2449e34\" data-id=\"2449e34\" data-element_type=\"column\" data-e-type=\"column\">\n\t\t\t<div class=\"elementor-widget-wrap elementor-element-populated\">\n\t\t\t\t\t\t<div class=\"elementor-element elementor-element-0828814 elementor-widget elementor-widget-image\" data-id=\"0828814\" data-element_type=\"widget\" data-e-type=\"widget\" data-widget_type=\"image.default\">\n\t\t\t\t<div class=\"elementor-widget-container\">\n\t\t\t\t\t\t\t\t\t\t\t\t\t\t\t<img loading=\"lazy\" decoding=\"async\" width=\"787\" height=\"1006\" src=\"https:\/\/www.inmadelvalle.com\/wp-content\/uploads\/2026\/05\/first-photo-book-in-mallorca-02.jpg\" class=\"attachment-full size-full wp-image-61812\" alt=\"model posing in black dress\" srcset=\"https:\/\/www.inmadelvalle.com\/wp-content\/uploads\/2026\/05\/first-photo-book-in-mallorca-02.jpg 787w, https:\/\/www.inmadelvalle.com\/wp-content\/uploads\/2026\/05\/first-photo-book-in-mallorca-02-235x300.jpg 235w, https:\/\/www.inmadelvalle.com\/wp-content\/uploads\/2026\/05\/first-photo-book-in-mallorca-02-768x982.jpg 768w, https:\/\/www.inmadelvalle.com\/wp-content\/uploads\/2026\/05\/first-photo-book-in-mallorca-02-585x748.jpg 585w\" sizes=\"(max-width: 787px) 100vw, 787px\" \/>\t\t\t\t\t\t\t\t\t\t\t\t\t\t\t<\/div>\n\t\t\t\t<\/div>\n\t\t\t\t\t<\/div>\n\t\t<\/div>\n\t\t\t\t\t<\/div>\n\t\t<\/section>\n\t\t\t\t<section class=\"penci-section penci-disSticky penci-structure-10 elementor-section elementor-top-section elementor-element elementor-element-810e4ef elementor-section-boxed elementor-section-height-default elementor-section-height-default\" data-id=\"810e4ef\" data-element_type=\"section\" data-e-type=\"section\">\n\t\t\t\t\t\t<div class=\"elementor-container elementor-column-gap-default\">\n\t\t\t\t\t<div class=\"penci-ercol-100 penci-ercol-order-1 penci-sticky-ct    elementor-column elementor-col-100 elementor-top-column elementor-element elementor-element-b5fa8c6\" data-id=\"b5fa8c6\" data-element_type=\"column\" data-e-type=\"column\">\n\t\t\t<div class=\"elementor-widget-wrap elementor-element-populated\">\n\t\t\t\t\t\t<div class=\"elementor-element elementor-element-233cbd3 elementor-widget elementor-widget-heading\" data-id=\"233cbd3\" data-element_type=\"widget\" data-e-type=\"widget\" data-widget_type=\"heading.default\">\n\t\t\t\t<div class=\"elementor-widget-container\">\n\t\t\t\t\t<h2 class=\"elementor-heading-title elementor-size-default\"><a href=\"http:\/\/www.instagram.com\/inmadelvallephotography\">Follow me on Instagram @inmadelvallephotography to see more books and weddings in Mallorca, Mexico and Italy.<\/a><\/h2>\t\t\t\t<\/div>\n\t\t\t\t<\/div>\n\t\t\t\t\t<\/div>\n\t\t<\/div>\n\t\t\t\t\t<\/div>\n\t\t<\/section>\n\t\t\t\t<section class=\"penci-section penci-disSticky penci-structure-10 elementor-section elementor-top-section elementor-element elementor-element-8a9d779 elementor-section-full_width elementor-section-height-default elementor-section-height-default\" data-id=\"8a9d779\" data-element_type=\"section\" data-e-type=\"section\">\n\t\t\t\t\t\t<div class=\"elementor-container elementor-column-gap-default\">\n\t\t\t\t\t<div class=\"penci-ercol-100 penci-ercol-order-1 penci-sticky-ct    elementor-column elementor-col-100 elementor-top-column elementor-element elementor-element-607284a\" data-id=\"607284a\" data-element_type=\"column\" data-e-type=\"column\">\n\t\t\t<div class=\"elementor-widget-wrap elementor-element-populated\">\n\t\t\t\t\t\t<div class=\"elementor-element elementor-element-2507fa2 elementor-widget elementor-widget-image\" data-id=\"2507fa2\" data-element_type=\"widget\" data-e-type=\"widget\" data-widget_type=\"image.default\">\n\t\t\t\t<div class=\"elementor-widget-container\">\n\t\t\t\t\t\t\t\t\t\t\t\t\t\t\t<img loading=\"lazy\" decoding=\"async\" width=\"1181\" height=\"1088\" src=\"https:\/\/www.inmadelvalle.com\/wp-content\/uploads\/2026\/05\/first-photo-book-in-mallorca-15.jpg\" class=\"attachment-full size-full wp-image-61825\" alt=\"child posing confidently for portfolio\" srcset=\"https:\/\/www.inmadelvalle.com\/wp-content\/uploads\/2026\/05\/first-photo-book-in-mallorca-15.jpg 1181w, https:\/\/www.inmadelvalle.com\/wp-content\/uploads\/2026\/05\/first-photo-book-in-mallorca-15-300x276.jpg 300w, https:\/\/www.inmadelvalle.com\/wp-content\/uploads\/2026\/05\/first-photo-book-in-mallorca-15-1024x943.jpg 1024w, https:\/\/www.inmadelvalle.com\/wp-content\/uploads\/2026\/05\/first-photo-book-in-mallorca-15-768x708.jpg 768w, https:\/\/www.inmadelvalle.com\/wp-content\/uploads\/2026\/05\/first-photo-book-in-mallorca-15-585x539.jpg 585w\" sizes=\"(max-width: 1181px) 100vw, 1181px\" \/>\t\t\t\t\t\t\t\t\t\t\t\t\t\t\t<\/div>\n\t\t\t\t<\/div>\n\t\t\t\t\t<\/div>\n\t\t<\/div>\n\t\t\t\t\t<\/div>\n\t\t<\/section>\n\t\t\t\t<section class=\"penci-section penci-disSticky penci-structure-10 elementor-section elementor-top-section elementor-element elementor-element-8b35fa1 elementor-section-boxed elementor-section-height-default elementor-section-height-default\" data-id=\"8b35fa1\" data-element_type=\"section\" data-e-type=\"section\">\n\t\t\t\t\t\t<div class=\"elementor-container elementor-column-gap-default\">\n\t\t\t\t\t<div class=\"penci-ercol-100 penci-ercol-order-1 penci-sticky-ct    elementor-column elementor-col-100 elementor-top-column elementor-element elementor-element-733f6a0\" data-id=\"733f6a0\" data-element_type=\"column\" data-e-type=\"column\">\n\t\t\t<div class=\"elementor-widget-wrap elementor-element-populated\">\n\t\t\t\t\t\t<div class=\"elementor-element elementor-element-168fb8d elementor-widget elementor-widget-heading\" data-id=\"168fb8d\" data-element_type=\"widget\" data-e-type=\"widget\" data-widget_type=\"heading.default\">\n\t\t\t\t<div class=\"elementor-widget-container\">\n\t\t\t\t\t<h2 class=\"elementor-heading-title elementor-size-default\">When to have your first photo shoot in Mallorca\n<\/h2>\t\t\t\t<\/div>\n\t\t\t\t<\/div>\n\t\t\t\t\t<\/div>\n\t\t<\/div>\n\t\t\t\t\t<\/div>\n\t\t<\/section>\n\t\t\t\t<section class=\"penci-section penci-disSticky penci-structure-10 elementor-section elementor-top-section elementor-element elementor-element-1604535 elementor-section-full_width elementor-section-height-default elementor-section-height-default\" data-id=\"1604535\" data-element_type=\"section\" data-e-type=\"section\">\n\t\t\t\t\t\t<div class=\"elementor-container elementor-column-gap-default\">\n\t\t\t\t\t<div class=\"penci-ercol-100 penci-ercol-order-1 penci-sticky-ct    elementor-column elementor-col-100 elementor-top-column elementor-element elementor-element-187bfd2\" data-id=\"187bfd2\" data-element_type=\"column\" data-e-type=\"column\">\n\t\t\t<div class=\"elementor-widget-wrap elementor-element-populated\">\n\t\t\t\t\t\t<div class=\"elementor-element elementor-element-705edd0 elementor-widget elementor-widget-image\" data-id=\"705edd0\" data-element_type=\"widget\" data-e-type=\"widget\" data-widget_type=\"image.default\">\n\t\t\t\t<div class=\"elementor-widget-container\">\n\t\t\t\t\t\t\t\t\t\t\t\t\t\t\t<img loading=\"lazy\" decoding=\"async\" width=\"787\" height=\"1069\" src=\"https:\/\/www.inmadelvalle.com\/wp-content\/uploads\/2026\/05\/first-photo-book-in-mallorca-09.jpg\" class=\"attachment-full size-full wp-image-61819\" alt=\"child sitting on floor during photoshoot\" srcset=\"https:\/\/www.inmadelvalle.com\/wp-content\/uploads\/2026\/05\/first-photo-book-in-mallorca-09.jpg 787w, https:\/\/www.inmadelvalle.com\/wp-content\/uploads\/2026\/05\/first-photo-book-in-mallorca-09-221x300.jpg 221w, https:\/\/www.inmadelvalle.com\/wp-content\/uploads\/2026\/05\/first-photo-book-in-mallorca-09-754x1024.jpg 754w, https:\/\/www.inmadelvalle.com\/wp-content\/uploads\/2026\/05\/first-photo-book-in-mallorca-09-768x1043.jpg 768w, https:\/\/www.inmadelvalle.com\/wp-content\/uploads\/2026\/05\/first-photo-book-in-mallorca-09-585x795.jpg 585w\" sizes=\"(max-width: 787px) 100vw, 787px\" \/>\t\t\t\t\t\t\t\t\t\t\t\t\t\t\t<\/div>\n\t\t\t\t<\/div>\n\t\t\t\t\t<\/div>\n\t\t<\/div>\n\t\t\t\t\t<\/div>\n\t\t<\/section>\n\t\t\t\t<section class=\"penci-section penci-disSticky penci-structure-10 elementor-section elementor-top-section elementor-element elementor-element-636fe14 elementor-section-boxed elementor-section-height-default elementor-section-height-default\" data-id=\"636fe14\" data-element_type=\"section\" data-e-type=\"section\">\n\t\t\t\t\t\t<div class=\"elementor-container elementor-column-gap-default\">\n\t\t\t\t\t<div class=\"penci-ercol-100 penci-ercol-order-1 penci-sticky-ct    elementor-column elementor-col-100 elementor-top-column elementor-element elementor-element-e7760b3\" data-id=\"e7760b3\" data-element_type=\"column\" data-e-type=\"column\">\n\t\t\t<div class=\"elementor-widget-wrap elementor-element-populated\">\n\t\t\t\t\t\t<div class=\"elementor-element elementor-element-085e27f elementor-widget elementor-widget-text-editor\" data-id=\"085e27f\" data-element_type=\"widget\" data-e-type=\"widget\" data-widget_type=\"text-editor.default\">\n\t\t\t\t<div class=\"elementor-widget-container\">\n\t\t\t\t\t\t\t\t\t<h2 class=\"p1\">Take the step and discover your potential<\/h2>\t\t\t\t\t\t\t\t<\/div>\n\t\t\t\t<\/div>\n\t\t\t\t\t<\/div>\n\t\t<\/div>\n\t\t\t\t\t<\/div>\n\t\t<\/section>\n\t\t\t\t<section class=\"penci-section penci-disSticky penci-structure-10 elementor-section elementor-top-section elementor-element elementor-element-a83eb57 elementor-section-boxed elementor-section-height-default elementor-section-height-default\" data-id=\"a83eb57\" data-element_type=\"section\" data-e-type=\"section\">\n\t\t\t\t\t\t<div class=\"elementor-container elementor-column-gap-default\">\n\t\t\t\t\t<div class=\"penci-ercol-100 penci-ercol-order-1 penci-sticky-ct    elementor-column elementor-col-100 elementor-top-column elementor-element elementor-element-b155ce3\" data-id=\"b155ce3\" data-element_type=\"column\" data-e-type=\"column\">\n\t\t\t<div class=\"elementor-widget-wrap elementor-element-populated\">\n\t\t\t\t\t\t<div class=\"elementor-element elementor-element-fd9f299 elementor-widget elementor-widget-text-editor\" data-id=\"fd9f299\" data-element_type=\"widget\" data-e-type=\"widget\" data-widget_type=\"text-editor.default\">\n\t\t\t\t<div class=\"elementor-widget-container\">\n\t\t\t\t\t\t\t\t\t<p>If you have ever thought about creating a photo book, this is the moment. <strong>You don\u2019t need experience, you don\u2019t need to know how to pose, and you don\u2019t have to meet any standard.<\/strong> You just need to take the step.<\/p><p>Whether it is for you or for your children, this can be an experience that marks a before and after. A way to discover your best version and to have images that truly represent who you are.<\/p><p>Get in touch with me and I will explain how we can create your <strong>first photo book in Mallorca<\/strong> in a natural, professional, and fully personalized way.<\/p>\t\t\t\t\t\t\t\t<\/div>\n\t\t\t\t<\/div>\n\t\t\t\t\t<\/div>\n\t\t<\/div>\n\t\t\t\t\t<\/div>\n\t\t<\/section>\n\t\t\t\t<section class=\"penci-section penci-disSticky penci-structure-10 elementor-section elementor-top-section elementor-element elementor-element-682e700 elementor-section-boxed elementor-section-height-default elementor-section-height-default\" data-id=\"682e700\" data-element_type=\"section\" data-e-type=\"section\">\n\t\t\t\t\t\t<div class=\"elementor-container elementor-column-gap-default\">\n\t\t\t\t\t<div class=\"penci-ercol-100 penci-ercol-order-1 penci-sticky-ct    elementor-column elementor-col-100 elementor-top-column elementor-element elementor-element-e18a128\" data-id=\"e18a128\" data-element_type=\"column\" data-e-type=\"column\">\n\t\t\t<div class=\"elementor-widget-wrap elementor-element-populated\">\n\t\t\t\t\t\t<div class=\"elementor-element elementor-element-6ba9d10 elementor-widget elementor-widget-text-editor\" data-id=\"6ba9d10\" data-element_type=\"widget\" data-e-type=\"widget\" data-widget_type=\"text-editor.default\">\n\t\t\t\t<div class=\"elementor-widget-container\">\n\t\t\t\t\t\t\t\t\t<p><strong>Contact: infoinmadelvalle@gmail.com<\/strong><\/p>\t\t\t\t\t\t\t\t<\/div>\n\t\t\t\t<\/div>\n\t\t\t\t\t<\/div>\n\t\t<\/div>\n\t\t\t\t\t<\/div>\n\t\t<\/section>\n\t\t\t\t<section class=\"penci-section penci-disSticky penci-structure-10 elementor-section elementor-top-section elementor-element elementor-element-7b18a1b elementor-section-boxed elementor-section-height-default elementor-section-height-default\" data-id=\"7b18a1b\" data-element_type=\"section\" data-e-type=\"section\">\n\t\t\t\t\t\t<div class=\"elementor-container elementor-column-gap-default\">\n\t\t\t\t\t<div class=\"penci-ercol-100 penci-ercol-order-1 penci-sticky-ct    elementor-column elementor-col-100 elementor-top-column elementor-element elementor-element-11ec2c0\" data-id=\"11ec2c0\" data-element_type=\"column\" data-e-type=\"column\">\n\t\t\t<div class=\"elementor-widget-wrap elementor-element-populated\">\n\t\t\t\t\t\t<div class=\"elementor-element elementor-element-369bc6d e-transform e-transform elementor-widget elementor-widget-html\" data-id=\"369bc6d\" data-element_type=\"widget\" data-e-type=\"widget\" data-settings=\"{&quot;_transform_translateX_effect&quot;:{&quot;unit&quot;:&quot;px&quot;,&quot;size&quot;:12,&quot;sizes&quot;:[]},&quot;_transform_scale_effect&quot;:{&quot;unit&quot;:&quot;px&quot;,&quot;size&quot;:1.3,&quot;sizes&quot;:[]},&quot;_transform_translateX_effect_tablet&quot;:{&quot;unit&quot;:&quot;px&quot;,&quot;size&quot;:&quot;&quot;,&quot;sizes&quot;:[]},&quot;_transform_translateX_effect_mobile&quot;:{&quot;unit&quot;:&quot;px&quot;,&quot;size&quot;:&quot;&quot;,&quot;sizes&quot;:[]},&quot;_transform_translateY_effect&quot;:{&quot;unit&quot;:&quot;px&quot;,&quot;size&quot;:&quot;&quot;,&quot;sizes&quot;:[]},&quot;_transform_translateY_effect_tablet&quot;:{&quot;unit&quot;:&quot;px&quot;,&quot;size&quot;:&quot;&quot;,&quot;sizes&quot;:[]},&quot;_transform_translateY_effect_mobile&quot;:{&quot;unit&quot;:&quot;px&quot;,&quot;size&quot;:&quot;&quot;,&quot;sizes&quot;:[]},&quot;_transform_scale_effect_tablet&quot;:{&quot;unit&quot;:&quot;px&quot;,&quot;size&quot;:&quot;&quot;,&quot;sizes&quot;:[]},&quot;_transform_scale_effect_mobile&quot;:{&quot;unit&quot;:&quot;px&quot;,&quot;size&quot;:&quot;&quot;,&quot;sizes&quot;:[]}}\" data-widget_type=\"html.default\">\n\t\t\t\t<div class=\"elementor-widget-container\">\n\t\t\t\t\t<!-- Elegant Vogue-style font -->\n<link href=\"https:\/\/fonts.googleapis.com\/css2?family=Playfair+Display:wght@500;600&display=swap\" rel=\"stylesheet\">\n\n<style>\n.instagram-button-wrapper {\n  display: flex;\n  justify-content: center;\n  align-items: center;\n  padding: 20px 20px;\n  background-color: #ffffff;\n}\n\n.elegant-instagram-button {\n  display: inline-block;\n  background-color: #ffffff !important;\n  color: #000000 !important; \/* Forced to black *\/\n  border: 2px solid #e8b4cc;\n  padding: 16px 28px;\n  border-radius: 40px;\n  font-size: 14px;\n  font-weight: 500;\n  text-decoration: none !important;\n  font-family: 'Playfair Display', serif !important;\n  transition: all 0.3s ease;\n  box-shadow: 0 6px 16px rgba(0, 0, 0, 0.04);\n  max-width: 90%;\n  text-align: center;\n  line-height: 1.5;\n}\n\n.elegant-instagram-button:hover {\n  background-color: #fceef4 !important;\n  color: #000000 !important;\n  box-shadow: 0 10px 30px rgba(0, 0, 0, 0.06);\n}\n<\/style>\n\n<div class=\"instagram-button-wrapper\">\n  <a class=\"elegant-instagram-button\"\n     href=\"https:\/\/www.instagram.com\/inmadelvallephotography\/\"\n     target=\"_blank\"\n     rel=\"noopener noreferrer\">\n     Follow me on Instagram @inmadelvallephotography to see more books and weddings in Mallorca, Mexico, and Italy\n  <\/a>\n<\/div>\t\t\t\t<\/div>\n\t\t\t\t<\/div>\n\t\t\t\t\t<\/div>\n\t\t<\/div>\n\t\t\t\t\t<\/div>\n\t\t<\/section>\n\t\t\t\t<section class=\"penci-section penci-disSticky penci-structure-10 elementor-section elementor-top-section elementor-element elementor-element-4c7eb1e elementor-section-boxed elementor-section-height-default elementor-section-height-default\" data-id=\"4c7eb1e\" data-element_type=\"section\" data-e-type=\"section\">\n\t\t\t\t\t\t<div class=\"elementor-container elementor-column-gap-default\">\n\t\t\t\t\t<div class=\"penci-ercol-100 penci-ercol-order-1 penci-sticky-ct    elementor-column elementor-col-100 elementor-top-column elementor-element elementor-element-226ea01\" data-id=\"226ea01\" data-element_type=\"column\" data-e-type=\"column\">\n\t\t\t<div class=\"elementor-widget-wrap elementor-element-populated\">\n\t\t\t\t\t\t<div class=\"elementor-element elementor-element-26880e1 e-transform e-transform elementor-widget elementor-widget-html\" data-id=\"26880e1\" data-element_type=\"widget\" data-e-type=\"widget\" data-settings=\"{&quot;_transform_translateX_effect&quot;:{&quot;unit&quot;:&quot;px&quot;,&quot;size&quot;:12,&quot;sizes&quot;:[]},&quot;_transform_scale_effect&quot;:{&quot;unit&quot;:&quot;px&quot;,&quot;size&quot;:1.3,&quot;sizes&quot;:[]},&quot;_transform_translateX_effect_tablet&quot;:{&quot;unit&quot;:&quot;px&quot;,&quot;size&quot;:&quot;&quot;,&quot;sizes&quot;:[]},&quot;_transform_translateX_effect_mobile&quot;:{&quot;unit&quot;:&quot;px&quot;,&quot;size&quot;:&quot;&quot;,&quot;sizes&quot;:[]},&quot;_transform_translateY_effect&quot;:{&quot;unit&quot;:&quot;px&quot;,&quot;size&quot;:&quot;&quot;,&quot;sizes&quot;:[]},&quot;_transform_translateY_effect_tablet&quot;:{&quot;unit&quot;:&quot;px&quot;,&quot;size&quot;:&quot;&quot;,&quot;sizes&quot;:[]},&quot;_transform_translateY_effect_mobile&quot;:{&quot;unit&quot;:&quot;px&quot;,&quot;size&quot;:&quot;&quot;,&quot;sizes&quot;:[]},&quot;_transform_scale_effect_tablet&quot;:{&quot;unit&quot;:&quot;px&quot;,&quot;size&quot;:&quot;&quot;,&quot;sizes&quot;:[]},&quot;_transform_scale_effect_mobile&quot;:{&quot;unit&quot;:&quot;px&quot;,&quot;size&quot;:&quot;&quot;,&quot;sizes&quot;:[]}}\" data-widget_type=\"html.default\">\n\t\t\t\t<div class=\"elementor-widget-container\">\n\t\t\t\t\t<h2 style=\"text-align: center\">\n  <a class=\"typeform-share button\" href=\"mailto:infoinmadelvalle@gmail.com\" style=\"text-decoration: none;background-color: #8F7A35;color: white;cursor: pointer;font-family: UNNA, Arial, sans-serif;font-size: 20px;line-height: 50px;text-align: center;margin: 0;height: 50px;padding: 0px 33px;border-radius: 25px;max-width: 100%;overflow: hidden;font-weight: bold\">\n    Contact\n  <\/a>\n<\/h2>\n\t\t\t\t<\/div>\n\t\t\t\t<\/div>\n\t\t\t\t\t<\/div>\n\t\t<\/div>\n\t\t\t\t\t<\/div>\n\t\t<\/section>\n\t\t\t\t<section class=\"penci-section penci-disSticky penci-structure-10 elementor-section elementor-top-section elementor-element elementor-element-17e6dc8 elementor-section-boxed elementor-section-height-default elementor-section-height-default\" data-id=\"17e6dc8\" data-element_type=\"section\" data-e-type=\"section\">\n\t\t\t\t\t\t<div class=\"elementor-container elementor-column-gap-default\">\n\t\t\t\t\t<div class=\"penci-ercol-100 penci-ercol-order-1 penci-sticky-ct    elementor-column elementor-col-100 elementor-top-column elementor-element elementor-element-0114bbe\" data-id=\"0114bbe\" data-element_type=\"column\" data-e-type=\"column\">\n\t\t\t<div class=\"elementor-widget-wrap elementor-element-populated\">\n\t\t\t\t\t\t<div class=\"elementor-element elementor-element-4208385 elementor-widget elementor-widget-text-editor\" data-id=\"4208385\" data-element_type=\"widget\" data-e-type=\"widget\" data-widget_type=\"text-editor.default\">\n\t\t\t\t<div class=\"elementor-widget-container\">\n\t\t\t\t\t\t\t\t\t<h3><span data-olk-copy-source=\"MessageBody\"> \u00a0Inma del Valle photographer in Mallorca, Mexico and Italy.<\/span><\/h3>\t\t\t\t\t\t\t\t<\/div>\n\t\t\t\t<\/div>\n\t\t\t\t\t<\/div>\n\t\t<\/div>\n\t\t\t\t\t<\/div>\n\t\t<\/section>\n\t\t\t\t<section class=\"penci-section penci-disSticky penci-structure-10 elementor-section elementor-top-section elementor-element elementor-element-efc4c01 elementor-section-boxed elementor-section-height-default elementor-section-height-default\" data-id=\"efc4c01\" data-element_type=\"section\" data-e-type=\"section\">\n\t\t\t\t\t\t<div class=\"elementor-container elementor-column-gap-default\">\n\t\t\t\t\t<div class=\"penci-ercol-100 penci-ercol-order-1 penci-sticky-ct    elementor-column elementor-col-100 elementor-top-column elementor-element elementor-element-5a7963f\" data-id=\"5a7963f\" data-element_type=\"column\" data-e-type=\"column\">\n\t\t\t<div class=\"elementor-widget-wrap elementor-element-populated\">\n\t\t\t\t\t\t<div class=\"elementor-element elementor-element-3fea427 elementor-widget elementor-widget-heading\" data-id=\"3fea427\" data-element_type=\"widget\" data-e-type=\"widget\" data-widget_type=\"heading.default\">\n\t\t\t\t<div class=\"elementor-widget-container\">\n\t\t\t\t\t<h2 class=\"elementor-heading-title elementor-size-default\">First photo book in Mallorca<\/h2>\t\t\t\t<\/div>\n\t\t\t\t<\/div>\n\t\t\t\t\t<\/div>\n\t\t<\/div>\n\t\t\t\t\t<\/div>\n\t\t<\/section>\n\t\t\t\t<section class=\"penci-section penci-disSticky penci-structure-10 elementor-section elementor-top-section elementor-element elementor-element-e2c2659 elementor-section-boxed elementor-section-height-default elementor-section-height-default\" data-id=\"e2c2659\" data-element_type=\"section\" data-e-type=\"section\">\n\t\t\t\t\t\t<div class=\"elementor-container elementor-column-gap-default\">\n\t\t\t\t\t<div class=\"penci-ercol-100 penci-ercol-order-1 penci-sticky-ct    elementor-column elementor-col-100 elementor-top-column elementor-element elementor-element-0fb0e8e\" data-id=\"0fb0e8e\" data-element_type=\"column\" data-e-type=\"column\">\n\t\t\t<div class=\"elementor-widget-wrap\">\n\t\t\t\t\t\t\t<\/div>\n\t\t<\/div>\n\t\t\t\t\t<\/div>\n\t\t<\/section>\n\t\t\t\t<\/div>\n\t\t\n\n<div class=\"kk-star-ratings kksr-auto kksr-align-center kksr-valign-bottom\"\n    data-payload='{&quot;align&quot;:&quot;center&quot;,&quot;id&quot;:&quot;61803&quot;,&quot;slug&quot;:&quot;default&quot;,&quot;valign&quot;:&quot;bottom&quot;,&quot;ignore&quot;:&quot;&quot;,&quot;reference&quot;:&quot;auto&quot;,&quot;class&quot;:&quot;&quot;,&quot;count&quot;:&quot;0&quot;,&quot;legendonly&quot;:&quot;&quot;,&quot;readonly&quot;:&quot;&quot;,&quot;score&quot;:&quot;0&quot;,&quot;starsonly&quot;:&quot;&quot;,&quot;best&quot;:&quot;5&quot;,&quot;gap&quot;:&quot;4&quot;,&quot;greet&quot;:&quot;Valora este art\u00edculo, gracias por tu opini\u00f3n&quot;,&quot;legend&quot;:&quot;0\\\/5 - (0 votes)&quot;,&quot;size&quot;:&quot;24&quot;,&quot;title&quot;:&quot;First photo book in Mallorca&quot;,&quot;width&quot;:&quot;0&quot;,&quot;_legend&quot;:&quot;{score}\\\/{best} - ({count} {votes})&quot;,&quot;font_factor&quot;:&quot;1.25&quot;}'>\n            \n<div class=\"kksr-stars\">\n    \n<div class=\"kksr-stars-inactive\">\n            <div class=\"kksr-star\" data-star=\"1\" style=\"padding-right: 4px\">\n            \n\n<div class=\"kksr-icon\" style=\"width: 24px; height: 24px;\"><\/div>\n        <\/div>\n            <div class=\"kksr-star\" data-star=\"2\" style=\"padding-right: 4px\">\n            \n\n<div class=\"kksr-icon\" style=\"width: 24px; height: 24px;\"><\/div>\n        <\/div>\n            <div class=\"kksr-star\" data-star=\"3\" style=\"padding-right: 4px\">\n            \n\n<div class=\"kksr-icon\" style=\"width: 24px; height: 24px;\"><\/div>\n        <\/div>\n            <div class=\"kksr-star\" data-star=\"4\" style=\"padding-right: 4px\">\n            \n\n<div class=\"kksr-icon\" style=\"width: 24px; height: 24px;\"><\/div>\n        <\/div>\n            <div class=\"kksr-star\" data-star=\"5\" style=\"padding-right: 4px\">\n            \n\n<div class=\"kksr-icon\" style=\"width: 24px; height: 24px;\"><\/div>\n        <\/div>\n    <\/div>\n    \n<div class=\"kksr-stars-active\" style=\"width: 0px;\">\n            <div class=\"kksr-star\" style=\"padding-right: 4px\">\n            \n\n<div class=\"kksr-icon\" style=\"width: 24px; height: 24px;\"><\/div>\n        <\/div>\n            <div class=\"kksr-star\" style=\"padding-right: 4px\">\n            \n\n<div class=\"kksr-icon\" style=\"width: 24px; height: 24px;\"><\/div>\n        <\/div>\n            <div class=\"kksr-star\" style=\"padding-right: 4px\">\n            \n\n<div class=\"kksr-icon\" style=\"width: 24px; height: 24px;\"><\/div>\n        <\/div>\n            <div class=\"kksr-star\" style=\"padding-right: 4px\">\n            \n\n<div class=\"kksr-icon\" style=\"width: 24px; height: 24px;\"><\/div>\n        <\/div>\n            <div class=\"kksr-star\" style=\"padding-right: 4px\">\n            \n\n<div class=\"kksr-icon\" style=\"width: 24px; height: 24px;\"><\/div>\n        <\/div>\n    <\/div>\n<\/div>\n                \n\n<div class=\"kksr-legend\" style=\"font-size: 19.2px;\">\n            <span class=\"kksr-muted\">Valora este art\u00edculo, gracias por tu opini\u00f3n<\/span>\n    <\/div>\n    <\/div>\n","protected":false},"excerpt":{"rendered":"<p>First photo book in Mallorca. The perfect time to get started There are decisions that change the way you see&hellip;<\/p>\n","protected":false},"author":6,"featured_media":61813,"comment_status":"open","ping_status":"open","sticky":false,"template":"","format":"standard","meta":{"_acf_changed":false,"_lmt_disableupdate":"","_lmt_disable":"","footnotes":""},"categories":[187,4231,1635],"tags":[5455,5454,5453],"class_list":["post-61803","post","type-post","status-publish","format-standard","has-post-thumbnail","hentry","category-wedding-photographer-mallorca-en","category-books","category-books-mallorca","tag-first-photo-book-in-mallorca","tag-photographer-for-book-in-mallorca","tag-professional-book-in-mallorca"],"acf":[],"yoast_head":"<!-- This site is optimized with the Yoast SEO Premium plugin v27.5 (Yoast SEO v27.5) - https:\/\/yoast.com\/product\/yoast-seo-premium-wordpress\/ -->\n<title>First photo book in Mallorca by Inma del Valle Photography.<\/title>\n<meta name=\"description\" content=\"First photo book in Mallorca by Inma del Valle Photography. Just do it because you don&#039;t need any experience or to know how to pose.\" \/>\n<meta name=\"robots\" content=\"index, follow, max-snippet:-1, max-image-preview:large, max-video-preview:-1\" \/>\n<link rel=\"canonical\" href=\"https:\/\/www.inmadelvalle.com\/en\/first-photo-book-in-mallorca\/\" \/>\n<meta property=\"og:locale\" content=\"en_US\" \/>\n<meta property=\"og:type\" content=\"article\" \/>\n<meta property=\"og:title\" content=\"First photo book in Mallorca\" \/>\n<meta property=\"og:description\" content=\"First photo book in Mallorca by Inma del Valle Photography. Just do it because you don&#039;t need any experience or to know how to pose.\" \/>\n<meta property=\"og:url\" content=\"https:\/\/www.inmadelvalle.com\/en\/first-photo-book-in-mallorca\/\" \/>\n<meta property=\"og:site_name\" content=\"[English] Photographers Mallorca | Inma del Valle | Wedding photographers Mallorca\" \/>\n<meta property=\"article:publisher\" content=\"https:\/\/es-la.facebook.com\/InmadelValle\" \/>\n<meta property=\"article:published_time\" content=\"2026-05-01T14:21:42+00:00\" \/>\n<meta property=\"article:modified_time\" content=\"2026-05-01T14:21:51+00:00\" \/>\n<meta property=\"og:image\" content=\"https:\/\/www.inmadelvalle.com\/wp-content\/uploads\/2026\/05\/first-photo-book-in-mallorca-03.jpg\" \/>\n\t<meta property=\"og:image:width\" content=\"787\" \/>\n\t<meta property=\"og:image:height\" content=\"972\" \/>\n\t<meta property=\"og:image:type\" content=\"image\/jpeg\" \/>\n<meta name=\"author\" content=\"Inma del Valle bueno\" \/>\n<meta name=\"twitter:card\" content=\"summary_large_image\" \/>\n<meta name=\"twitter:creator\" content=\"@Emibel1984\" \/>\n<meta name=\"twitter:site\" content=\"@Emibel1984\" \/>\n<meta name=\"twitter:label1\" content=\"Written by\" \/>\n\t<meta name=\"twitter:data1\" content=\"Inma del Valle bueno\" \/>\n\t<meta name=\"twitter:label2\" content=\"Est. reading time\" \/>\n\t<meta name=\"twitter:data2\" content=\"8 minutes\" \/>\n<script type=\"application\/ld+json\" class=\"yoast-schema-graph\">{\"@context\":\"https:\\\/\\\/schema.org\",\"@graph\":[{\"@type\":\"Article\",\"@id\":\"https:\\\/\\\/www.inmadelvalle.com\\\/en\\\/first-photo-book-in-mallorca\\\/#article\",\"isPartOf\":{\"@id\":\"https:\\\/\\\/www.inmadelvalle.com\\\/en\\\/first-photo-book-in-mallorca\\\/\"},\"author\":{\"name\":\"Inma del Valle bueno\",\"@id\":\"https:\\\/\\\/www.inmadelvalle.com\\\/en\\\/#\\\/schema\\\/person\\\/f94481be855aef5eb03d66daea5f63a0\"},\"headline\":\"First photo book in Mallorca\",\"datePublished\":\"2026-05-01T14:21:42+00:00\",\"dateModified\":\"2026-05-01T14:21:51+00:00\",\"mainEntityOfPage\":{\"@id\":\"https:\\\/\\\/www.inmadelvalle.com\\\/en\\\/first-photo-book-in-mallorca\\\/\"},\"wordCount\":864,\"commentCount\":0,\"publisher\":{\"@id\":\"https:\\\/\\\/www.inmadelvalle.com\\\/en\\\/#organization\"},\"image\":{\"@id\":\"https:\\\/\\\/www.inmadelvalle.com\\\/en\\\/first-photo-book-in-mallorca\\\/#primaryimage\"},\"thumbnailUrl\":\"https:\\\/\\\/www.inmadelvalle.com\\\/wp-content\\\/uploads\\\/2026\\\/05\\\/first-photo-book-in-mallorca-03.jpg\",\"keywords\":[\"First photo book in Mallorca\",\"Photographer for book in Mallorca\",\"Professional book in Mallorca\"],\"articleSection\":[\"blog\",\"books\",\"books Mallorca\"],\"inLanguage\":\"en-US\",\"potentialAction\":[{\"@type\":\"CommentAction\",\"name\":\"Comment\",\"target\":[\"https:\\\/\\\/www.inmadelvalle.com\\\/en\\\/first-photo-book-in-mallorca\\\/#respond\"]}]},{\"@type\":\"WebPage\",\"@id\":\"https:\\\/\\\/www.inmadelvalle.com\\\/en\\\/first-photo-book-in-mallorca\\\/\",\"url\":\"https:\\\/\\\/www.inmadelvalle.com\\\/en\\\/first-photo-book-in-mallorca\\\/\",\"name\":\"First photo book in Mallorca by Inma del Valle Photography.\",\"isPartOf\":{\"@id\":\"https:\\\/\\\/www.inmadelvalle.com\\\/en\\\/#website\"},\"primaryImageOfPage\":{\"@id\":\"https:\\\/\\\/www.inmadelvalle.com\\\/en\\\/first-photo-book-in-mallorca\\\/#primaryimage\"},\"image\":{\"@id\":\"https:\\\/\\\/www.inmadelvalle.com\\\/en\\\/first-photo-book-in-mallorca\\\/#primaryimage\"},\"thumbnailUrl\":\"https:\\\/\\\/www.inmadelvalle.com\\\/wp-content\\\/uploads\\\/2026\\\/05\\\/first-photo-book-in-mallorca-03.jpg\",\"datePublished\":\"2026-05-01T14:21:42+00:00\",\"dateModified\":\"2026-05-01T14:21:51+00:00\",\"description\":\"First photo book in Mallorca by Inma del Valle Photography. Just do it because you don't need any experience or to know how to pose.\",\"breadcrumb\":{\"@id\":\"https:\\\/\\\/www.inmadelvalle.com\\\/en\\\/first-photo-book-in-mallorca\\\/#breadcrumb\"},\"inLanguage\":\"en-US\",\"potentialAction\":[{\"@type\":\"ReadAction\",\"target\":[\"https:\\\/\\\/www.inmadelvalle.com\\\/en\\\/first-photo-book-in-mallorca\\\/\"]}]},{\"@type\":\"ImageObject\",\"inLanguage\":\"en-US\",\"@id\":\"https:\\\/\\\/www.inmadelvalle.com\\\/en\\\/first-photo-book-in-mallorca\\\/#primaryimage\",\"url\":\"https:\\\/\\\/www.inmadelvalle.com\\\/wp-content\\\/uploads\\\/2026\\\/05\\\/first-photo-book-in-mallorca-03.jpg\",\"contentUrl\":\"https:\\\/\\\/www.inmadelvalle.com\\\/wp-content\\\/uploads\\\/2026\\\/05\\\/first-photo-book-in-mallorca-03.jpg\",\"width\":787,\"height\":972,\"caption\":\"Modern editorial look\"},{\"@type\":\"BreadcrumbList\",\"@id\":\"https:\\\/\\\/www.inmadelvalle.com\\\/en\\\/first-photo-book-in-mallorca\\\/#breadcrumb\",\"itemListElement\":[{\"@type\":\"ListItem\",\"position\":1,\"name\":\"Portada\",\"item\":\"https:\\\/\\\/www.inmadelvalle.com\\\/en\\\/\"},{\"@type\":\"ListItem\",\"position\":2,\"name\":\"First photo book in Mallorca\"}]},{\"@type\":\"WebSite\",\"@id\":\"https:\\\/\\\/www.inmadelvalle.com\\\/en\\\/#website\",\"url\":\"https:\\\/\\\/www.inmadelvalle.com\\\/en\\\/\",\"name\":\"[English] Photographers Mallorca | Inma del Valle | Wedding photographers Mallorca\",\"description\":\"[English] Fot\u00f3grafo en Mallorca | Inma del Valle | Fot\u00f3grafos de bodas en Mallorca | Ten un recuerdo original y elegante del d\u00eda de tu boda. Wedding photographer.\",\"publisher\":{\"@id\":\"https:\\\/\\\/www.inmadelvalle.com\\\/en\\\/#organization\"},\"potentialAction\":[{\"@type\":\"SearchAction\",\"target\":{\"@type\":\"EntryPoint\",\"urlTemplate\":\"https:\\\/\\\/www.inmadelvalle.com\\\/en\\\/?s={search_term_string}\"},\"query-input\":{\"@type\":\"PropertyValueSpecification\",\"valueRequired\":true,\"valueName\":\"search_term_string\"}}],\"inLanguage\":\"en-US\"},{\"@type\":\"Organization\",\"@id\":\"https:\\\/\\\/www.inmadelvalle.com\\\/en\\\/#organization\",\"name\":\"Inma del Valle fotograf\u00eda\",\"url\":\"https:\\\/\\\/www.inmadelvalle.com\\\/en\\\/\",\"logo\":{\"@type\":\"ImageObject\",\"inLanguage\":\"en-US\",\"@id\":\"https:\\\/\\\/www.inmadelvalle.com\\\/en\\\/#\\\/schema\\\/logo\\\/image\\\/\",\"url\":\"https:\\\/\\\/www.inmadelvalle.com\\\/wp-content\\\/uploads\\\/2018\\\/11\\\/foto\u0301grafo-en-mallorca-logo.png\",\"contentUrl\":\"https:\\\/\\\/www.inmadelvalle.com\\\/wp-content\\\/uploads\\\/2018\\\/11\\\/foto\u0301grafo-en-mallorca-logo.png\",\"width\":486,\"height\":408,\"caption\":\"Inma del Valle fotograf\u00eda\"},\"image\":{\"@id\":\"https:\\\/\\\/www.inmadelvalle.com\\\/en\\\/#\\\/schema\\\/logo\\\/image\\\/\"},\"sameAs\":[\"https:\\\/\\\/es-la.facebook.com\\\/InmadelValle\",\"https:\\\/\\\/x.com\\\/Emibel1984\",\"https:\\\/\\\/www.instagram.com\\\/inmadelvallephotography\\\/\",\"https:\\\/\\\/www.linkedin.com\\\/in\\\/inmadelvalle\\\/\",\"https:\\\/\\\/www.pinterest.es\\\/inmadelvalle\\\/\"],\"description\":\"Destination wedding photographer based in Mallorca, specializing in luxury and intimate weddings across Mallorca, Ibiza, Italy and Mexico. Known for a natural, editorial and emotion driven approach, offering a personalized experience for couples from all over the world.\",\"email\":\"infoinmadelvalle@gmail.com\",\"telephone\":\"+34616866588\",\"legalName\":\"Inma del Valle fotograf\u00eda\"},{\"@type\":\"Person\",\"@id\":\"https:\\\/\\\/www.inmadelvalle.com\\\/en\\\/#\\\/schema\\\/person\\\/f94481be855aef5eb03d66daea5f63a0\",\"name\":\"Inma del Valle bueno\",\"image\":{\"@type\":\"ImageObject\",\"inLanguage\":\"en-US\",\"@id\":\"https:\\\/\\\/secure.gravatar.com\\\/avatar\\\/ea904d2bb0314860683cb151385904055a4f14eb3d9d9b9d94b3afc96e1507fb?s=96&d=mm&r=g\",\"url\":\"https:\\\/\\\/secure.gravatar.com\\\/avatar\\\/ea904d2bb0314860683cb151385904055a4f14eb3d9d9b9d94b3afc96e1507fb?s=96&d=mm&r=g\",\"contentUrl\":\"https:\\\/\\\/secure.gravatar.com\\\/avatar\\\/ea904d2bb0314860683cb151385904055a4f14eb3d9d9b9d94b3afc96e1507fb?s=96&d=mm&r=g\",\"caption\":\"Inma del Valle bueno\"}}]}<\/script>\n<!-- \/ Yoast SEO Premium plugin. -->","yoast_head_json":{"title":"First photo book in Mallorca by Inma del Valle Photography.","description":"First photo book in Mallorca by Inma del Valle Photography. Just do it because you don't need any experience or to know how to pose.","robots":{"index":"index","follow":"follow","max-snippet":"max-snippet:-1","max-image-preview":"max-image-preview:large","max-video-preview":"max-video-preview:-1"},"canonical":"https:\/\/www.inmadelvalle.com\/en\/first-photo-book-in-mallorca\/","og_locale":"en_US","og_type":"article","og_title":"First photo book in Mallorca","og_description":"First photo book in Mallorca by Inma del Valle Photography. Just do it because you don't need any experience or to know how to pose.","og_url":"https:\/\/www.inmadelvalle.com\/en\/first-photo-book-in-mallorca\/","og_site_name":"[English] Photographers Mallorca | Inma del Valle | Wedding photographers Mallorca","article_publisher":"https:\/\/es-la.facebook.com\/InmadelValle","article_published_time":"2026-05-01T14:21:42+00:00","article_modified_time":"2026-05-01T14:21:51+00:00","og_image":[{"width":787,"height":972,"url":"https:\/\/www.inmadelvalle.com\/wp-content\/uploads\/2026\/05\/first-photo-book-in-mallorca-03.jpg","type":"image\/jpeg"}],"author":"Inma del Valle bueno","twitter_card":"summary_large_image","twitter_creator":"@Emibel1984","twitter_site":"@Emibel1984","twitter_misc":{"Written by":"Inma del Valle bueno","Est. reading time":"8 minutes"},"schema":{"@context":"https:\/\/schema.org","@graph":[{"@type":"Article","@id":"https:\/\/www.inmadelvalle.com\/en\/first-photo-book-in-mallorca\/#article","isPartOf":{"@id":"https:\/\/www.inmadelvalle.com\/en\/first-photo-book-in-mallorca\/"},"author":{"name":"Inma del Valle bueno","@id":"https:\/\/www.inmadelvalle.com\/en\/#\/schema\/person\/f94481be855aef5eb03d66daea5f63a0"},"headline":"First photo book in Mallorca","datePublished":"2026-05-01T14:21:42+00:00","dateModified":"2026-05-01T14:21:51+00:00","mainEntityOfPage":{"@id":"https:\/\/www.inmadelvalle.com\/en\/first-photo-book-in-mallorca\/"},"wordCount":864,"commentCount":0,"publisher":{"@id":"https:\/\/www.inmadelvalle.com\/en\/#organization"},"image":{"@id":"https:\/\/www.inmadelvalle.com\/en\/first-photo-book-in-mallorca\/#primaryimage"},"thumbnailUrl":"https:\/\/www.inmadelvalle.com\/wp-content\/uploads\/2026\/05\/first-photo-book-in-mallorca-03.jpg","keywords":["First photo book in Mallorca","Photographer for book in Mallorca","Professional book in Mallorca"],"articleSection":["blog","books","books Mallorca"],"inLanguage":"en-US","potentialAction":[{"@type":"CommentAction","name":"Comment","target":["https:\/\/www.inmadelvalle.com\/en\/first-photo-book-in-mallorca\/#respond"]}]},{"@type":"WebPage","@id":"https:\/\/www.inmadelvalle.com\/en\/first-photo-book-in-mallorca\/","url":"https:\/\/www.inmadelvalle.com\/en\/first-photo-book-in-mallorca\/","name":"First photo book in Mallorca by Inma del Valle Photography.","isPartOf":{"@id":"https:\/\/www.inmadelvalle.com\/en\/#website"},"primaryImageOfPage":{"@id":"https:\/\/www.inmadelvalle.com\/en\/first-photo-book-in-mallorca\/#primaryimage"},"image":{"@id":"https:\/\/www.inmadelvalle.com\/en\/first-photo-book-in-mallorca\/#primaryimage"},"thumbnailUrl":"https:\/\/www.inmadelvalle.com\/wp-content\/uploads\/2026\/05\/first-photo-book-in-mallorca-03.jpg","datePublished":"2026-05-01T14:21:42+00:00","dateModified":"2026-05-01T14:21:51+00:00","description":"First photo book in Mallorca by Inma del Valle Photography. Just do it because you don't need any experience or to know how to pose.","breadcrumb":{"@id":"https:\/\/www.inmadelvalle.com\/en\/first-photo-book-in-mallorca\/#breadcrumb"},"inLanguage":"en-US","potentialAction":[{"@type":"ReadAction","target":["https:\/\/www.inmadelvalle.com\/en\/first-photo-book-in-mallorca\/"]}]},{"@type":"ImageObject","inLanguage":"en-US","@id":"https:\/\/www.inmadelvalle.com\/en\/first-photo-book-in-mallorca\/#primaryimage","url":"https:\/\/www.inmadelvalle.com\/wp-content\/uploads\/2026\/05\/first-photo-book-in-mallorca-03.jpg","contentUrl":"https:\/\/www.inmadelvalle.com\/wp-content\/uploads\/2026\/05\/first-photo-book-in-mallorca-03.jpg","width":787,"height":972,"caption":"Modern editorial look"},{"@type":"BreadcrumbList","@id":"https:\/\/www.inmadelvalle.com\/en\/first-photo-book-in-mallorca\/#breadcrumb","itemListElement":[{"@type":"ListItem","position":1,"name":"Portada","item":"https:\/\/www.inmadelvalle.com\/en\/"},{"@type":"ListItem","position":2,"name":"First photo book in Mallorca"}]},{"@type":"WebSite","@id":"https:\/\/www.inmadelvalle.com\/en\/#website","url":"https:\/\/www.inmadelvalle.com\/en\/","name":"[English] Photographers Mallorca | Inma del Valle | Wedding photographers Mallorca","description":"[English] Fot\u00f3grafo en Mallorca | Inma del Valle | Fot\u00f3grafos de bodas en Mallorca | Ten un recuerdo original y elegante del d\u00eda de tu boda. Wedding photographer.","publisher":{"@id":"https:\/\/www.inmadelvalle.com\/en\/#organization"},"potentialAction":[{"@type":"SearchAction","target":{"@type":"EntryPoint","urlTemplate":"https:\/\/www.inmadelvalle.com\/en\/?s={search_term_string}"},"query-input":{"@type":"PropertyValueSpecification","valueRequired":true,"valueName":"search_term_string"}}],"inLanguage":"en-US"},{"@type":"Organization","@id":"https:\/\/www.inmadelvalle.com\/en\/#organization","name":"Inma del Valle fotograf\u00eda","url":"https:\/\/www.inmadelvalle.com\/en\/","logo":{"@type":"ImageObject","inLanguage":"en-US","@id":"https:\/\/www.inmadelvalle.com\/en\/#\/schema\/logo\/image\/","url":"https:\/\/www.inmadelvalle.com\/wp-content\/uploads\/2018\/11\/foto\u0301grafo-en-mallorca-logo.png","contentUrl":"https:\/\/www.inmadelvalle.com\/wp-content\/uploads\/2018\/11\/foto\u0301grafo-en-mallorca-logo.png","width":486,"height":408,"caption":"Inma del Valle fotograf\u00eda"},"image":{"@id":"https:\/\/www.inmadelvalle.com\/en\/#\/schema\/logo\/image\/"},"sameAs":["https:\/\/es-la.facebook.com\/InmadelValle","https:\/\/x.com\/Emibel1984","https:\/\/www.instagram.com\/inmadelvallephotography\/","https:\/\/www.linkedin.com\/in\/inmadelvalle\/","https:\/\/www.pinterest.es\/inmadelvalle\/"],"description":"Destination wedding photographer based in Mallorca, specializing in luxury and intimate weddings across Mallorca, Ibiza, Italy and Mexico. Known for a natural, editorial and emotion driven approach, offering a personalized experience for couples from all over the world.","email":"infoinmadelvalle@gmail.com","telephone":"+34616866588","legalName":"Inma del Valle fotograf\u00eda"},{"@type":"Person","@id":"https:\/\/www.inmadelvalle.com\/en\/#\/schema\/person\/f94481be855aef5eb03d66daea5f63a0","name":"Inma del Valle bueno","image":{"@type":"ImageObject","inLanguage":"en-US","@id":"https:\/\/secure.gravatar.com\/avatar\/ea904d2bb0314860683cb151385904055a4f14eb3d9d9b9d94b3afc96e1507fb?s=96&d=mm&r=g","url":"https:\/\/secure.gravatar.com\/avatar\/ea904d2bb0314860683cb151385904055a4f14eb3d9d9b9d94b3afc96e1507fb?s=96&d=mm&r=g","contentUrl":"https:\/\/secure.gravatar.com\/avatar\/ea904d2bb0314860683cb151385904055a4f14eb3d9d9b9d94b3afc96e1507fb?s=96&d=mm&r=g","caption":"Inma del Valle bueno"}}]}},"_links":{"self":[{"href":"https:\/\/www.inmadelvalle.com\/en\/wp-json\/wp\/v2\/posts\/61803","targetHints":{"allow":["GET"]}}],"collection":[{"href":"https:\/\/www.inmadelvalle.com\/en\/wp-json\/wp\/v2\/posts"}],"about":[{"href":"https:\/\/www.inmadelvalle.com\/en\/wp-json\/wp\/v2\/types\/post"}],"author":[{"embeddable":true,"href":"https:\/\/www.inmadelvalle.com\/en\/wp-json\/wp\/v2\/users\/6"}],"replies":[{"embeddable":true,"href":"https:\/\/www.inmadelvalle.com\/en\/wp-json\/wp\/v2\/comments?post=61803"}],"version-history":[{"count":5,"href":"https:\/\/www.inmadelvalle.com\/en\/wp-json\/wp\/v2\/posts\/61803\/revisions"}],"predecessor-version":[{"id":61831,"href":"https:\/\/www.inmadelvalle.com\/en\/wp-json\/wp\/v2\/posts\/61803\/revisions\/61831"}],"wp:featuredmedia":[{"embeddable":true,"href":"https:\/\/www.inmadelvalle.com\/en\/wp-json\/wp\/v2\/media\/61813"}],"wp:attachment":[{"href":"https:\/\/www.inmadelvalle.com\/en\/wp-json\/wp\/v2\/media?parent=61803"}],"wp:term":[{"taxonomy":"category","embeddable":true,"href":"https:\/\/www.inmadelvalle.com\/en\/wp-json\/wp\/v2\/categories?post=61803"},{"taxonomy":"post_tag","embeddable":true,"href":"https:\/\/www.inmadelvalle.com\/en\/wp-json\/wp\/v2\/tags?post=61803"}],"curies":[{"name":"wp","href":"https:\/\/api.w.org\/{rel}","templated":true}]}}